{"id":9998,"date":"2023-06-09T14:43:58","date_gmt":"2023-06-09T11:43:58","guid":{"rendered":"https:\/\/marmarayerelhizmet.com\/?p=9998"},"modified":"2023-06-09T14:43:58","modified_gmt":"2023-06-09T11:43:58","slug":"esenyurtta-mahallede-senlik-var","status":"publish","type":"post","link":"https:\/\/marmarayerelhizmet.com\/index.php\/2023\/06\/09\/esenyurtta-mahallede-senlik-var\/","title":{"rendered":"Esenyurt&#8217;ta \u2018Mahallede \u015eenlik Var\u2019"},"content":{"rendered":"<p><span style=\"font-size: 14px;\"><strong><span style=\"font-family: arial, helvetica, sans-serif;\">Esenyurt\u2019ta ilki ger\u00e7ekle\u015ftirilen \u2018Mahallede \u015eenlik Var\u2019 etkinli\u011finde 7\u2019den 70\u2019e t\u00fcm vatanda\u015flar e\u011flence dolu bir ak\u015fam ya\u015fad\u0131. \u015eenlikte vatanda\u015flarla bir araya gelen Esenyurt Belediye Ba\u015fkan\u0131 Kemal Deniz Bozkurt, hizmetlerini anlatarak, sohbet etti.<br \/>\n<\/span><\/strong><\/span><br \/>\n<span style=\"font-family: arial, helvetica, sans-serif; font-size: 14px;\">Esenyurt Belediyesi\u2019nin yaz ak\u015famlar\u0131na renk katmak amac\u0131yla d\u00fczenledi\u011fi \u201cMahallede \u015eenlik Var\u201d etkinli\u011finin ilki ger\u00e7ekle\u015fti. Gencinden ya\u015fl\u0131s\u0131na kadar her ya\u015f grubunu bir araya getiren ve ortak bir co\u015fkuda bulu\u015fturan \u015fenlik etkinli\u011finde sihirbaz, jonkl\u00f6r ve animasyon ekibinden olu\u015fan \u00f6zel g\u00f6steri grubu gibi \u00e7e\u015fitli \u015fovlar\u0131n yan\u0131 s\u0131ra b\u00fcy\u00fckler i\u00e7in de konserler d\u00fczenlendi. \u015eenli\u011fe kat\u0131lan Esenyurt Belediye Ba\u015fkan\u0131 Kemal Deniz Bozkurt da hizmetlerini vatanda\u015flara anlatman\u0131n yan\u0131 s\u0131ra onlarla sohbet ederek taleplerini dinledi.<\/span><\/p>\n<p><span style=\"font-size: 14px;\"><strong><span style=\"font-family: arial, helvetica, sans-serif;\">\u015eenli\u011fin co\u015fkusu t\u00fcm mahallelere yay\u0131lacak<\/span><\/strong><\/span><br \/>\n<span style=\"font-family: arial, helvetica, sans-serif; font-size: 14px;\">Yaz aylar\u0131 boyunca farkl\u0131 mahallelerde d\u00fczenlenecek \u015fenlik, ilk g\u00fcn\u00fcnde vatanda\u015flar\u0131n ilgi oda\u011f\u0131 oldu. \u00c7ok say\u0131da ki\u015finin kat\u0131ld\u0131\u011f\u0131 ve renkli g\u00f6r\u00fcnt\u00fclere sahne olan etkinlikte aileler ve \u00e7ocuklar doyas\u0131ya e\u011flendi. Ayr\u0131ca alanda kurulan Mahalle Afet G\u00f6n\u00fcll\u00fcleri stand\u0131 ile g\u00f6n\u00fcll\u00fc olmak isteyenler form doldururken Esenyurt Belediyesi \u0130stihdam Merkezi(ESB\u0130M) stand\u0131 ile de i\u015f arayan vatanda\u015flara destek sa\u011fland\u0131.<\/span><\/p>\n<p><span style=\"font-size: 14px;\"><strong><span style=\"font-family: arial, helvetica, sans-serif;\">\u201cHayat\u0131n zorluklar\u0131na kar\u015f\u0131 birlikte direnece\u011fiz\u201d<\/span><\/strong><\/span><br \/>\n<span style=\"font-family: arial, helvetica, sans-serif; font-size: 14px;\">Yapt\u0131\u011f\u0131 konu\u015fmada Esenyurt\u2019un mutluluk \u015fehrine d\u00f6n\u00fc\u015fece\u011fini s\u00f6yleyen Ba\u015fkan Bozkurt, \u2018Mahallede \u015eenlik Var\u2019 Bizim uzun s\u00fcredir d\u00fc\u015f\u00fcnd\u00fc\u011f\u00fcm\u00fcz bir \u00e7al\u0131\u015fmayd\u0131. Pandemiden dolay\u0131 aksad\u0131. Buradaki amac\u0131m\u0131z mahallelerde vatanda\u015flar\u0131m\u0131zla bir araya gelmek, bulu\u015fmak, onlarla sorunlar\u0131m\u0131z\u0131 konu\u015fmak, bug\u00fcne kadar neler yapt\u0131k, bundan sonra Esenyurt ile ilgili neler planl\u0131yoruz bunlar\u0131 payla\u015faca\u011f\u0131z. Hayat\u0131n zorluklar\u0131na kar\u015f\u0131 birlikte direnece\u011fiz. El ele verip birbirimize destek vererek devam edece\u011fiz. Esenyurt\u2019u umudun \u015fehri olmaktan \u00e7\u0131kar\u0131p mutluluk \u015fehrine d\u00f6n\u00fc\u015ft\u00fcrece\u011fiz\u201d dedi.<\/span><\/p>\n<p><span style=\"font-size: 14px;\"><strong><span style=\"font-family: arial, helvetica, sans-serif;\">\u201cBu kadar \u00e7al\u0131\u015fman\u0131n yap\u0131ld\u0131\u011f\u0131n\u0131 bilmiyorduk\u201d<\/span><\/strong><\/span><br \/>\n<span style=\"font-family: arial, helvetica, sans-serif; font-size: 14px;\">Mahalle k\u00fclt\u00fcr\u00fcn\u00fcn ya\u015fat\u0131lmas\u0131ndan dolay\u0131 \u00e7ok mutlu oldu\u011funu s\u00f6yleyen Emel Kartal \u015f\u00f6yle konu\u015ftu: \u201c\u00c7ocuklar\u0131m\u0131z\u0131n mahalle k\u00fclt\u00fcr\u00fcn\u00fc \u00f6\u011frenmesi bizim a\u00e7\u0131m\u0131zdan \u00e7ok \u00f6nemliydi. Bu t\u00fcr etkinlikler devam ederse \u00e7ok mutlu olaca\u011f\u0131z. Bu kadar etkinlik ve \u00e7al\u0131\u015fman\u0131n yap\u0131ld\u0131\u011f\u0131n\u0131 bilmiyorduk. Sinevizyonu izlerken fark\u0131na vard\u0131k. \u00d6zel \u00e7ocuklar\u0131m\u0131za yap\u0131lan yat\u0131r\u0131mlar bizi \u00e7ok mutlu etti. Bundan dolay\u0131 Belediye Ba\u015fkan\u0131m\u0131za te\u015fekk\u00fcr ediyorum.\u201d \u0130lkay Soykan ise \u015funlar\u0131 ekledi: \u201cVerimli \u00e7al\u0131\u015fmalar. \u00d6zellikle vatanda\u015fla i\u00e7 i\u00e7e olunuyor. Hem de insanlar online ortamda \u00e7ok fazla g\u00f6r\u00fc\u015ft\u00fcler art\u0131k y\u00fcz y\u00fcze daha \u00e7ok g\u00f6r\u00fc\u015fmeye ba\u015flad\u0131lar. Ramazanda da bu etkinlikler \u00e7ok yayg\u0131nla\u015fm\u0131\u015ft\u0131. Bu etkinlikleri \u00e7ok olumlu buluyorum.\u201d<\/span><\/p>\n","protected":false},"excerpt":{"rendered":"<p>Esenyurt\u2019ta ilki ger\u00e7ekle\u015ftirilen \u2018Mahallede \u015eenlik Var\u2019 etkinli\u011finde 7\u2019den 70\u2019e t\u00fcm vatanda\u015flar e\u011flence dolu bir ak\u015fam ya\u015fad\u0131. \u015eenlikte vatanda\u015flarla bir araya<\/p>\n","protected":false},"author":3,"featured_media":10008,"comment_status":"open","ping_status":"open","sticky":false,"template":"","format":"standard","meta":{"colormag_page_container_layout":"default_layout","colormag_page_sidebar_layout":"default_layout","footnotes":""},"categories":[1,5,8],"tags":[],"class_list":["post-9998","post","type-post","status-publish","format-standard","has-post-thumbnail","hentry","category-genel","category-gundem","category-siyaset"],"_links":{"self":[{"href":"https:\/\/marmarayerelhizmet.com\/index.php\/wp-json\/wp\/v2\/posts\/9998","targetHints":{"allow":["GET"]}}],"collection":[{"href":"https:\/\/marmarayerelhizmet.com\/index.php\/wp-json\/wp\/v2\/posts"}],"about":[{"href":"https:\/\/marmarayerelhizmet.com\/index.php\/wp-json\/wp\/v2\/types\/post"}],"author":[{"embeddable":true,"href":"https:\/\/marmarayerelhizmet.com\/index.php\/wp-json\/wp\/v2\/users\/3"}],"replies":[{"embeddable":true,"href":"https:\/\/marmarayerelhizmet.com\/index.php\/wp-json\/wp\/v2\/comments?post=9998"}],"version-history":[{"count":0,"href":"https:\/\/marmarayerelhizmet.com\/index.php\/wp-json\/wp\/v2\/posts\/9998\/revisions"}],"wp:featuredmedia":[{"embeddable":true,"href":"https:\/\/marmarayerelhizmet.com\/index.php\/wp-json\/wp\/v2\/media\/10008"}],"wp:attachment":[{"href":"https:\/\/marmarayerelhizmet.com\/index.php\/wp-json\/wp\/v2\/media?parent=9998"}],"wp:term":[{"taxonomy":"category","embeddable":true,"href":"https:\/\/marmarayerelhizmet.com\/index.php\/wp-json\/wp\/v2\/categories?post=9998"},{"taxonomy":"post_tag","embeddable":true,"href":"https:\/\/marmarayerelhizmet.com\/index.php\/wp-json\/wp\/v2\/tags?post=9998"}],"curies":[{"name":"wp","href":"https:\/\/api.w.org\/{rel}","templated":true}]}}