{"id":9997,"date":"2023-06-09T14:43:55","date_gmt":"2023-06-09T11:43:55","guid":{"rendered":"https:\/\/marmarayerelhizmet.com\/?p=9997"},"modified":"2023-06-09T14:43:55","modified_gmt":"2023-06-09T11:43:55","slug":"buyukcekmecede-meclis-oturumu","status":"publish","type":"post","link":"https:\/\/marmarayerelhizmet.com\/index.php\/2023\/06\/09\/buyukcekmecede-meclis-oturumu\/","title":{"rendered":"B\u00fcy\u00fck\u00e7ekmece&#8217;de Meclis Oturumu"},"content":{"rendered":"<p><span style=\"font-size: 14px;\"><strong><span style=\"font-family: arial, helvetica, sans-serif;\">B\u00fcy\u00fck\u00e7ekmece Belediyesinin Haziran ay\u0131 Meclis Toplant\u0131s\u0131&#8217;n\u0131n ikinci oturumu Belediye Ba\u015fkan\u0131 Dr. Hasan Akg\u00fcn ba\u015fkanl\u0131\u011f\u0131nda ger\u00e7ekle\u015fti.<br \/>\n<\/span><\/strong><\/span><br \/>\n<span style=\"font-family: arial, helvetica, sans-serif; font-size: 14px;\">Bir \u00f6nceki mecliste ilgili komisyonlara havale edilen maddeler, komisyon raporlar\u0131 do\u011frultusunda m\u00fczakere edilerek karara ba\u011fland\u0131. G\u00fcndem maddeleri aras\u0131nda yer alan 2023 Y\u0131l\u0131 Mali B\u00fct\u00e7esi\u2019ne \u201cEk B\u00fct\u00e7e\u201d talebi de oy\u00e7oklu\u011fuyla kabul edildi. Buna g\u00f6re B\u00fcy\u00fck\u00e7ekmece Belediyesi 459 milyon TL\u2019lik ek b\u00fct\u00e7e i\u00e7in meclisten onay ald\u0131.<\/span><\/p>\n<p><span style=\"font-size: 14px;\"><strong><span style=\"font-family: arial, helvetica, sans-serif;\">\u201cDeprem her bir belediyenin b\u00fcy\u00fck bir kayna\u011f\u0131n\u0131 g\u00f6t\u00fcrd\u00fc\u201d<\/span><\/strong><\/span><br \/>\n<span style=\"font-family: arial, helvetica, sans-serif; font-size: 14px;\">Ek b\u00fct\u00e7e talebi hakk\u0131nda meclisi bilgilendiren B\u00fcy\u00fck\u00e7ekmece Belediye Ba\u015fkan\u0131 Dr. Hasan Akg\u00fcn, T\u00fcrkiye\u2019nin son y\u0131llarda Covid-19 salg\u0131n\u0131 ve ba\u015fta deprem olmak \u00fczere \u00f6nemli do\u011fal afetlerle kar\u015f\u0131 kar\u015f\u0131ya kald\u0131\u011f\u0131n\u0131 belirterek \u015f\u00f6yle konu\u015ftu:<\/span><br \/>\n<span style=\"font-family: arial, helvetica, sans-serif; font-size: 14px;\">\u201cDeprem her bir belediyenin b\u00fcy\u00fck bir kayna\u011f\u0131n\u0131 g\u00f6t\u00fcrd\u00fc. Bu ger\u00e7ekleri de unutmay\u0131n. Biz \u015fu anda hala Samanda\u011f il\u00e7esine depremzede vatanda\u015flar\u0131m\u0131z i\u00e7in prefabrik ev yap\u0131yoruz. \u00dclkenin ger\u00e7eklerini g\u00f6z ard\u0131 edemeyiz. B\u00fcy\u00fck\u00e7ekmece\u2019de yollarda sorun var m\u0131yd\u0131? Vard\u0131. Ge\u00e7en sene 130 bin tona yak\u0131n asfalt d\u00f6kt\u00fck. Bu sene de 100 bin ton asfalt d\u00f6kece\u011fiz. Tretuvar, ayd\u0131nlatma imalatlar\u0131 hari\u00e7. Tepecik ayr\u0131 \u00f6nem verilen yer. Asfalt kaz\u0131l\u0131yor, yenisi d\u00f6k\u00fcl\u00fcyor. Ba\u015fka yerlerde Celaliye, Kamiloba, Kumburgaz, G\u00fczelce\u2019den \u00e7\u0131karsan\u0131z e\u011fer ana caddelerde neler yapt\u0131\u011f\u0131m\u0131z\u0131, G\u00fczelce-Sinanoba aras\u0131nda neler yapt\u0131\u011f\u0131m\u0131z\u0131 g\u00f6rebilirsiniz. \u015eimdi P\u0131nartepe taraf\u0131na ge\u00e7ece\u011fiz.\u201d<\/span><\/p>\n<p><span style=\"font-size: 14px;\"><strong><span style=\"font-family: arial, helvetica, sans-serif;\">\u201cO tarihte kim diyebilirdi ki dolar 24 TL olacak\u201d<\/span><\/strong><\/span><br \/>\n<span style=\"font-family: arial, helvetica, sans-serif; font-size: 14px;\">Plan B\u00fct\u00e7e Komisyonu \u00dcyesi Murat Er\u00e7a\u011f, 459 milyon TL tutar\u0131nda ek b\u00fct\u00e7e art\u0131\u015f\u0131 talebi oldu\u011funu belirterek, \u201cAsl\u0131nda toplam maa\u015flar 500 milyon TL. Y\u00fczde 50 oran\u0131nda bir maa\u015f art\u0131\u015f\u0131 \u00f6ng\u00f6r\u00fcl\u00fcyor. Bu da otomatikman bu 459 milyon TL b\u00fct\u00e7enin 250 milyonun zaten maa\u015f art\u0131\u015flar\u0131na gidece\u011fini g\u00f6stermektedir. Biz b\u00fct\u00e7emizi ge\u00e7ti\u011fimiz y\u0131l A\u011fustos ay\u0131nda planlad\u0131k. Do\u011fal olarak bu maa\u015f zamlar\u0131n\u0131 yapmak zorunday\u0131z. EYT \u00f6demelerini kar\u015f\u0131lamak zorunday\u0131z&#8221; dedi.<\/span><\/p>\n","protected":false},"excerpt":{"rendered":"<p>B\u00fcy\u00fck\u00e7ekmece Belediyesinin Haziran ay\u0131 Meclis Toplant\u0131s\u0131&#8217;n\u0131n ikinci oturumu Belediye Ba\u015fkan\u0131 Dr. Hasan Akg\u00fcn ba\u015fkanl\u0131\u011f\u0131nda ger\u00e7ekle\u015fti. Bir \u00f6nceki mecliste ilgili komisyonlara<\/p>\n","protected":false},"author":3,"featured_media":10007,"comment_status":"open","ping_status":"open","sticky":false,"template":"","format":"standard","meta":{"colormag_page_container_layout":"default_layout","colormag_page_sidebar_layout":"default_layout","footnotes":""},"categories":[1,5,8],"tags":[],"class_list":["post-9997","post","type-post","status-publish","format-standard","has-post-thumbnail","hentry","category-genel","category-gundem","category-siyaset"],"_links":{"self":[{"href":"https:\/\/marmarayerelhizmet.com\/index.php\/wp-json\/wp\/v2\/posts\/9997","targetHints":{"allow":["GET"]}}],"collection":[{"href":"https:\/\/marmarayerelhizmet.com\/index.php\/wp-json\/wp\/v2\/posts"}],"about":[{"href":"https:\/\/marmarayerelhizmet.com\/index.php\/wp-json\/wp\/v2\/types\/post"}],"author":[{"embeddable":true,"href":"https:\/\/marmarayerelhizmet.com\/index.php\/wp-json\/wp\/v2\/users\/3"}],"replies":[{"embeddable":true,"href":"https:\/\/marmarayerelhizmet.com\/index.php\/wp-json\/wp\/v2\/comments?post=9997"}],"version-history":[{"count":0,"href":"https:\/\/marmarayerelhizmet.com\/index.php\/wp-json\/wp\/v2\/posts\/9997\/revisions"}],"wp:featuredmedia":[{"embeddable":true,"href":"https:\/\/marmarayerelhizmet.com\/index.php\/wp-json\/wp\/v2\/media\/10007"}],"wp:attachment":[{"href":"https:\/\/marmarayerelhizmet.com\/index.php\/wp-json\/wp\/v2\/media?parent=9997"}],"wp:term":[{"taxonomy":"category","embeddable":true,"href":"https:\/\/marmarayerelhizmet.com\/index.php\/wp-json\/wp\/v2\/categories?post=9997"},{"taxonomy":"post_tag","embeddable":true,"href":"https:\/\/marmarayerelhizmet.com\/index.php\/wp-json\/wp\/v2\/tags?post=9997"}],"curies":[{"name":"wp","href":"https:\/\/api.w.org\/{rel}","templated":true}]}}