{"id":9986,"date":"2023-06-08T15:13:11","date_gmt":"2023-06-08T12:13:11","guid":{"rendered":"https:\/\/marmarayerelhizmet.com\/?p=9986"},"modified":"2023-06-08T15:13:11","modified_gmt":"2023-06-08T12:13:11","slug":"minik-eller-cop-topladi","status":"publish","type":"post","link":"https:\/\/marmarayerelhizmet.com\/index.php\/2023\/06\/08\/minik-eller-cop-topladi\/","title":{"rendered":"Minik Eller \u00c7\u00f6p Toplad\u0131"},"content":{"rendered":"<p><strong><span style=\"font-family: arial, helvetica, sans-serif; font-size: 14px;\">B\u00fcy\u00fck\u00e7ekmece Belediyesi koordinesiyle B\u00fcy\u00fck\u00e7ekmece Sahili\u2019nde bir araya gelen ekseriyeetini ilk okul \u00f6\u011frencilerinin olu\u015fturdu\u011fu minikler, plajdaki \u00e7\u00f6pleri temizleyerek, b\u00fcy\u00fcklerine temiz \u00e7evre mesaj\u0131 verdi.<br \/>\n<\/span><\/strong><br \/>\n<span style=\"font-family: arial, helvetica, sans-serif; font-size: 14px;\">B\u00fcy\u00fck\u00e7ekmece Belediyesi taraf\u0131ndan 8 Haziran \u2018Marmara Denizi G\u00fcn\u00fc\u2019 etkinli\u011fi \u00e7er\u00e7evesinde Kordon\u2019da bir etkinlik d\u00fczenlendi. D\u00fczenlenen etkinlik \u00e7er\u00e7evesinde ekseriyetini ilkokul \u00f6\u011frencilerinin olu\u015fturdu\u011fu minikler eldivenlerini takarak plaja at\u0131lan \u00e7\u00f6pleri tek tek toplad\u0131. B\u00fcy\u00fcklere temiz \u00e7evre mesaj\u0131 veren \u00e7ocuklara program\u0131nda ard\u0131ndan B\u00fcy\u00fck\u00e7ekmece Belediye Ba\u015fkan\u0131 Hasan Akg\u00fcn taraf\u0131ndan madalya verildi. Programda ayr\u0131ca B\u00fcy\u00fck\u00e7ekmece\u2019deki fahri \u00e7evre g\u00f6n\u00fcll\u00fclerine de plaketleri de yine Ba\u015fkan Akg\u00fcn taraf\u0131ndan verildi.<\/span><br \/>\n<span style=\"font-family: arial, helvetica, sans-serif; font-size: 14px;\">\u00c7evre temizli\u011fi program\u0131na kat\u0131lan miniklerden Ceren Ya\u011fmur Soydan, \u201c \u00c7\u00f6p kutular\u0131 var \u00e7\u00f6pleri oralara ats\u0131nlar. \u00c7\u00f6pleri denize atmas\u0131n kimse denizlerdeki bir s\u00fcr\u00fc bal\u0131klar \u00f6l\u00fcyor\u201d dedi.<\/span><br \/>\n<span style=\"font-family: arial, helvetica, sans-serif; font-size: 14px;\">Etkinli\u011fe kat\u0131lan bir di\u011fer \u00e7ocuk Eslem \u015een Kahveci, \u201cBurada \u00e7\u00f6pleri topluyoruz ki denizimiz insanlar\u0131m\u0131z ve hayvanlar\u0131m\u0131z zarar g\u00f6rmesin. Ya\u015f\u0131tlar\u0131m da yerlere b\u00fcy\u00fck ya da k\u00fc\u00e7\u00fck \u00e7\u00f6p atmas\u0131nlar. \u0130nsanlara, hayvanlara, denizimize zarar vermesinler\u201d diye konu\u015ftu.<\/span><\/p>\n<p><strong><span style=\"font-family: arial, helvetica, sans-serif; font-size: 14px;\">\u201c340 lira para cezas\u0131 kesilecek\u201d<\/span><\/strong><br \/>\n<span style=\"font-family: arial, helvetica, sans-serif; font-size: 14px;\">Etkinlik sonunda bir a\u00e7\u0131klama yapan Ba\u015fkan Akg\u00fcn bug\u00fcnden itibaren sahilde yere \u00e7\u00f6p atan herkese zab\u0131ta taraf\u0131ndan 340 lira para cezas\u0131 kesilece\u011fini ifade ederek, \u201cMarmara Belediyesi ile beraber alm\u0131\u015f oldu\u011fumuz karar istikametinde bug\u00fcn B\u00fcy\u00fck\u00e7ekmece Sahili\u2019nde denizdeki at\u0131klar\u0131 \u00f6zellikle, denize bo\u015f \u015fi\u015felerin at\u0131ld\u0131\u011f\u0131n\u0131 g\u00f6r\u00fcyoruz, bunun gibi temizliklere dikkat \u00e7ekecek \u015fekilde b\u00f6lgemizin okullar\u0131 ile bir etkinlik yapt\u0131k. Yani \u00e7ocuklar b\u00fcy\u00fcklerin dikkatini \u00e7ekti. Denize girebilir buraya gelenler ama \u015fehrimizin kirletilmesine m\u00fcsaade etmeyece\u011fiz. \u00c7evreyi kirletenlere para cezas\u0131 kesece\u011fiz. Her at\u0131lan \u00e7\u00f6p i\u00e7in 340 lira kesece\u011fiz. Bir ki\u015fi g\u00fcnde 50 kez bile olsa para cezas\u0131 kesebiliriz. Bug\u00fcnden itibaren bu b\u00f6lge i\u00e7in 25 zab\u0131ta i\u015fe ald\u0131k. Bu 25 zab\u0131tan\u0131n g\u00f6revi B\u00fcy\u00fck\u00e7ekmece Kordonu\u2019nda yere \u00e7\u00f6p atana 340 lira para cezas\u0131 kesilecek. \u0130stanbul halk\u0131n\u0131n yaz\u0131n \u00f6zellikle sayfiye yeridir B\u00fcy\u00fck\u00e7ekmece. Buralar p\u0131r\u0131l p\u0131r\u0131l ama gelip buray\u0131 kirletmeye kimsenin hakk\u0131 yok. Bunu hep birlikte engelleyece\u011fiz\u201d \u015feklinde konu\u015ftu.<\/span><\/p>\n","protected":false},"excerpt":{"rendered":"<p>B\u00fcy\u00fck\u00e7ekmece Belediyesi koordinesiyle B\u00fcy\u00fck\u00e7ekmece Sahili\u2019nde bir araya gelen ekseriyeetini ilk okul \u00f6\u011frencilerinin olu\u015fturdu\u011fu minikler, plajdaki \u00e7\u00f6pleri temizleyerek, b\u00fcy\u00fcklerine temiz \u00e7evre<\/p>\n","protected":false},"author":3,"featured_media":9990,"comment_status":"open","ping_status":"open","sticky":false,"template":"","format":"standard","meta":{"colormag_page_container_layout":"default_layout","colormag_page_sidebar_layout":"default_layout","footnotes":""},"categories":[1,5,8],"tags":[],"class_list":["post-9986","post","type-post","status-publish","format-standard","has-post-thumbnail","hentry","category-genel","category-gundem","category-siyaset"],"_links":{"self":[{"href":"https:\/\/marmarayerelhizmet.com\/index.php\/wp-json\/wp\/v2\/posts\/9986","targetHints":{"allow":["GET"]}}],"collection":[{"href":"https:\/\/marmarayerelhizmet.com\/index.php\/wp-json\/wp\/v2\/posts"}],"about":[{"href":"https:\/\/marmarayerelhizmet.com\/index.php\/wp-json\/wp\/v2\/types\/post"}],"author":[{"embeddable":true,"href":"https:\/\/marmarayerelhizmet.com\/index.php\/wp-json\/wp\/v2\/users\/3"}],"replies":[{"embeddable":true,"href":"https:\/\/marmarayerelhizmet.com\/index.php\/wp-json\/wp\/v2\/comments?post=9986"}],"version-history":[{"count":0,"href":"https:\/\/marmarayerelhizmet.com\/index.php\/wp-json\/wp\/v2\/posts\/9986\/revisions"}],"wp:featuredmedia":[{"embeddable":true,"href":"https:\/\/marmarayerelhizmet.com\/index.php\/wp-json\/wp\/v2\/media\/9990"}],"wp:attachment":[{"href":"https:\/\/marmarayerelhizmet.com\/index.php\/wp-json\/wp\/v2\/media?parent=9986"}],"wp:term":[{"taxonomy":"category","embeddable":true,"href":"https:\/\/marmarayerelhizmet.com\/index.php\/wp-json\/wp\/v2\/categories?post=9986"},{"taxonomy":"post_tag","embeddable":true,"href":"https:\/\/marmarayerelhizmet.com\/index.php\/wp-json\/wp\/v2\/tags?post=9986"}],"curies":[{"name":"wp","href":"https:\/\/api.w.org\/{rel}","templated":true}]}}