{"id":9966,"date":"2023-06-07T22:29:43","date_gmt":"2023-06-07T19:29:43","guid":{"rendered":"https:\/\/marmarayerelhizmet.com\/?p=9966"},"modified":"2023-06-08T01:34:01","modified_gmt":"2023-06-07T22:34:01","slug":"esenlerde-miniklerden-anlamli-defile","status":"publish","type":"post","link":"https:\/\/marmarayerelhizmet.com\/index.php\/2023\/06\/07\/esenlerde-miniklerden-anlamli-defile\/","title":{"rendered":"Esenler&#8217;de Miniklerden Anlaml\u0131 Defile"},"content":{"rendered":"<p><strong><span style=\"font-family: arial, helvetica, sans-serif; font-size: 14px;\">Esenlerli minikler geri d\u00f6n\u00fc\u015f\u00fcmden k\u0131yafetler ve e\u015fyalar tasarlad\u0131lar. Tasarlad\u0131klar\u0131 k\u0131yafetlerin mankenli\u011fini yaparak defilede boy g\u00f6steren \u00e7ocuklar \u2018\u00c7\u00f6p Deyip Ge\u00e7me, Geri D\u00f6n\u00fc\u015f\u00fcmden Vazge\u00e7me\u2019 slogan\u0131yla j\u00fcri ve izleyenlerden b\u00fcy\u00fck be\u011feni toplad\u0131.<br \/>\n<\/span><\/strong><br \/>\n<span style=\"font-family: arial, helvetica, sans-serif; font-size: 14px;\">Esenler Belediyesi Kad\u0131n ve Aile Hizmetleri M\u00fcd\u00fcrl\u00fc\u011f\u00fc\u2019ne ba\u011fl\u0131 Dede Torun Ya\u015fam Merkezi\u2019nde, 4-6 ya\u015f grubundaki Esenlerli \u00e7ocuklar, \u00c7evre Koruma Haftas\u0131\u2019nda geleneksel hale gelen \u2018Geri D\u00f6n\u00fc\u015f\u00fcm Defilesi\u2019 i\u00e7in aileleri ile birlikte g\u00fcnlerce k\u0131yafet tasarlad\u0131. \u00c7ocuklar, at\u0131k po\u015fet, k\u00e2\u011f\u0131t, plastik gibi malzemelerle hem birbirinden \u015f\u0131k k\u0131yafetler ortaya \u00e7\u0131kard\u0131lar. \u00c7ocuklar, milli ve yerli TOGG ve TCG Anadolu ara\u00e7lar\u0131n\u0131 da geri d\u00f6n\u00fc\u015f\u00fcmden maket haline getirerek sergiledi.<\/span><br \/>\n<span style=\"font-family: arial, helvetica, sans-serif; font-size: 14px;\">Tasar\u0131mlar\u0131 kadar hayal g\u00fcc\u00fc de kuvvetli \u00e7ocuklar, s\u00fcper kahramanlardan astronota, gemiyi karadan y\u00fcr\u00fcten askerden ayakl\u0131 oyuncaklara kadar bir\u00e7ok \u00f6zel tasar\u0131mla dikkatleri \u00fczerlerine \u00e7ektiler. Evlerinde tasarlad\u0131klar\u0131 k\u0131yafetleri Dede Torun Ya\u015fam Merkezi\u2019nin bah\u00e7esinde haz\u0131rlanan \u00f6zel podyumda j\u00fcri \u00fcyelerine tan\u0131tan \u00e7ocuklar\u0131n heyecan\u0131 y\u00fczlerinden okunuyordu.<\/span><br \/>\n<span style=\"font-family: arial, helvetica, sans-serif; font-size: 14px;\">J\u00fcri \u00fcyeleri, 83 \u00e7ocu\u011fun ba\u015far\u0131yla tamamlad\u0131\u011f\u0131 projeler i\u00e7erisinden en iyisini se\u00e7mekte olduk\u00e7a zorland\u0131. De\u011ferlendirmelerin sonucunda M. Emir Uyan\u0131k, \u201cGemiyi karadan y\u00fcr\u00fcten asker\u201d kost\u00fcm\u00fcyle birinci olurken, Emine Hira Demir, \u201c\u0130stanbul Han\u0131mefendisi\u201d ile ikinci, Erva K\u0131ra\u00e7 da \u201cCad\u0131\u201d kost\u00fcm\u00fcyle \u00fc\u00e7\u00fcnc\u00fc oldu. Birinciye bisiklet, ikinciye ve \u00fc\u00e7\u00fcnc\u00fcye scooter, ilk 10\u2019a giren \u00e7ocuklara paten ve t\u00fcm kat\u0131l\u0131mc\u0131lara da yapboz hediye edildi.<\/span><\/p>\n<p><strong><span style=\"font-family: arial, helvetica, sans-serif; font-size: 14px;\">&#8220;Gelecek, bug\u00fcn yapt\u0131klar\u0131m\u0131zla \u015fekillenir&#8221;<\/span><\/strong><br \/>\n<span style=\"font-family: arial, helvetica, sans-serif; font-size: 14px;\">Defilede konu\u015fan Esenler Belediye Ba\u015fkan Yard\u0131mc\u0131s\u0131 Abd\u00fclkadir \u015eeng\u00f6r, \u00e7evre konusunda ailelere b\u00fcy\u00fck g\u00f6revler d\u00fc\u015ft\u00fc\u011f\u00fcn\u00fc hat\u0131rlatarak, \u201cGeri d\u00f6n\u00fc\u015f\u00fcme verece\u011fimiz katk\u0131yla \u00e7evremizi daha temiz tutaca\u011f\u0131z, yavrular\u0131m\u0131z\u0131n gelece\u011fini daha ya\u015fan\u0131labilir hale getirece\u011fiz. Unutmayal\u0131m ki gelecek, bug\u00fcn yapt\u0131klar\u0131m\u0131zla \u015fekillenecektir. Bu defileyle \u00e7evre dostu olmaya dikkat \u00e7eken yavrular\u0131m\u0131z\u0131, \u00f6\u011fretmenlerini ve t\u00fcm velilerimizi tebrik ediyorum\u201d dedi.<\/span><\/p>\n","protected":false},"excerpt":{"rendered":"<p>Esenlerli minikler geri d\u00f6n\u00fc\u015f\u00fcmden k\u0131yafetler ve e\u015fyalar tasarlad\u0131lar. Tasarlad\u0131klar\u0131 k\u0131yafetlerin mankenli\u011fini yaparak defilede boy g\u00f6steren \u00e7ocuklar \u2018\u00c7\u00f6p Deyip Ge\u00e7me, Geri<\/p>\n","protected":false},"author":3,"featured_media":9971,"comment_status":"open","ping_status":"open","sticky":false,"template":"","format":"standard","meta":{"colormag_page_container_layout":"default_layout","colormag_page_sidebar_layout":"default_layout","footnotes":""},"categories":[1,5,8],"tags":[],"class_list":["post-9966","post","type-post","status-publish","format-standard","has-post-thumbnail","hentry","category-genel","category-gundem","category-siyaset"],"_links":{"self":[{"href":"https:\/\/marmarayerelhizmet.com\/index.php\/wp-json\/wp\/v2\/posts\/9966","targetHints":{"allow":["GET"]}}],"collection":[{"href":"https:\/\/marmarayerelhizmet.com\/index.php\/wp-json\/wp\/v2\/posts"}],"about":[{"href":"https:\/\/marmarayerelhizmet.com\/index.php\/wp-json\/wp\/v2\/types\/post"}],"author":[{"embeddable":true,"href":"https:\/\/marmarayerelhizmet.com\/index.php\/wp-json\/wp\/v2\/users\/3"}],"replies":[{"embeddable":true,"href":"https:\/\/marmarayerelhizmet.com\/index.php\/wp-json\/wp\/v2\/comments?post=9966"}],"version-history":[{"count":0,"href":"https:\/\/marmarayerelhizmet.com\/index.php\/wp-json\/wp\/v2\/posts\/9966\/revisions"}],"wp:featuredmedia":[{"embeddable":true,"href":"https:\/\/marmarayerelhizmet.com\/index.php\/wp-json\/wp\/v2\/media\/9971"}],"wp:attachment":[{"href":"https:\/\/marmarayerelhizmet.com\/index.php\/wp-json\/wp\/v2\/media?parent=9966"}],"wp:term":[{"taxonomy":"category","embeddable":true,"href":"https:\/\/marmarayerelhizmet.com\/index.php\/wp-json\/wp\/v2\/categories?post=9966"},{"taxonomy":"post_tag","embeddable":true,"href":"https:\/\/marmarayerelhizmet.com\/index.php\/wp-json\/wp\/v2\/tags?post=9966"}],"curies":[{"name":"wp","href":"https:\/\/api.w.org\/{rel}","templated":true}]}}