{"id":9945,"date":"2023-06-07T13:49:34","date_gmt":"2023-06-07T10:49:34","guid":{"rendered":"https:\/\/marmarayerelhizmet.com\/?p=9945"},"modified":"2023-06-07T13:49:34","modified_gmt":"2023-06-07T10:49:34","slug":"baskani-bozkurt-sokaklari-supurdu","status":"publish","type":"post","link":"https:\/\/marmarayerelhizmet.com\/index.php\/2023\/06\/07\/baskani-bozkurt-sokaklari-supurdu\/","title":{"rendered":"Ba\u015fkan\u0131 Bozkurt Sokaklar\u0131 S\u00fcp\u00fcrd\u00fc"},"content":{"rendered":"<p><strong><span style=\"font-family: arial, helvetica, sans-serif; font-size: 14px;\">Esenyurt Belediye Ba\u015fkan\u0131 Kemal Deniz Bozkurt, D\u00fcnya \u00c7evre G\u00fcn\u00fc\u2019nde fark\u0131ndal\u0131k olu\u015fturmak amac\u0131yla belediye personelleriyle birlikte sokaklar\u0131 s\u00fcp\u00fcrd\u00fc.<br \/>\n<\/span><\/strong><br \/>\n<span style=\"font-family: arial, helvetica, sans-serif; font-size: 14px;\">D\u00fcnya \u00c7evre G\u00fcn\u00fc\u2019nde fark\u0131ndal\u0131k amac\u0131yla eline s\u00fcp\u00fcrge ve k\u00fcrek alan Esenyurt Belediye Ba\u015fkan\u0131 Kemal Deniz Bozkurt sokaklar\u0131 s\u00fcp\u00fcrd\u00fc. Esenyurt Belediyesi Seyhan Kahraman K\u00fclt\u00fcr Merkezi \u00f6n\u00fcnde ba\u015flayan \u00e7al\u0131\u015fmada daha temiz bir il\u00e7e ve vatanda\u015flar\u0131n temizlik konusunda daha fazla \u015fuurlanmas\u0131 i\u00e7in cadde ve sokaklar\u0131 s\u00fcp\u00fcren Bozkurt\u2019a belediye ba\u015fkan yard\u0131mc\u0131lar\u0131 ve personellerde e\u015flik etti.<br \/>\n<\/span><br \/>\n<strong><span style=\"font-family: arial, helvetica, sans-serif; font-size: 14px;\">Vatanda\u015flara \u00e7evreci mataralar hediye edildi<\/span><\/strong><br \/>\n<span style=\"font-family: arial, helvetica, sans-serif; font-size: 14px;\">\u00c7evreye zarar vermemek ad\u0131na plastik \u015fi\u015fe kullan\u0131m\u0131n\u0131n azalt\u0131lmas\u0131na dikkat \u00e7ekmek i\u00e7in belediye k\u00fct\u00fcphanelerine ders \u00e7al\u0131\u015fmaya gelen gen\u00e7lere ve vatanda\u015flara cam matara hediye eden Ba\u015fkan Bozkurt, hem \u00e7evreye kar\u015f\u0131 daha duyarl\u0131 olmalar\u0131 konusunda ricada bulundu hem de il\u00e7e ile ilgili sorunlar\u0131n\u0131 da dinleyerek \u00e7\u00f6z\u00fcm yollar\u0131 arad\u0131.<\/span><\/p>\n<p><strong><span style=\"font-family: arial, helvetica, sans-serif; font-size: 14px;\">&#8220;Sokaklar\u0131m\u0131za sahip \u00e7\u0131kal\u0131m\u201d<\/span><\/strong><br \/>\n<span style=\"font-family: arial, helvetica, sans-serif; font-size: 14px;\">Temiz bir \u00e7evre i\u00e7in kentte ya\u015fayan herkesin \u00fczerine d\u00fc\u015fen sorumlulu\u011fu yerine getirmesi gerekti\u011fini s\u00f6yleyen Esenyurt Belediye Ba\u015fkan\u0131 Kemal Deniz Bozkurt, \u201c\u00c7evre ile ne kadar uyumlu ya\u015farsak o kadar mutlu ve huzurlu oluruz. Esenyurt, maalesef alt yap\u0131s\u0131 ve \u00fcst yap\u0131s\u0131nda bir\u00e7ok sorunu bar\u0131nd\u0131ran bir kent. Kentin n\u00fcfus yo\u011funlu\u011fu \u00e7ok fazla. Ye\u015fil alanlar\u0131m\u0131z ve yol alanlar\u0131m\u0131z yetersiz. Metrekare ba\u015f\u0131na d\u00fc\u015fen insan fazla oldu\u011fu i\u00e7in de bir\u00e7ok at\u0131k oluyor ve bu at\u0131klar\u0131 toplamak da zor oluyor. Bu zor \u015fartlara ra\u011fmen g\u00fcnde 1000 ton evsel at\u0131k topluyoruz. Bizim bu zorluklarla m\u00fccadele etmemiz laz\u0131m. Kentte ya\u015fayan herkesin \u00fczerine d\u00fc\u015fen sorumluluklar\u0131 yerine getirmesi ve belediyenin de at\u0131klar\u0131 toplayarak, de\u011ferlendirmesi durumunda mutlu ve huzurlu ya\u015fayabiliriz. Ben Esenyurtlulardan sokaklar\u0131na sahip \u00e7\u0131kmalar\u0131n\u0131 rica ediyorum. Siz sokaklar\u0131n\u0131za sahip \u00e7\u0131karsan\u0131z \u00e7ocuklar\u0131n\u0131za g\u00fczel bir gelecek b\u0131rakabilirsiniz\u201d dedi.<\/span><\/p>\n","protected":false},"excerpt":{"rendered":"<p>Esenyurt Belediye Ba\u015fkan\u0131 Kemal Deniz Bozkurt, D\u00fcnya \u00c7evre G\u00fcn\u00fc\u2019nde fark\u0131ndal\u0131k olu\u015fturmak amac\u0131yla belediye personelleriyle birlikte sokaklar\u0131 s\u00fcp\u00fcrd\u00fc. D\u00fcnya \u00c7evre G\u00fcn\u00fc\u2019nde<\/p>\n","protected":false},"author":3,"featured_media":9952,"comment_status":"open","ping_status":"open","sticky":false,"template":"","format":"standard","meta":{"colormag_page_container_layout":"default_layout","colormag_page_sidebar_layout":"default_layout","footnotes":""},"categories":[1,5,8],"tags":[],"class_list":["post-9945","post","type-post","status-publish","format-standard","has-post-thumbnail","hentry","category-genel","category-gundem","category-siyaset"],"_links":{"self":[{"href":"https:\/\/marmarayerelhizmet.com\/index.php\/wp-json\/wp\/v2\/posts\/9945","targetHints":{"allow":["GET"]}}],"collection":[{"href":"https:\/\/marmarayerelhizmet.com\/index.php\/wp-json\/wp\/v2\/posts"}],"about":[{"href":"https:\/\/marmarayerelhizmet.com\/index.php\/wp-json\/wp\/v2\/types\/post"}],"author":[{"embeddable":true,"href":"https:\/\/marmarayerelhizmet.com\/index.php\/wp-json\/wp\/v2\/users\/3"}],"replies":[{"embeddable":true,"href":"https:\/\/marmarayerelhizmet.com\/index.php\/wp-json\/wp\/v2\/comments?post=9945"}],"version-history":[{"count":0,"href":"https:\/\/marmarayerelhizmet.com\/index.php\/wp-json\/wp\/v2\/posts\/9945\/revisions"}],"wp:featuredmedia":[{"embeddable":true,"href":"https:\/\/marmarayerelhizmet.com\/index.php\/wp-json\/wp\/v2\/media\/9952"}],"wp:attachment":[{"href":"https:\/\/marmarayerelhizmet.com\/index.php\/wp-json\/wp\/v2\/media?parent=9945"}],"wp:term":[{"taxonomy":"category","embeddable":true,"href":"https:\/\/marmarayerelhizmet.com\/index.php\/wp-json\/wp\/v2\/categories?post=9945"},{"taxonomy":"post_tag","embeddable":true,"href":"https:\/\/marmarayerelhizmet.com\/index.php\/wp-json\/wp\/v2\/tags?post=9945"}],"curies":[{"name":"wp","href":"https:\/\/api.w.org\/{rel}","templated":true}]}}