{"id":9855,"date":"2023-06-02T14:48:39","date_gmt":"2023-06-02T11:48:39","guid":{"rendered":"https:\/\/marmarayerelhizmet.com\/?p=9855"},"modified":"2023-06-02T14:48:39","modified_gmt":"2023-06-02T11:48:39","slug":"genc-tiyatrocular-esenlerde-sahnede","status":"publish","type":"post","link":"https:\/\/marmarayerelhizmet.com\/index.php\/2023\/06\/02\/genc-tiyatrocular-esenlerde-sahnede\/","title":{"rendered":"Gen\u00e7 Tiyatrocular Esenler\u2019de Sahnede"},"content":{"rendered":"<p><strong><span style=\"font-family: arial, helvetica, sans-serif; font-size: 14px;\">Esenler Belediyesi taraf\u0131ndan bu y\u0131l 2\u2019ncisi d\u00fczenlenen ESEV Tiyatro G\u00fcnleri ba\u015flad\u0131. ESEV Tiyatro Okulu\u2019nda e\u011fitim alan \u00f6\u011frencilerin performanslar\u0131n\u0131 sergiledi\u011fi Tiyatro G\u00fcnleri&#8217;nde \u00e7ok say\u0131da oyun perde a\u00e7acak.<br \/>\n<\/span><\/strong><br \/>\n<span style=\"font-family: arial, helvetica, sans-serif; font-size: 14px;\">Esenler Belediyesi, il\u00e7ede e\u011fitim alan \u00f6\u011frencileri tiyatro sahnesinde bulu\u015fturdu. Bu y\u0131l 2\u2019nci kez perde a\u00e7an ESEV Tiyatro G\u00fcnleri\u2019nde 4 g\u00fcn boyunca liseli gen\u00e7ler performanslar\u0131n\u0131 sergileyecek. Dr. Kadir Topba\u015f K\u00fclt\u00fcr Sanat Merkezi\u2019nde ger\u00e7ekle\u015fen Tiyatro G\u00fcnleri kapsam\u0131nda ESEV Tiyatro Okulu\u2019nda e\u011fitim alan gen\u00e7ler, oyunculu\u011fa dair pek \u00e7ok bilgiyi de \u00f6\u011frenme f\u0131rsat\u0131 yakal\u0131yor. 2. ESEV Tiyatro G\u00fcnleri\u2019nde \u0130TO 15 Temmuz \u015eehitleri Anadolu Lisesi \u2018\u00c7anakkale Destan\u0131\u2019, At\u0131\u015falan\u0131 Anadolu Lisesi \u2018Antigone\u2019, \u2018Bir Garip \u0130zdiva\u00e7\u2019, \u0130brahim Turhan Anadolu Lisesi \u2018M\u00fcrebbiye\u2019 ve \u2018Cerrah\u2019, Atat\u00fcrk Anadolu Lisesi \u2018Hababam S\u0131n\u0131f\u0131\u2019, G\u00fczide \u00d6zdilek K\u0131z Anadolu \u0130mam Hatip Lisesi \u2018Bo\u011fulan Adam\u2019, \u2018Oyunculuk S\u0131n\u0131f\u0131\u2019, \u2018Bi\u00e7\u00e2re Kad\u0131n\u2019, Amiral Vehbi Ziya D\u00fcmer Anadolu Lisesi \u2018Foto\u011fraf\u00e7\u0131 (Orta Oyunu)\u2019, Menderes Anadolu Lisesi \u2018Hastal\u0131k Hastas\u0131\u2019, Turgut Reis Mesleki ve Teknik Anadolu Lisesi \u2018Tartuffe\u2019 ve \u015eehir T\u00fcrkmen Tekin Anadolu Lisesi de \u2018Oyun Nas\u0131l Oynanmal\u0131?\u2019 adl\u0131 oyunlarla izleyiciyle bulu\u015facak.<\/span><\/p>\n<p><strong><span style=\"font-family: arial, helvetica, sans-serif; font-size: 14px;\">&#8220;Bu i\u015f fedakarl\u0131k gerektiriyor&#8221;<\/span><\/strong><br \/>\n<span style=\"font-family: arial, helvetica, sans-serif; font-size: 14px;\">2. ESEV Tiyatro G\u00fcnleri\u2019nin koordinat\u00f6rl\u00fc\u011f\u00fcn\u00fc y\u00fcr\u00fcten tiyatro e\u011fitmeni Nedim \u00c7a\u011flar, \u201cOcak ay\u0131ndan bu yana At\u0131\u015falan\u0131 Anadolu Lisesi, Atat\u00fcrk Anadolu Lisesi ve \u0130brahim Turhan Anadolu Lisesi ile \u00e7al\u0131\u015ft\u0131m. \u0130lgi g\u00fczeldi. \u00c7o\u011fu \u00f6\u011frencinin tiyatroya ilgisi var ama farkl\u0131 alanlara da ilgileri var. \u00c7al\u0131\u015fmalar ders saatlerinin d\u0131\u015f\u0131nda oldu\u011fu i\u00e7in bu i\u015f fedakarl\u0131k gerekiyor. Ders saatleri i\u00e7inde oldu\u011fu zaman da kim ger\u00e7ekten hevesli, kim dersten kaytarmak i\u00e7in geliyor, bu pek anla\u015f\u0131lm\u0131yor ama bu zorlu bir s\u00fcre\u00e7. Kimi \u00f6\u011frencilerimiz de s\u0131nav dolay\u0131s\u0131yla b\u0131rakt\u0131. Bu her kursta oluyor\u201d \u015feklinde konu\u015ftu.<\/span><br \/>\n<span style=\"font-family: arial, helvetica, sans-serif; font-size: 14px;\">\u00c7a\u011flar, \u201c20 senedir e\u011fitmenlik yap\u0131yorum. \u00d6\u011frencilerime \u00f6nce bir alt\u0131n bileziklerinin olmas\u0131n\u0131 s\u00f6ylerim. Bir hobi ve ek gelir olarak tiyatro yapmalar\u0131n\u0131 s\u00f6ylerim onlara. Yani tiyatrocu olmak isteyenler, bu i\u015fin \u00e7ok me\u015fakkatli oldu\u011funu ve maddi-manevi zorluklar\u0131 oldu\u011funu bilmeliler. Ben 35 senedir tiyatro oyunculu\u011fu yap\u0131yorum. Elektrik teknisyenli\u011fi yaparken senelerce tiyatroyla u\u011fra\u015ft\u0131m. \u00d6\u011frencilerime e\u011fitim almalar\u0131n\u0131 tavsiye ediyorum. \u00d6zellikle bu e\u011fitimler i\u00e7e kapan\u0131k \u00e7ocuklar\u0131n \u00f6zg\u00fcvenli olmalar\u0131n\u0131 sa\u011fl\u0131yor. Sahne sanatlar\u0131n\u0131n t\u00fcm\u00fc, diksiyonu ve beden dilini geli\u015ftirme a\u00e7\u0131s\u0131ndan b\u00fcy\u00fck kazan\u0131mlar sa\u011fl\u0131yor\u201d ifadelerini kulland\u0131.<\/span><\/p>\n<p><strong><span style=\"font-family: arial, helvetica, sans-serif; font-size: 14px;\">&#8220;Sosyalle\u015fmemizi sa\u011fl\u0131yor&#8221;<\/span><\/strong><br \/>\n<span style=\"font-family: arial, helvetica, sans-serif; font-size: 14px;\">At\u0131\u015falan\u0131 Anadolu Lisesi \u00f6\u011frencisi Melda Ba\u015f\u00e7\u0131, \u201cTiyatroya \u00e7ocukluktan beri ilgim vard\u0131 ama tiyatro yapmaya hi\u00e7 f\u0131rsat\u0131m olmad\u0131. Bu sene de kat\u0131lmak istedim ve ilk defa tiyatro sahnesine \u00e7\u0131kt\u0131m. Bu etkinlikten de okul sayesinde haberdar oldum. Biraz heyecanl\u0131y\u0131m ama bunu dizginlemeye \u00e7al\u0131\u015f\u0131yorum. \u00c7\u00fcnk\u00fc e\u011fer heyecan yaparsam her \u015feyi unuturum ve elim aya\u011f\u0131m titrer. G\u00fcnl\u00fck hayatta insanlarla nas\u0131l ileti\u015fime ge\u00e7iyorsam sahnede de onu yapaca\u011f\u0131m. Bug\u00fcn Orta Oyunu oynayaca\u011f\u0131z. Ben bu oyunda Bolulu, Kavuklu\u2019nun kar\u0131s\u0131 ve kay\u0131nvalideyi oynayaca\u011f\u0131m. Bu proje bizim i\u00e7in \u00e7ok g\u00fczel bir f\u0131rsat oldu. Buras\u0131 bizim sosyalle\u015fmemize katk\u0131 sa\u011fl\u0131yor. Tiyatroyu hobi olarak s\u00fcrd\u00fcrmeyi d\u00fc\u015f\u00fcn\u00fcyorum\u201d dedi.<\/span><\/p>\n","protected":false},"excerpt":{"rendered":"<p>Esenler Belediyesi taraf\u0131ndan bu y\u0131l 2\u2019ncisi d\u00fczenlenen ESEV Tiyatro G\u00fcnleri ba\u015flad\u0131. ESEV Tiyatro Okulu\u2019nda e\u011fitim alan \u00f6\u011frencilerin performanslar\u0131n\u0131 sergiledi\u011fi Tiyatro<\/p>\n","protected":false},"author":3,"featured_media":9857,"comment_status":"open","ping_status":"open","sticky":false,"template":"","format":"standard","meta":{"colormag_page_container_layout":"default_layout","colormag_page_sidebar_layout":"default_layout","footnotes":""},"categories":[1,5,6,8],"tags":[],"class_list":["post-9855","post","type-post","status-publish","format-standard","has-post-thumbnail","hentry","category-genel","category-gundem","category-kultur-sanat","category-siyaset"],"_links":{"self":[{"href":"https:\/\/marmarayerelhizmet.com\/index.php\/wp-json\/wp\/v2\/posts\/9855","targetHints":{"allow":["GET"]}}],"collection":[{"href":"https:\/\/marmarayerelhizmet.com\/index.php\/wp-json\/wp\/v2\/posts"}],"about":[{"href":"https:\/\/marmarayerelhizmet.com\/index.php\/wp-json\/wp\/v2\/types\/post"}],"author":[{"embeddable":true,"href":"https:\/\/marmarayerelhizmet.com\/index.php\/wp-json\/wp\/v2\/users\/3"}],"replies":[{"embeddable":true,"href":"https:\/\/marmarayerelhizmet.com\/index.php\/wp-json\/wp\/v2\/comments?post=9855"}],"version-history":[{"count":0,"href":"https:\/\/marmarayerelhizmet.com\/index.php\/wp-json\/wp\/v2\/posts\/9855\/revisions"}],"wp:featuredmedia":[{"embeddable":true,"href":"https:\/\/marmarayerelhizmet.com\/index.php\/wp-json\/wp\/v2\/media\/9857"}],"wp:attachment":[{"href":"https:\/\/marmarayerelhizmet.com\/index.php\/wp-json\/wp\/v2\/media?parent=9855"}],"wp:term":[{"taxonomy":"category","embeddable":true,"href":"https:\/\/marmarayerelhizmet.com\/index.php\/wp-json\/wp\/v2\/categories?post=9855"},{"taxonomy":"post_tag","embeddable":true,"href":"https:\/\/marmarayerelhizmet.com\/index.php\/wp-json\/wp\/v2\/tags?post=9855"}],"curies":[{"name":"wp","href":"https:\/\/api.w.org\/{rel}","templated":true}]}}