{"id":9847,"date":"2023-06-02T12:40:06","date_gmt":"2023-06-02T09:40:06","guid":{"rendered":"https:\/\/marmarayerelhizmet.com\/?p=9847"},"modified":"2023-06-02T12:40:06","modified_gmt":"2023-06-02T09:40:06","slug":"el-emegi-urunler-gorucuye-cikti","status":"publish","type":"post","link":"https:\/\/marmarayerelhizmet.com\/index.php\/2023\/06\/02\/el-emegi-urunler-gorucuye-cikti\/","title":{"rendered":"El Eme\u011fi \u00dcr\u00fcnler G\u00f6r\u00fcc\u00fcye \u00c7\u0131kt\u0131"},"content":{"rendered":"<p><strong><span style=\"font-family: arial, helvetica, sans-serif; font-size: 14px;\">Esenyurt Belediyesi b\u00fcnyesindeki kurslarda e\u011fitim alan kad\u0131nlar\u0131n \u00fcretti\u011fi \u00fcr\u00fcnler sergiyle ta\u00e7land\u0131. Kursiyerlerin \u00fcretti\u011fi el eme\u011fi \u00fcr\u00fcnleri be\u011feniyle inceleyen Esenyurt Belediye Ba\u015fkan\u0131 Kemal Deniz Bozkurt, kad\u0131nlara olan desteklerini her alanda s\u00fcrd\u00fcreceklerini belirtti.<br \/>\n<\/span><\/strong><br \/>\n<span style=\"font-family: arial, helvetica, sans-serif; font-size: 14px;\">Esenyurt Belediyesi, il\u00e7edeki kad\u0131nlar\u0131n ekonomik \u00f6zg\u00fcrl\u00fcklerini kazanmas\u0131 ve sanat alan\u0131nda geli\u015fmesini desteklemek amac\u0131yla \u00e7al\u0131\u015fmalar\u0131na devam ediyor. Esenyurtlu kad\u0131nlar\u0131n belediye b\u00fcnyesindeki k\u00fclt\u00fcr merkezlerinde ald\u0131\u011f\u0131 kurslarda \u00fcrettikleri el eme\u011fi \u00fcr\u00fcnler sergiyle ta\u00e7land\u0131. Marmara Park AVM Sergi Alan\u0131\u2019nda d\u00fczenlenen \u201cY\u0131l Sonu El Sanatlar\u0131 Sergisi\u201dnin a\u00e7\u0131l\u0131\u015f\u0131n\u0131 yapan Esenyurt Belediye Ba\u015fkan\u0131 Kemal Deniz Bozkurt, \u00fcr\u00fcnleri be\u011feniyle inceledi. El Sanatlar\u0131, \u00c7anta Tasar\u0131m\u0131, Heykel, Hal\u0131 Dokuma gibi alanlarda birbirinden g\u00fczel i\u015fler ortaya koyan kad\u0131nlar\u0131n yetenek dolu sergisi vatanda\u015flar taraf\u0131ndan yo\u011fun ilgiyle kar\u015f\u0131land\u0131.<\/span><\/p>\n<p><strong><span style=\"font-family: arial, helvetica, sans-serif; font-size: 14px;\">\u201cG\u00fczellikleri birbirimizle payla\u015faca\u011f\u0131z\u201d<\/span><\/strong><br \/>\n<span style=\"font-family: arial, helvetica, sans-serif; font-size: 14px;\">Sergi a\u00e7\u0131l\u0131\u015f\u0131nda emektar kad\u0131nlara olan desteklerini s\u00fcrd\u00fcreceklerini belirten Ba\u015fkan Bozkurt, \u201cBir\u00e7ok han\u0131mefendinin ve beyefendinin hayat g\u00fc\u00e7lerini geli\u015ftirmeye, onlar\u0131n hayallerinin nak\u015fedilmesine katk\u0131 sa\u011flayan bu \u00e7al\u0131\u015fmalar\u0131m\u0131z devam edecek. Korkmayaca\u011f\u0131z. Birbirimizden korkmayaca\u011f\u0131z. Bir arada duraca\u011f\u0131z. Hep beraber sorunlar\u0131m\u0131zla m\u00fccadele edece\u011fiz. Sorunlar bizden korkacak. \u00c7ok g\u00fczel \u00fcr\u00fcnler \u00fcretece\u011fiz. G\u00fczellikleri birbirimizle payla\u015faca\u011f\u0131z, dertle\u015fece\u011fiz. \u0130yi g\u00fcnde, k\u00f6t\u00fc g\u00fcnde birlikte olaca\u011f\u0131z ve b\u00f6ylelikle Allah\u2019\u0131n bize bah\u015fetti\u011fi bu g\u00fczel ya\u015fant\u0131y\u0131, mutlulukla, huzurla ya\u015fayaca\u011f\u0131z in\u015fallah. Esenyurt&#8217;u art\u0131k g\u00fczelliklerle anaca\u011f\u0131z, insanlar\u0131n mutlu oldu\u011fu bir \u015fehre d\u00f6n\u00fc\u015ft\u00fcrece\u011fiz\u201d diyerek eme\u011fi ge\u00e7en herkese te\u015fekk\u00fcr etti.<\/span><\/p>\n<p><strong><span style=\"font-family: arial, helvetica, sans-serif; font-size: 14px;\">\u201c\u00dcr\u00fcnlerimizin de\u011ferlendirilmesi \u00e7ok g\u00fczel\u201d<\/span><\/strong><br \/>\n<span style=\"font-family: arial, helvetica, sans-serif; font-size: 14px;\">Ortaya \u00e7\u0131kartt\u0131klar\u0131 \u00fcr\u00fcnlerin ilgi g\u00f6rmesinden mutluluk duydu\u011funu vurgulayan G\u00fcnay Atasoy, \u201c\u0130nsan hi\u00e7bir \u015fey bilmiyorken bir \u015feyler \u00f6\u011frenip, bunlar\u0131 sergileyip ve bunlar\u0131 satmas\u0131 inan\u0131lmaz mutluluk veriyor. El eme\u011fi, g\u00f6z nuru \u00fcr\u00fcnlerimizin de\u011ferlendirilmesi \u00e7ok g\u00fczel. Belediyenin bize verdi\u011fi imkanlar ayr\u0131ca \u00e7ok g\u00fczel. Bu y\u00fczden Belediye Ba\u015fkan\u0131 Kemal Deniz Bozkurt\u2019a te\u015fekk\u00fcrlerimi iletiyorum\u201d diye konu\u015furken, Zeynep Bazna ise \u201cYapt\u0131\u011f\u0131m\u0131z \u00fcr\u00fcnlerin sat\u0131l\u0131p sunulmas\u0131, \u00e7abalar\u0131m\u0131z\u0131n sonu\u00e7lanmas\u0131 bizi \u00e7ok mutlu ediyor. Her \u015fey daha g\u00fczel bir \u015fekilde devam edecek\u201d ifadelerini kulland\u0131.<\/span><\/p>\n","protected":false},"excerpt":{"rendered":"<p>Esenyurt Belediyesi b\u00fcnyesindeki kurslarda e\u011fitim alan kad\u0131nlar\u0131n \u00fcretti\u011fi \u00fcr\u00fcnler sergiyle ta\u00e7land\u0131. Kursiyerlerin \u00fcretti\u011fi el eme\u011fi \u00fcr\u00fcnleri be\u011feniyle inceleyen Esenyurt Belediye<\/p>\n","protected":false},"author":3,"featured_media":9851,"comment_status":"open","ping_status":"open","sticky":false,"template":"","format":"standard","meta":{"colormag_page_container_layout":"default_layout","colormag_page_sidebar_layout":"default_layout","footnotes":""},"categories":[1,5,6,8],"tags":[],"class_list":["post-9847","post","type-post","status-publish","format-standard","has-post-thumbnail","hentry","category-genel","category-gundem","category-kultur-sanat","category-siyaset"],"_links":{"self":[{"href":"https:\/\/marmarayerelhizmet.com\/index.php\/wp-json\/wp\/v2\/posts\/9847","targetHints":{"allow":["GET"]}}],"collection":[{"href":"https:\/\/marmarayerelhizmet.com\/index.php\/wp-json\/wp\/v2\/posts"}],"about":[{"href":"https:\/\/marmarayerelhizmet.com\/index.php\/wp-json\/wp\/v2\/types\/post"}],"author":[{"embeddable":true,"href":"https:\/\/marmarayerelhizmet.com\/index.php\/wp-json\/wp\/v2\/users\/3"}],"replies":[{"embeddable":true,"href":"https:\/\/marmarayerelhizmet.com\/index.php\/wp-json\/wp\/v2\/comments?post=9847"}],"version-history":[{"count":0,"href":"https:\/\/marmarayerelhizmet.com\/index.php\/wp-json\/wp\/v2\/posts\/9847\/revisions"}],"wp:featuredmedia":[{"embeddable":true,"href":"https:\/\/marmarayerelhizmet.com\/index.php\/wp-json\/wp\/v2\/media\/9851"}],"wp:attachment":[{"href":"https:\/\/marmarayerelhizmet.com\/index.php\/wp-json\/wp\/v2\/media?parent=9847"}],"wp:term":[{"taxonomy":"category","embeddable":true,"href":"https:\/\/marmarayerelhizmet.com\/index.php\/wp-json\/wp\/v2\/categories?post=9847"},{"taxonomy":"post_tag","embeddable":true,"href":"https:\/\/marmarayerelhizmet.com\/index.php\/wp-json\/wp\/v2\/tags?post=9847"}],"curies":[{"name":"wp","href":"https:\/\/api.w.org\/{rel}","templated":true}]}}