{"id":9842,"date":"2023-06-01T22:09:19","date_gmt":"2023-06-01T19:09:19","guid":{"rendered":"https:\/\/marmarayerelhizmet.com\/?p=9842"},"modified":"2023-06-01T22:09:19","modified_gmt":"2023-06-01T19:09:19","slug":"karesi-atik-merkezi-ogrencileri-agirliyor","status":"publish","type":"post","link":"https:\/\/marmarayerelhizmet.com\/index.php\/2023\/06\/01\/karesi-atik-merkezi-ogrencileri-agirliyor\/","title":{"rendered":"Karesi At\u0131k Merkezi \u00d6\u011frencileri A\u011f\u0131rl\u0131yor"},"content":{"rendered":"<p><strong><span style=\"font-family: arial, helvetica, sans-serif; font-size: 14px;\">Kat\u0131 At\u0131k Getirme Merkezi ile k\u00e2\u011f\u0131ttan metale, camdan plasti\u011fe kadar toplam 14 grup at\u0131\u011f\u0131 ayr\u0131\u015ft\u0131r\u0131p do\u011faya nefes olan Karesi Belediyesi, gelecek nesillerin \u00e7evre bilin\u00e7lerini geli\u015ftirmek i\u00e7in de \u00e7al\u0131\u015fmalar\u0131n\u0131 s\u00fcrd\u00fcr\u00fcyor. Karesi Belediye Ba\u015fkan\u0131 Din\u00e7er Orkan, At\u0131k Getirme Merkezi\u2019nde ilkokul \u00f6\u011frencilerini a\u011f\u0131rlad\u0131.<\/span><\/strong><\/p>\n<p><span style=\"font-family: arial, helvetica, sans-serif; font-size: 14px;\">Bal\u0131kesir\u2019in ilk At\u0131k Getirme Merkezi\u2019ni faaliyete ge\u00e7iren Karesi Belediyesi, \u00e7evreci ve s\u0131f\u0131r at\u0131k konular\u0131nda \u00f6nc\u00fc olmay\u0131 s\u00fcrd\u00fcr\u00fcyor. Merkezde k\u00e2\u011f\u0131ttan metale, camdan plasti\u011fe kadar toplam 14 grup at\u0131\u011f\u0131 ayr\u0131\u015ft\u0131r\u0131p do\u011faya nefes olan Karesi Belediyesi, gelecek nesillerin bilin\u00e7lenmesi i\u00e7in de \u00e7al\u0131\u015fmalar\u0131n\u0131 s\u00fcrd\u00fcr\u00fcyor. Karesi Belediyesi \u0130klim De\u011fi\u015fikli\u011fi ve S\u0131f\u0131r At\u0131k M\u00fcd\u00fcrl\u00fc\u011f\u00fc, At\u0131k Getirme Merkezinde Fatih \u0130lkokulu 4. S\u0131n\u0131f \u00f6\u011frencilerine do\u011fal varl\u0131klar\u0131n korunmas\u0131, t\u00fckenebilir varl\u0131klar\u0131n ve \u00e7evrenin bilin\u00e7li kullan\u0131lmas\u0131, enerjinin verimli kullan\u0131lmas\u0131, \u00e7evre dostu t\u00fcketim al\u0131\u015fkanl\u0131klar\u0131n\u0131n kazand\u0131r\u0131lmas\u0131 ve s\u0131f\u0131r at\u0131k konusunda fark\u0131ndal\u0131k kazand\u0131r\u0131lmas\u0131 amac\u0131yla S\u0131f\u0131r At\u0131k e\u011fitim \u00e7al\u0131\u015fmas\u0131 d\u00fczenledi. Kat\u0131 At\u0131k Merkezi\u2019ne misafir olan \u00f6\u011frenciler, Karesi Belediye Ba\u015fkan\u0131 Din\u00e7er Orkan\u2019\u0131n konu\u011fu oldu. \u00c7ocuklara merkezi gezdiren Ba\u015fkan Orkan, yine merkezde at\u0131klardan \u00fcretilen ku\u015f yuvalar\u0131n\u0131 \u00f6\u011frencilerle birlikte boyad\u0131.<img decoding=\"async\" class=\" wp-image-9844 alignright\" src=\"https:\/\/marmarayerelhizmet.com\/wp-content\/uploads\/2023\/06\/Karesi-Atik-Getirme-Merkezi-Ogrencileri-Agirliyor-10-300x200.jpg\" alt=\"\" width=\"511\" height=\"340\" srcset=\"https:\/\/marmarayerelhizmet.com\/wp-content\/uploads\/2023\/06\/Karesi-Atik-Getirme-Merkezi-Ogrencileri-Agirliyor-10-300x200.jpg 300w, https:\/\/marmarayerelhizmet.com\/wp-content\/uploads\/2023\/06\/Karesi-Atik-Getirme-Merkezi-Ogrencileri-Agirliyor-10-1024x682.jpg 1024w, https:\/\/marmarayerelhizmet.com\/wp-content\/uploads\/2023\/06\/Karesi-Atik-Getirme-Merkezi-Ogrencileri-Agirliyor-10-768x512.jpg 768w, https:\/\/marmarayerelhizmet.com\/wp-content\/uploads\/2023\/06\/Karesi-Atik-Getirme-Merkezi-Ogrencileri-Agirliyor-10-1536x1023.jpg 1536w, https:\/\/marmarayerelhizmet.com\/wp-content\/uploads\/2023\/06\/Karesi-Atik-Getirme-Merkezi-Ogrencileri-Agirliyor-10.jpg 1600w\" sizes=\"(max-width: 511px) 100vw, 511px\" \/><br \/>\n<\/span><br \/>\n<strong><span style=\"font-family: arial, helvetica, sans-serif; font-size: 14px;\">ORKAN: \u201cATIKLARIN GER\u0130 D\u00d6N\u00dc\u015e\u00dcM\u00dcN\u00dc SA\u011eLIYORUZ\u201d<\/span><\/strong><br \/>\n<span style=\"font-family: arial, helvetica, sans-serif; font-size: 14px;\">Karesi\u2019nin her ge\u00e7en g\u00fcn b\u00fcy\u00fcyen bir il\u00e7e oldu\u011funu ve n\u00fcfusunun 200 binlere ula\u015ft\u0131\u011f\u0131n\u0131 s\u00f6yleyen Ba\u015fkan Orkan, \u201cBuradan \u00f6nce Fen Depo olarak adland\u0131rd\u0131\u011f\u0131m\u0131z yerde; Fen \u0130\u015fleri, Park ve Bah\u00e7eler ve Temizlik \u0130\u015fleri M\u00fcd\u00fcrl\u00fcklerimiz vard\u0131. Temizlik i\u015fleri i\u00e7in ara\u00e7 park\u0131m\u0131z\u0131 b\u00fcy\u00fctt\u00fck. Oras\u0131 art\u0131k yetersiz gelmeye ba\u015flad\u0131. Almanya\u2019da karde\u015f \u015fehir gezimizde oradaki belediye ba\u015fkan\u0131m\u0131z bize Kat\u0131 At\u0131k Merkezi\u2019ni gezdirdi. Bundan \u00e7ok etkilendik. Bunun art\u0131k T\u00fcrkiye\u2019de, Bal\u0131kesir\u2019de de \u00f6zellikle Karesi\u2019de olmas\u0131 gerekti\u011fini d\u00fc\u015f\u00fcnd\u00fck. Bir\u00e7ok konuda \u00f6nc\u00fc bir il\u00e7eyiz. Bu konuda da \u00f6nc\u00fc olmak konusunda ad\u0131mlar att\u0131k. \u00c7evre ve \u015eehircilik Bakan\u0131m\u0131z Murat Kurum\u2019unda deste\u011fi ile At\u0131k Getirme Merkezimizin \u00e7al\u0131\u015fmalar\u0131na ba\u015flad\u0131k. Biz at\u0131k malzemelerin, \u00e7\u00f6pe gidecek malzemelerin burada geri d\u00f6n\u00fc\u015f\u00fcm\u00fcn\u00fc sa\u011fl\u0131yoruz. Geri d\u00f6n\u00fc\u015f\u00fcm \u00e7ok \u00f6nemli. Bir malzemenin s\u0131f\u0131rdan elde edilmesi s\u00fcrecinde, enerji, malzeme ve insan g\u00fcc\u00fc maliyetleri y\u00fcksek. Biz buras\u0131 ile b\u00fcy\u00fck bir avantaj elde etmi\u015f oluyoruz. Bu tesis ilerledik\u00e7e daha da geli\u015fecek\u201d dedi.<br \/>\n<\/span><br \/>\n<strong><span style=\"font-family: arial, helvetica, sans-serif; font-size: 14px;\">\u201cDEPREMZEDELER\u0130N EV E\u015eYASI \u0130HT\u0130YA\u00c7LARI KAR\u015eILANDI\u201d<\/span><\/strong><br \/>\n<span style=\"font-family: arial, helvetica, sans-serif; font-size: 14px;\">Karesi At\u0131k Getirme Merkezi\u2019nin sadece at\u0131klar\u0131 toplayan bir merkez olmad\u0131\u011f\u0131n\u0131 ifade eden Ba\u015fkan Orkan, merkezin sosyal yard\u0131mlarda da \u00f6nemli bir rol oynad\u0131\u011f\u0131n\u0131 belirtti. Orkan s\u00f6zlerini \u015f\u00f6yle s\u00fcrd\u00fcrd\u00fc: \u201cSosyal yard\u0131mlar konusunda belediyemiz b\u00fct\u00e7esi her sene katlanarak b\u00fcy\u00fcyor. G\u00f6rd\u00fc\u011f\u00fcm\u00fcz en b\u00fcy\u00fck problemlerden biri de e\u015fya. E\u015fya yard\u0131m\u0131yla ilgili ihtiya\u00e7 \u00e7ok do\u011fuyordu. Karesi Kaymakaml\u0131\u011f\u0131\u2019nda Sosyal Yard\u0131mla\u015fma Vakf\u0131\u2019n\u0131n Karesi Belediyesi do\u011fal \u00fcyesi. Orada bu ihtiya\u00e7 ile \u00e7ok kar\u015f\u0131la\u015f\u0131yorduk. Haz\u0131r b\u00f6yle bir tesis yapm\u0131\u015fken, yan\u0131nda da bir b\u00f6l\u00fcm\u00fc depo gibi olu\u015fturup buraya kullan\u0131lmayan ev e\u015fyalar\u0131n\u0131 bize vatanda\u015flar\u0131m\u0131z verdikleri taktirde kendi ustalar\u0131m\u0131zla onlar\u0131 yenileyerek, s\u0131f\u0131r malzeme gibi ihtiyac\u0131 olanlara veriyoruz. Bu konuda da \u00e7ok iyi durumday\u0131z. Allah bir daha milletimize devletimize g\u00f6stermesin. 6 \u015eubat\u2019taki depremde de bir\u00e7ok depremzedemiz Bal\u0131kesir\u2019e geldi. Onlar\u0131n e\u015fya ihtiyac\u0131n\u0131, halk\u0131m\u0131zdan da Allah raz\u0131 olsun buradan kar\u015f\u0131lad\u0131k. O kadar g\u00fczel bir i\u015f oldu, iyi ki bunu yapm\u0131\u015f\u0131z dedik.\u201d<br \/>\n<\/span><br \/>\n<strong><span style=\"font-family: arial, helvetica, sans-serif; font-size: 14px;\">BA\u015eKAN ORKAN: \u201c\u00c7EVREC\u0130 B\u0130R NES\u0130L YET\u0130\u015eT\u0130R\u0130YORUZ\u201d<\/span><\/strong><br \/>\n<span style=\"font-family: arial, helvetica, sans-serif; font-size: 14px;\">Tesisin e\u011fitim faaliyetlerine de destek oldu\u011funu belirten Karesi Belediye Ba\u015fkan\u0131 Din\u00e7er Orkan, her hafta bir grup \u00f6\u011frenciyi tesiste a\u011f\u0131rlad\u0131klar\u0131n\u0131 s\u00f6yledi. Tesiste \u00f6\u011frencilere s\u0131f\u0131r at\u0131k ve \u00e7evre bilinci konusunda bilgilendirmelerde bulunduklar\u0131n\u0131 ve at\u0131klardan elde edilen malzemelerin haz\u0131rlanmas\u0131na ortak ettiklerini vurgulayan Orkan, \u201c\u00d6\u011frencilerimize burada kat\u0131 at\u0131\u011f\u0131n ne demek oldu\u011funu, s\u0131f\u0131r at\u0131\u011f\u0131n nas\u0131l bir \u015fey oldu\u011fu gibi e\u011fitimlere ba\u015flad\u0131k. Bu i\u015fin e\u011fitim ile ba\u015flayaca\u011f\u0131n\u0131 d\u00fc\u015f\u00fcn\u00fcyoruz. E\u011fitim ile ba\u015far\u0131l\u0131 olursak en az\u0131ndan bir neslimiz b\u00f6yle yeti\u015fecek. \u015eu an at\u0131klar\u0131 biz topluyoruz. Ama \u00f6yle zaman gelecek ki buradaki b\u00f6lmelere vatanda\u015flar\u0131m\u0131z kendi getirip at\u0131klar\u0131n\u0131 b\u0131rakacak. Bal\u0131kesir\u2019de 20 il\u00e7e i\u00e7inde de bu tesisi kuran ilk biziz. Buna \u00f6nem veriyoruz il\u00e7e olarak. Daha iyi ve ba\u015far\u0131l\u0131 olmak istiyoruz. \u00d6\u011frencilerimiz kat\u0131 at\u0131ktan toplad\u0131\u011f\u0131m\u0131z malzemelerden yapt\u0131\u011f\u0131m\u0131 ku\u015f yuvalar\u0131 vard\u0131, \u00f6\u011frencilerimiz onlar\u0131 boyad\u0131. Bu sosyalle\u015fme ve \u00e7ocuklar\u0131n aktifle\u015fmesi \u00e7ok \u00f6nemli. Bu olgu \u00e7ok \u00f6nemli. Biz gelece\u011fimizi b\u00f6yle yeti\u015ftirirsek, daha h\u0131zl\u0131 ve g\u00fc\u00e7l\u00fc ilerleme kaydederiz. Bunun da \u00f6nc\u00fcs\u00fc Say\u0131n Cumhurba\u015fkan\u0131m\u0131z Recep Tayip Erdo\u011fan\u2019\u0131n e\u015fi Emine Erdo\u011fan han\u0131mefendinin ba\u015flatt\u0131\u011f\u0131 S\u0131f\u0131r At\u0131k Projesi. Bizde bunu Bal\u0131kesir olarak, Karesi olarak olu\u015fturdu\u011fumuz bu tesis ile destekliyoruz. \u00c7ocuklar\u0131m\u0131z\u0131n mutlulu\u011fu bizim mutlulu\u011fumuz. Hem \u00f6\u011freniyorlar hem de kendilerini geli\u015ftiriyorlar\u201d diye konu\u015ftu.<\/span><br \/>\n<span style=\"font-family: arial, helvetica, sans-serif; font-size: 14px;\">Ba\u015fkan Orkan, \u00f6\u011frencilere gezi sonunda Kat\u0131l\u0131m Belgesi vererek hat\u0131ra foto\u011fraf\u0131 \u00e7ektirdi.<br \/>\n<\/span><br \/>\n<strong><span style=\"font-family: arial, helvetica, sans-serif; font-size: 14px;\">ATIK GET\u0130RME MERKEZ\u0130 NELER KAZANDIRDI?<\/span><\/strong><br \/>\n<span style=\"font-family: arial, helvetica, sans-serif; font-size: 14px;\">Karesi At\u0131k Getirme Merkezi&#8217;nde bug\u00fcne kadar 10 ton metal at\u0131k topland\u0131. Toplanan metal at\u0131klar ile 13 kg hammadde tasarrufu, 950 kg sera gaz\u0131, 6420 KWh enerji tasarrufu, 30 metrek\u00fcp depolama alan\u0131 kazanc\u0131 sa\u011fland\u0131. Yine merkezde toplanan ah\u015fap at\u0131klardan 20 adet k\u00f6pek, 15 adet kedi, 30 adet ku\u015f evi imal edildi. Toplanan 600 kg plastik at\u0131klar kayna\u011f\u0131nda ayr\u0131\u015ft\u0131r\u0131larak; 24,60 kg sera gaz\u0131, 3464 KWh enerji tasarrufu, 1.38 metrek\u00fcp depolama alan\u0131 ve 9.78 varil petrol tasarrufu sa\u011fland\u0131.<\/span><\/p>\n","protected":false},"excerpt":{"rendered":"<p>Kat\u0131 At\u0131k Getirme Merkezi ile k\u00e2\u011f\u0131ttan metale, camdan plasti\u011fe kadar toplam 14 grup at\u0131\u011f\u0131 ayr\u0131\u015ft\u0131r\u0131p do\u011faya nefes olan Karesi Belediyesi,<\/p>\n","protected":false},"author":3,"featured_media":9845,"comment_status":"open","ping_status":"open","sticky":false,"template":"","format":"standard","meta":{"colormag_page_container_layout":"default_layout","colormag_page_sidebar_layout":"default_layout","footnotes":""},"categories":[45,1,5,8],"tags":[],"class_list":["post-9842","post","type-post","status-publish","format-standard","has-post-thumbnail","hentry","category-egitim","category-genel","category-gundem","category-siyaset"],"_links":{"self":[{"href":"https:\/\/marmarayerelhizmet.com\/index.php\/wp-json\/wp\/v2\/posts\/9842","targetHints":{"allow":["GET"]}}],"collection":[{"href":"https:\/\/marmarayerelhizmet.com\/index.php\/wp-json\/wp\/v2\/posts"}],"about":[{"href":"https:\/\/marmarayerelhizmet.com\/index.php\/wp-json\/wp\/v2\/types\/post"}],"author":[{"embeddable":true,"href":"https:\/\/marmarayerelhizmet.com\/index.php\/wp-json\/wp\/v2\/users\/3"}],"replies":[{"embeddable":true,"href":"https:\/\/marmarayerelhizmet.com\/index.php\/wp-json\/wp\/v2\/comments?post=9842"}],"version-history":[{"count":0,"href":"https:\/\/marmarayerelhizmet.com\/index.php\/wp-json\/wp\/v2\/posts\/9842\/revisions"}],"wp:featuredmedia":[{"embeddable":true,"href":"https:\/\/marmarayerelhizmet.com\/index.php\/wp-json\/wp\/v2\/media\/9845"}],"wp:attachment":[{"href":"https:\/\/marmarayerelhizmet.com\/index.php\/wp-json\/wp\/v2\/media?parent=9842"}],"wp:term":[{"taxonomy":"category","embeddable":true,"href":"https:\/\/marmarayerelhizmet.com\/index.php\/wp-json\/wp\/v2\/categories?post=9842"},{"taxonomy":"post_tag","embeddable":true,"href":"https:\/\/marmarayerelhizmet.com\/index.php\/wp-json\/wp\/v2\/tags?post=9842"}],"curies":[{"name":"wp","href":"https:\/\/api.w.org\/{rel}","templated":true}]}}