{"id":9837,"date":"2023-05-31T14:15:41","date_gmt":"2023-05-31T11:15:41","guid":{"rendered":"https:\/\/marmarayerelhizmet.com\/?p=9837"},"modified":"2023-06-01T14:19:02","modified_gmt":"2023-06-01T11:19:02","slug":"enerji-kentler-bbirligi-toplandi","status":"publish","type":"post","link":"https:\/\/marmarayerelhizmet.com\/index.php\/2023\/05\/31\/enerji-kentler-bbirligi-toplandi\/","title":{"rendered":"Enerji Kentler Bbirli\u011fi Topland\u0131"},"content":{"rendered":"<article id=\"post-13272\" class=\"post-13272 post type-post status-publish format-standard has-post-thumbnail hentry category-ekonomi category-genel category-ilceler\">\n<div class=\"article-content clearfix\">\n<div class=\"entry-content clearfix\">\n<p><span style=\"font-family: arial, helvetica, sans-serif; font-size: 14px;\"><strong>Enerji Kentleri Birli\u011fi Ola\u011fan Meclis Toplant\u0131s\u0131 Bal\u0131kesir B\u00fcy\u00fck\u015fehir Belediyesinin ev sahipli\u011finde Edremit \u2018te yap\u0131ld\u0131.<br \/>\n<\/strong><\/span><br \/>\n<span style=\"font-family: arial, helvetica, sans-serif; font-size: 14px;\">Enerji Kentleri Birli\u011fi ba\u015fkan\u0131 Denizli Belediye Ba\u015fkan\u0131 Osman Zolan ba\u015fkanl\u0131\u011f\u0131nda yap\u0131lan Meclis Toplant\u0131s\u0131nda Faaliyet, Kesin hesap ve Denetim raporlar\u0131 g\u00f6r\u00fc\u015f\u00fclerek Enc\u00fcmen se\u00e7in yap\u0131ld\u0131.<\/span><br \/>\n<span style=\"font-family: arial, helvetica, sans-serif; font-size: 14px;\">Meclis a\u00e7\u0131l\u0131\u015f\u0131nda bir konu\u015fma yapan Bal\u0131kesir B\u00fcy\u00fck\u015fehir Belediye Ba\u015fkan vekili Mehmet Birol \u015eahin yapt\u0131\u011f\u0131 konu\u015fmada \u201cYenilenebilir enerji kaynaklar\u0131 bak\u0131m\u0131ndan \u00f6ne \u00e7\u0131kan Bal\u0131kesir; r\u00fczgar, biyok\u00fctle, g\u00fcne\u015f enerjisi ve jeotermal enerji \u00fcretimi a\u00e7\u0131s\u0131ndan g\u00fc\u00e7l\u00fc bir potansiyele sahiptir.<\/span><br \/>\n<span style=\"font-family: arial, helvetica, sans-serif; font-size: 14px;\">Biz de Bal\u0131kesir B\u00fcy\u00fck\u015fehir Belediyesi olarak, il\u00e7e Belediyelerimiz ve \u015fehrimizin dinamikleriyle i\u015fbirli\u011fi i\u00e7erisinde Allah\u2019\u0131n bir l\u00fctfu olan bu kaynaklar\u0131n do\u011fru \u015fekilde kullan\u0131lmas\u0131 amac\u0131yla bir \u00e7ok \u00e7al\u0131\u015fmay\u0131 hayata ge\u00e7irerek yerel kalk\u0131nmaya, \u015fehrimiz ve \u00fclkemizin ekonomisine, istihdama katk\u0131 sa\u011fl\u0131yoruz.<\/span><br \/>\n<span style=\"font-family: arial, helvetica, sans-serif; font-size: 14px;\">D\u00fcnyadaki en b\u00fcy\u00fck kentsel iklim ve enerji inisiyatifi olan \u0130klim ve Enerji \u0130\u00e7in K\u00fcresel Belediye Ba\u015fkanlar\u0131 S\u00f6zle\u015fmesi\u2019ni imzalayarak Bal\u0131kesir \u2018i 2050\u2019ye kadar \u201cKarbonsuz Kent\u201d haline d\u00f6n\u00fc\u015ft\u00fcrme hedefimize emin ad\u0131mlarla ilerliyoruz.<\/span><br \/>\n<span style=\"font-family: arial, helvetica, sans-serif; font-size: 14px;\">Hayata ge\u00e7irdi\u011fimiz her yat\u0131r\u0131m\u0131n \u00c7evreye duyarl\u0131 olmas\u0131na ve katma de\u011feri y\u00fcksek i\u015fler \u00fcretmesine \u00f6zen g\u00f6steriyoruz.<\/span><br \/>\n<span style=\"font-family: arial, helvetica, sans-serif; font-size: 14px;\">\u015eehrimizin her k\u00f6\u015fesinde ger\u00e7ekle\u015ftirdi\u011fimiz LED ayd\u0131nlatma gibi rutin Belediyecilik i\u015flerinin yan\u0131 s\u0131ra; kapal\u0131 pazar yerlerinin ve belediye hizmet binalar\u0131m\u0131z\u0131n \u00e7at\u0131lar\u0131na G\u00fcne\u015f Enerji Santralleri kuruyoruz.<\/span><br \/>\n<span style=\"font-family: arial, helvetica, sans-serif; font-size: 14px;\">Sebze ve meyvelerin jeotermal de\u015farj suyu kullan\u0131larak kurtuldu\u011fu do\u011fa dostu Sebze ve Meyve Kurutma Tesisi\u2019ni S\u0131nd\u0131rg\u0131 il\u00e7emizde kurduk. Burada hem \u00e7ift\u00e7i kad\u0131nlar\u0131m\u0131za ve gen\u00e7lerimize istihdam sa\u011fl\u0131yor, \u00fcreticilerimizi destekliyor hem de vatanda\u015flar\u0131m\u0131z\u0131 g\u00fcvenli g\u0131da ile bulu\u015fturuyoruz.<\/span><br \/>\n<span style=\"font-family: arial, helvetica, sans-serif; font-size: 14px;\">Toplu Ta\u015f\u0131mada temiz, \u00e7evreci enerjiye \u00f6ncelik vererek do\u011fa dostu, \u00e7evre ve g\u00fcr\u00fclt\u00fc kirlili\u011fini en aza indiren s\u0131k\u0131\u015ft\u0131r\u0131lm\u0131\u015f do\u011fal gazla \u00e7al\u0131\u015fan otob\u00fcsler kullan\u0131yoruz.<\/span><br \/>\n<span style=\"font-family: arial, helvetica, sans-serif; font-size: 14px;\">\u00c7evrenin korunmas\u0131, at\u0131klar\u0131n uygun bir bi\u00e7imde y\u00f6netilmesi ve geri kazan\u0131lanilir at\u0131klar\u0131n kayna\u011f\u0131nda ayr\u0131 ayr\u0131 toplanarak d\u00f6ng\u00fcsel ekonomiye katk\u0131 sa\u011flamas\u0131 amac\u0131yla \u201cS\u0131f\u0131r At\u0131k Caddeleri\u201d olu\u015fturduk.Cadde boyunca yerle\u015ftirdi\u011fimiz Mobil At\u0131k Getirme Merkezleri\u201d ile elektronik at\u0131k, tekstil at\u0131\u011f\u0131, at\u0131k pil, bitkisel ya\u011flar\u0131 ayr\u0131 ayr\u0131 toplay\u0131p ekonomiye kazand\u0131r\u0131yoruz.<\/span><br \/>\n<span style=\"font-family: arial, helvetica, sans-serif; font-size: 14px;\">T\u00fcrkiye\u2019de bir ilki ger\u00e7ekle\u015ftirerek \u201cS\u0131f\u0131r At\u0131k Adalar\u0131 Projesi\u201dni hayata ge\u00e7irdik. Gelecek nesillere daha temiz ve daha ya\u015fanabilir bir \u00e7evre b\u0131rakmak amac\u0131yla t\u00fcm ko\u015fullar\u0131n\u0131 sa\u011flad\u0131\u011f\u0131m\u0131z Ekinlik Adas\u0131 T\u00fcrkiye\u2019nin ilk At\u0131ks\u0131z Ada\u2019s\u0131 olarak tarihe ge\u00e7ti.<b><\/b><\/span><br \/>\n<span style=\"font-family: arial, helvetica, sans-serif; font-size: 14px;\">Vah\u015fi Depolama alanlar\u0131n\u0131n \u00e7evreye verdi\u011fi zararlar\u0131 en aza indirebilmek i\u00e7in 2 milyon 800 bin metrek\u00fcp at\u0131\u011f\u0131 rehabilite ederek 81 futbol sahas\u0131 b\u00fcy\u00fckl\u00fc\u011f\u00fcnde bir alan\u0131 \u00e7evreye zarars\u0131z bir hale getirdik.<\/span><br \/>\n<span style=\"font-family: arial, helvetica, sans-serif; font-size: 14px;\">T\u00fcrkiye\u2019nin en \u00f6nemli \u00e7evre projelerinden olan Kat\u0131 At\u0131k Elektrik \u00dcretim Tesisimizde y\u0131ll\u0131k ortalama 450 bin ton \u00e7\u00f6p\u00fc i\u015fleyerek 50 bin hanenin elektrik ihtiyac\u0131n\u0131 sa\u011fl\u0131yor, iklim de\u011fi\u015fikli\u011finin sebebi olan sera gazlar\u0131n\u0131n atmosfere yay\u0131lmas\u0131n\u0131 engelliyoruz.<\/span><br \/>\n<span style=\"font-family: arial, helvetica, sans-serif; font-size: 14px;\">\u00dclkemizdeki ve D\u00fcnyadaki \u201cYe\u015fil D\u00f6n\u00fc\u015f\u00fcm\u201d politikalar\u0131n\u0131 takip ediyor ve onlar\u0131 \u015fehrimize uyarl\u0131yoruz.\u201d dedi.<\/span><br \/>\n<span style=\"font-family: arial, helvetica, sans-serif; font-size: 14px;\">Birlik Enc\u00fcmenine Bal\u0131kesir den S\u0131nd\u0131rg\u0131 Belediye Ba\u015fkan\u0131 Ekrem\u00a0Yava\u015f\u00a0se\u00e7ildi.<\/span><\/p>\n<\/div>\n<\/div>\n<\/article>\n","protected":false},"excerpt":{"rendered":"<p>Enerji Kentleri Birli\u011fi Ola\u011fan Meclis Toplant\u0131s\u0131 Bal\u0131kesir B\u00fcy\u00fck\u015fehir Belediyesinin ev sahipli\u011finde Edremit \u2018te yap\u0131ld\u0131. Enerji Kentleri Birli\u011fi ba\u015fkan\u0131 Denizli Belediye<\/p>\n","protected":false},"author":3,"featured_media":9840,"comment_status":"open","ping_status":"open","sticky":false,"template":"","format":"standard","meta":{"colormag_page_container_layout":"default_layout","colormag_page_sidebar_layout":"default_layout","footnotes":""},"categories":[1,5,8],"tags":[],"class_list":["post-9837","post","type-post","status-publish","format-standard","has-post-thumbnail","hentry","category-genel","category-gundem","category-siyaset"],"_links":{"self":[{"href":"https:\/\/marmarayerelhizmet.com\/index.php\/wp-json\/wp\/v2\/posts\/9837","targetHints":{"allow":["GET"]}}],"collection":[{"href":"https:\/\/marmarayerelhizmet.com\/index.php\/wp-json\/wp\/v2\/posts"}],"about":[{"href":"https:\/\/marmarayerelhizmet.com\/index.php\/wp-json\/wp\/v2\/types\/post"}],"author":[{"embeddable":true,"href":"https:\/\/marmarayerelhizmet.com\/index.php\/wp-json\/wp\/v2\/users\/3"}],"replies":[{"embeddable":true,"href":"https:\/\/marmarayerelhizmet.com\/index.php\/wp-json\/wp\/v2\/comments?post=9837"}],"version-history":[{"count":0,"href":"https:\/\/marmarayerelhizmet.com\/index.php\/wp-json\/wp\/v2\/posts\/9837\/revisions"}],"wp:featuredmedia":[{"embeddable":true,"href":"https:\/\/marmarayerelhizmet.com\/index.php\/wp-json\/wp\/v2\/media\/9840"}],"wp:attachment":[{"href":"https:\/\/marmarayerelhizmet.com\/index.php\/wp-json\/wp\/v2\/media?parent=9837"}],"wp:term":[{"taxonomy":"category","embeddable":true,"href":"https:\/\/marmarayerelhizmet.com\/index.php\/wp-json\/wp\/v2\/categories?post=9837"},{"taxonomy":"post_tag","embeddable":true,"href":"https:\/\/marmarayerelhizmet.com\/index.php\/wp-json\/wp\/v2\/tags?post=9837"}],"curies":[{"name":"wp","href":"https:\/\/api.w.org\/{rel}","templated":true}]}}