{"id":9819,"date":"2023-06-01T14:09:17","date_gmt":"2023-06-01T11:09:17","guid":{"rendered":"https:\/\/marmarayerelhizmet.com\/?p=9819"},"modified":"2023-06-01T14:09:17","modified_gmt":"2023-06-01T11:09:17","slug":"erdogan-yuzde-5214-oy-aldi","status":"publish","type":"post","link":"https:\/\/marmarayerelhizmet.com\/index.php\/2023\/06\/01\/erdogan-yuzde-5214-oy-aldi\/","title":{"rendered":"Erdo\u011fan Y\u00fczde 52,14 Oy Ald\u0131"},"content":{"rendered":"<article id=\"post-13398\" class=\"post-13398 post type-post status-publish format-standard has-post-thumbnail hentry category-genel category-siyaset\">\n<div class=\"article-content clearfix\">\n<div class=\"entry-content clearfix\">\n<p id=\"h1Baslik-Y1WPQ5aDUJW3U9WDI5OPEZGfEJC_YNWD\"><span style=\"font-family: arial, helvetica, sans-serif; font-size: 14px;\"><strong>YSK Ba\u015fkan\u0131 Yener, Cumhurba\u015fkan\u0131 Se\u00e7imi ikinci oylamas\u0131 kesin sonu\u00e7lar\u0131na g\u00f6re Recep Tayyip Erdo\u011fan\u2019\u0131n y\u00fczde 52,18, Kemal K\u0131l\u0131\u00e7daro\u011flu\u2019nun y\u00fczde 47,82 oran\u0131nda oy ald\u0131\u011f\u0131n\u0131 duyurdu.<\/strong><\/span><\/p>\n<p><span style=\"font-family: arial, helvetica, sans-serif; font-size: 14px;\">YSK Ba\u015fkan\u0131 Ahmet Yener, 28 May\u0131sta ger\u00e7ekle\u015ftirilen Cumhurba\u015fkanl\u0131\u011f\u0131 ikinci tur oylamas\u0131n\u0131n kesin sonu\u00e7lar\u0131n\u0131n Resmi Gazete\u2019de yay\u0131mlanmas\u0131 i\u00e7in g\u00f6nderdiklerini duyurdu. Adaylar\u0131n ald\u0131\u011f\u0131 oy oranlar\u0131na dair bilgilendirmelerde bulunan Ahmet Yener, yap\u0131lan itirazlar\u0131n de\u011ferlendirildi\u011fini, karara ba\u011fland\u0131\u011f\u0131 ve sonu\u00e7 olarak Cumhur \u0130ttifak\u0131 aday\u0131 Recep Tayyip Erdo\u011fan\u2019\u0131n 27 milyon 834 bin 589 oyla Cumhurba\u015fkan\u0131 se\u00e7ildi\u011fini duyurdu.<\/span><\/p>\n<p><span style=\"font-family: arial, helvetica, sans-serif; font-size: 14px;\"><strong>T\u00fcm payda\u015flar\u0131m\u0131za te\u015fekk\u00fcr ediyorum\u201d<\/strong><\/span><br \/>\n<span style=\"font-family: arial, helvetica, sans-serif; font-size: 14px;\">Se\u00e7im s\u00fcrecinde yo\u011fun \u00e7al\u0131\u015fan mesai arkada\u015flar\u0131na ve \u00e7e\u015fitli kurumlara te\u015fekk\u00fcr eden Yener, \u201c14 May\u0131s 2023 tarihinde ger\u00e7ekle\u015ftirilen Cumhurba\u015fkan\u0131 se\u00e7imi birinci tur oylamas\u0131n\u0131n ard\u0131ndan 15 May\u0131s 2023 tarihinde T\u00fcrk siyasi hayat\u0131nda ilk defa ger\u00e7ekle\u015ftirilen ikinci tur oylama s\u00fcreci ba\u015flam\u0131\u015f olup se\u00e7im takvimi s\u00fcrecinde 20 May\u0131s 2023 tarihinde yurt d\u0131\u015f\u0131 temsilcilik ve g\u00fcmr\u00fcklerde oy verme i\u015flemi ba\u015flam\u0131\u015ft\u0131r. 14 May\u0131s 2023 ile 19 May\u0131s 2023 tarihleri aras\u0131nda Y\u00fcksek Se\u00e7im Kurulu payda\u015flar\u0131yla birlikte \u00f6zellikle burada D\u0131\u015fi\u015fleri Bakanl\u0131\u011f\u0131\u2019n\u0131n katk\u0131s\u0131n\u0131 da belirtmekte fayda vard\u0131r, yeniden ikinci tur oylamaya ili\u015fkin pusulalar\u0131n bas\u0131m s\u00fcrecini tamamlayarak yurt d\u0131\u015f\u0131nda 73 \u00fclke, 151 temsilcilik, 16 merkez ile 46 g\u00fcmr\u00fck kap\u0131lar\u0131na, oy pusulalar\u0131n\u0131n sorunsuz bir \u015fekilde transferini ger\u00e7ekle\u015ftirmi\u015f ve ikinci tur oylaman\u0131n ilk a\u015famas\u0131 olan yurtd\u0131\u015f\u0131 temsilcilik ve g\u00fcmr\u00fcklerde oy kullanma s\u00fcreci ba\u015flam\u0131\u015ft\u0131r. Bu kadar k\u0131sa bir s\u00fcrede bu i\u015flemleri ger\u00e7ekle\u015ftiren Y\u00fcksek Se\u00e7im Kurulu \u00fcyelerine, merkez te\u015fkilat\u0131m\u0131za, D\u0131\u015fi\u015fleri Bakanl\u0131\u011f\u0131 temsilcilerine ve di\u011fer t\u00fcm payda\u015flar\u0131m\u0131za te\u015fekk\u00fcr ediyorum. Yurt d\u0131\u015f\u0131nda oy verme i\u015fleminin sona erdi\u011fi 24 May\u0131s 2023 tarihinden yurt i\u00e7i oy verme g\u00fcn\u00fc \u00f6ncesinde 73 \u00fclke 151 temsilcilik ve 16 merkezden geri d\u00f6n\u00fc\u015f transferleri ger\u00e7ekle\u015ftirilmi\u015ftir. Bu kadar k\u0131sa bir s\u00fcre i\u00e7erisinde bu i\u015flemlerin ger\u00e7ekle\u015ftirilmesi, planlanmas\u0131 ve bu s\u00fcrecin zorlulu\u011fu g\u00f6z \u00f6n\u00fcne al\u0131nd\u0131\u011f\u0131nda Y\u00fcksek Se\u00e7im Kurulunun ve t\u00fcm te\u015fkilat\u0131m\u0131z\u0131n \u00f6zverili \u00e7al\u0131\u015fmalar\u0131n\u0131 kamuoyunun takdirlerine sayg\u0131yla sunuyoruz\u201d ifadelerine yer verdi.<\/span><\/p>\n<p><span style=\"font-family: arial, helvetica, sans-serif; font-size: 14px;\"><strong>Kesin sonu\u00e7lar m\u00fckerrer say\u0131da ilan edilmek \u00fczere Resmi Gazete\u2019ye g\u00f6nderildi<\/strong><\/span><br \/>\n<span style=\"font-family: arial, helvetica, sans-serif; font-size: 14px;\">Karar\u0131n Resmi Gazete\u2019ye g\u00f6nderildi\u011fini a\u00e7\u0131klayan Yener, \u201cKurulumuz se\u00e7im takvimi i\u00e7erisindeki s\u00fcre\u00e7leri izlemi\u015f ve 31 May\u0131s 2023 tarihinde sona eren Cumhurba\u015fkanl\u0131\u011f\u0131 ikinci oylamas\u0131na ili\u015fkin itirazlar\u0131 d\u00fcn kurulumuz de\u011ferlendirmi\u015f ve yap\u0131lan de\u011ferlendirmeler sonucunda s\u00f6z konusu itirazlar sonu\u00e7land\u0131r\u0131lm\u0131\u015f ve 28 May\u0131s 2023 tarihinde yap\u0131lan Cumhurba\u015fkanl\u0131\u011f\u0131 se\u00e7iminin ikinci oylama sonu\u00e7lar\u0131 ilan edilmek \u00fczere Resmi Gazete\u2019nin m\u00fckerrer say\u0131s\u0131nda ilan edilmek \u00fczere Resmi Gazete\u2019ye g\u00f6nderilmi\u015ftir\u201d dedi.<\/span><\/p>\n<p><span style=\"font-family: arial, helvetica, sans-serif; font-size: 14px;\"><strong>Erdo\u011fan, 27 milyon 834 bin 589 oy ald\u0131<\/strong><\/span><br \/>\n<span style=\"font-family: arial, helvetica, sans-serif; font-size: 14px;\">Adaylar\u0131n ald\u0131\u011f\u0131 oy oranlar\u0131na ili\u015fkin bilgilendirmelerde bulunan Yener, \u201c28 May\u0131s 2023 tarihinde Cumhurba\u015fkanl\u0131\u011f\u0131 se\u00e7iminin ikinci oylamas\u0131nda yurt i\u00e7inde 52 milyon 93 bin 375 se\u00e7menimizin oy kulland\u0131\u011f\u0131 g\u00f6r\u00fclm\u00fc\u015f olup oy kullanma oran\u0131 y\u00fczde 85.72 oran\u0131nda ger\u00e7ekle\u015fmi\u015ftir. Yurt d\u0131\u015f g\u00fcmr\u00fckler dahil 1 939 bin 226 se\u00e7menimiz oy kullanm\u0131\u015f olup kat\u0131l\u0131m oran\u0131 y\u00fczde 56.34 olarak ger\u00e7ekle\u015fmi\u015ftir. Yurt i\u00e7i ve yurt d\u0131\u015f\u0131nda toplam 54 milyon 23 bin 601 se\u00e7menimizin oy ve toplam kat\u0131l\u0131m oran\u0131n\u0131n y\u00fczde 84.15 oldu\u011fu g\u00f6r\u00fclm\u00fc\u015ft\u00fcr. Bu sonu\u00e7lara g\u00f6re, Recep Tayyip Erdo\u011fan\u2019\u0131n toplam 27 milyon 834 bin 589 oy ald\u0131\u011f\u0131 ve y\u00fczde 52.18 oran\u0131nda oy oran\u0131na ula\u015ft\u0131\u011f\u0131, Kemal K\u0131l\u0131\u00e7daro\u011flu\u2019nun 25 milyon 504 bin 724 ald\u0131\u011f\u0131 ve toplam y\u00fczde 47.82 oy oran\u0131na ula\u015ft\u0131\u011f\u0131 g\u00f6r\u00fclm\u00fc\u015f olup kurulumuzun yapm\u0131\u015f oldu\u011fu de\u011ferlendirmeler ve alm\u0131\u015f oldu\u011fu karar sonucunda Recep Tayyip Erdo\u011fan\u2019\u0131n Cumhurba\u015fkan\u0131 olarak se\u00e7ildi\u011fi anla\u015f\u0131lm\u0131\u015f ve resmi gazeteye g\u00f6nderilmi\u015ftir. T\u00fcrk milletine ve demokrasimize hay\u0131rl\u0131 olmas\u0131n\u0131 diliyorum\u201d ifadelerine yer verdi.<\/span><br \/>\n<span style=\"font-family: arial, helvetica, sans-serif; font-size: 14px;\">14 May\u0131s\u2019ta ve 28 May\u0131s\u2019ta ger\u00e7ekle\u015ftirilen se\u00e7imlerin kar\u015f\u0131la\u015ft\u0131r\u0131lmal\u0131 sonu\u00e7lar\u0131n\u0131 a\u00e7\u0131klayan Yener, \u201c14 May\u0131s 2023 tarihinde yap\u0131lan se\u00e7ime yurt i\u00e7inde toplam 53 milyon 993 bin 683 se\u00e7men kat\u0131lm\u0131\u015f olup oy kullanma oran\u0131 y\u00fczde 88.92 olarak ger\u00e7ekle\u015fmi\u015ftir. 28 May\u0131s 2023 tarihinde yap\u0131lan oylamada ise 52 milyon 93 bin 375 se\u00e7menimizin oy kulland\u0131\u011f\u0131 ve oy kullanma oran\u0131n\u0131n y\u00fczde 85.72 olarak ger\u00e7ekle\u015fti\u011fi g\u00f6r\u00fclm\u00fc\u015ft\u00fcr. Yurt d\u0131\u015f\u0131nda ise 14 May\u0131s 2023 tarihinde 1 milyon 839 bin 470 se\u00e7menimizin oy kulland\u0131\u011f\u0131, toplam oy kullanma oran\u0131n\u0131n y\u00fczde 53.73 oldu\u011fu g\u00f6r\u00fclm\u00fc\u015ft\u00fcr. 28 May\u0131s 2023 tarihinde yap\u0131lan oylamada ise 1 milyon 930 bin 226 se\u00e7menimizin oy kulland\u0131\u011f\u0131 ve toplam kat\u0131l\u0131m oran\u0131n\u0131n y\u00fczde 56.34 oldu\u011fu g\u00f6r\u00fclm\u00fc\u015ft\u00fcr. 14 May\u0131s 2023 tarihinde yurt i\u00e7i ve yurt d\u0131\u015f\u0131 toplam 55 milyon 833 bin 153 se\u00e7menimizin oy kulland\u0131\u011f\u0131, toplam kat\u0131l\u0131m oran\u0131n\u0131n y\u00fczde 87.4, 28 May\u0131s 2023 tarihinde ise 54 milyon 23 bin 601 se\u00e7menimizin oy kulland\u0131\u011f\u0131 ve 84.15 oran\u0131nda kat\u0131l\u0131m\u0131n ger\u00e7ekle\u015fti\u011fi g\u00f6r\u00fclm\u00fc\u015ft\u00fcr\u201d diye konu\u015ftu.<\/span><\/p>\n<\/div>\n<\/div>\n<\/article>\n","protected":false},"excerpt":{"rendered":"<p>YSK Ba\u015fkan\u0131 Yener, Cumhurba\u015fkan\u0131 Se\u00e7imi ikinci oylamas\u0131 kesin sonu\u00e7lar\u0131na g\u00f6re Recep Tayyip Erdo\u011fan\u2019\u0131n y\u00fczde 52,18, Kemal K\u0131l\u0131\u00e7daro\u011flu\u2019nun y\u00fczde 47,82 oran\u0131nda<\/p>\n","protected":false},"author":3,"featured_media":9823,"comment_status":"open","ping_status":"open","sticky":false,"template":"","format":"standard","meta":{"colormag_page_container_layout":"default_layout","colormag_page_sidebar_layout":"default_layout","footnotes":""},"categories":[1,5,8],"tags":[],"class_list":["post-9819","post","type-post","status-publish","format-standard","has-post-thumbnail","hentry","category-genel","category-gundem","category-siyaset"],"_links":{"self":[{"href":"https:\/\/marmarayerelhizmet.com\/index.php\/wp-json\/wp\/v2\/posts\/9819","targetHints":{"allow":["GET"]}}],"collection":[{"href":"https:\/\/marmarayerelhizmet.com\/index.php\/wp-json\/wp\/v2\/posts"}],"about":[{"href":"https:\/\/marmarayerelhizmet.com\/index.php\/wp-json\/wp\/v2\/types\/post"}],"author":[{"embeddable":true,"href":"https:\/\/marmarayerelhizmet.com\/index.php\/wp-json\/wp\/v2\/users\/3"}],"replies":[{"embeddable":true,"href":"https:\/\/marmarayerelhizmet.com\/index.php\/wp-json\/wp\/v2\/comments?post=9819"}],"version-history":[{"count":0,"href":"https:\/\/marmarayerelhizmet.com\/index.php\/wp-json\/wp\/v2\/posts\/9819\/revisions"}],"wp:featuredmedia":[{"embeddable":true,"href":"https:\/\/marmarayerelhizmet.com\/index.php\/wp-json\/wp\/v2\/media\/9823"}],"wp:attachment":[{"href":"https:\/\/marmarayerelhizmet.com\/index.php\/wp-json\/wp\/v2\/media?parent=9819"}],"wp:term":[{"taxonomy":"category","embeddable":true,"href":"https:\/\/marmarayerelhizmet.com\/index.php\/wp-json\/wp\/v2\/categories?post=9819"},{"taxonomy":"post_tag","embeddable":true,"href":"https:\/\/marmarayerelhizmet.com\/index.php\/wp-json\/wp\/v2\/tags?post=9819"}],"curies":[{"name":"wp","href":"https:\/\/api.w.org\/{rel}","templated":true}]}}