{"id":9809,"date":"2023-05-31T12:49:27","date_gmt":"2023-05-31T09:49:27","guid":{"rendered":"https:\/\/marmarayerelhizmet.com\/?p=9809"},"modified":"2023-05-31T12:49:27","modified_gmt":"2023-05-31T09:49:27","slug":"kocaeli-buyuksehire-odul","status":"publish","type":"post","link":"https:\/\/marmarayerelhizmet.com\/index.php\/2023\/05\/31\/kocaeli-buyuksehire-odul\/","title":{"rendered":"Kocaeli B\u00fcy\u00fck\u015fehir&#8217;e \u00d6d\u00fcl"},"content":{"rendered":"<p><strong><span style=\"font-family: arial, helvetica, sans-serif; font-size: 14px;\">Kocaeli B\u00fcy\u00fck\u015fehir Belediyesi, T\u00fcrkiye \u00c7evre E\u011fitim \u00c7evre Vakf\u0131 (T\u00dcR\u00c7EV) taraf\u0131ndan &#8220;En \u0130yi \u00c7evre E\u011fitim Etkinlikleri&#8221; \u00f6d\u00fcl\u00fcne lay\u0131k g\u00f6r\u00fcld\u00fc.<br \/>\n<\/span><\/strong><br \/>\n<span style=\"font-family: arial, helvetica, sans-serif; font-size: 14px;\">Uluslararas\u0131 \u00c7evre E\u011fitim Vakf\u0131 (FEE) taraf\u0131ndan koordine edilen ve T\u00fcrkiye temsilcili\u011fi T\u00fcrkiye \u00c7evre E\u011fitim Vakf\u0131 (T\u00dcR\u00c7EV) taraf\u0131ndan y\u00fcr\u00fct\u00fclen Mavi Bayrak Program\u0131 \u00e7er\u00e7evesinde, Kocaeli B\u00fcy\u00fck\u015fehir Belediyesi \u00f6d\u00fcle lay\u0131k g\u00f6r\u00fcld\u00fc. Uluslararas\u0131 j\u00fcri taraf\u0131ndan yap\u0131lan de\u011ferlendirme neticesinde Kand\u0131ra il\u00e7esinde bulunan Cebeci, Ba\u011f\u0131rganl\u0131, Kerpe, Kumca\u011f\u0131z, Mi\u00e7o Koyu Kad\u0131nlar, Kovana\u011fz\u0131 ve Seyrek Halk Plajlar\u0131 ile Karam\u00fcrsel il\u00e7esinde bulunan Alt\u0131nkemer ve Ere\u011fli Kumyal\u0131 halk plajlar\u0131 olmak \u00fczere 9 plaj 2023 y\u0131l\u0131 i\u00e7in \u201cMavi Bayrak \u00d6d\u00fcl\u00fc\u201d almaya hak kazan\u0131rken, B\u00fcy\u00fck\u015fehir Belediyesi ayn\u0131 zamanda Mavi Bayrak \u201cEn \u0130yi \u00c7evre E\u011fitim Etkinlikleri\u201d \u00f6d\u00fcl\u00fcne de lay\u0131k g\u00f6r\u00fcld\u00fc. Ulusal j\u00fcri taraf\u0131ndan a\u00e7\u0131klanan \u00f6d\u00fcl, T\u00dcR\u00c7EV taraf\u0131ndan 2023 y\u0131l\u0131 Ulusal Mavi Bayrak \u00d6d\u00fcl T\u00f6reni\u2019nde takdim edilecek.<\/span><\/p>\n","protected":false},"excerpt":{"rendered":"<p>Kocaeli B\u00fcy\u00fck\u015fehir Belediyesi, T\u00fcrkiye \u00c7evre E\u011fitim \u00c7evre Vakf\u0131 (T\u00dcR\u00c7EV) taraf\u0131ndan &#8220;En \u0130yi \u00c7evre E\u011fitim Etkinlikleri&#8221; \u00f6d\u00fcl\u00fcne lay\u0131k g\u00f6r\u00fcld\u00fc. Uluslararas\u0131 \u00c7evre<\/p>\n","protected":false},"author":3,"featured_media":9813,"comment_status":"open","ping_status":"open","sticky":false,"template":"","format":"standard","meta":{"colormag_page_container_layout":"default_layout","colormag_page_sidebar_layout":"default_layout","footnotes":""},"categories":[1,5,8],"tags":[],"class_list":["post-9809","post","type-post","status-publish","format-standard","has-post-thumbnail","hentry","category-genel","category-gundem","category-siyaset"],"_links":{"self":[{"href":"https:\/\/marmarayerelhizmet.com\/index.php\/wp-json\/wp\/v2\/posts\/9809","targetHints":{"allow":["GET"]}}],"collection":[{"href":"https:\/\/marmarayerelhizmet.com\/index.php\/wp-json\/wp\/v2\/posts"}],"about":[{"href":"https:\/\/marmarayerelhizmet.com\/index.php\/wp-json\/wp\/v2\/types\/post"}],"author":[{"embeddable":true,"href":"https:\/\/marmarayerelhizmet.com\/index.php\/wp-json\/wp\/v2\/users\/3"}],"replies":[{"embeddable":true,"href":"https:\/\/marmarayerelhizmet.com\/index.php\/wp-json\/wp\/v2\/comments?post=9809"}],"version-history":[{"count":0,"href":"https:\/\/marmarayerelhizmet.com\/index.php\/wp-json\/wp\/v2\/posts\/9809\/revisions"}],"wp:featuredmedia":[{"embeddable":true,"href":"https:\/\/marmarayerelhizmet.com\/index.php\/wp-json\/wp\/v2\/media\/9813"}],"wp:attachment":[{"href":"https:\/\/marmarayerelhizmet.com\/index.php\/wp-json\/wp\/v2\/media?parent=9809"}],"wp:term":[{"taxonomy":"category","embeddable":true,"href":"https:\/\/marmarayerelhizmet.com\/index.php\/wp-json\/wp\/v2\/categories?post=9809"},{"taxonomy":"post_tag","embeddable":true,"href":"https:\/\/marmarayerelhizmet.com\/index.php\/wp-json\/wp\/v2\/tags?post=9809"}],"curies":[{"name":"wp","href":"https:\/\/api.w.org\/{rel}","templated":true}]}}