{"id":9784,"date":"2023-05-30T14:24:37","date_gmt":"2023-05-30T11:24:37","guid":{"rendered":"https:\/\/marmarayerelhizmet.com\/?p=9784"},"modified":"2023-05-30T14:24:37","modified_gmt":"2023-05-30T11:24:37","slug":"esenlerde-fetih-coskusu","status":"publish","type":"post","link":"https:\/\/marmarayerelhizmet.com\/index.php\/2023\/05\/30\/esenlerde-fetih-coskusu\/","title":{"rendered":"Esenler\u2019de Fetih Co\u015fkusu"},"content":{"rendered":"<p><strong><span style=\"font-family: arial, helvetica, sans-serif; font-size: 14px;\">Esenler Belediyesi, \u00e7a\u011f kapat\u0131p \u00e7a\u011f a\u00e7an kutlu \u015fehir \u0130stanbul\u2019un Fethi\u2019nin 570. y\u0131l d\u00f6n\u00fcm\u00fcnde g\u00f6rkemli bir etkinli\u011fe ev sahipli\u011fi yapt\u0131. Fener alay\u0131 y\u00fcr\u00fcy\u00fc\u015f\u00fcyle ba\u015flayan programda d\u00fcnyan\u0131n en uzun nefesli haf\u0131zlar\u0131ndan biri olan Tanzanyal\u0131 Idd\u0131 Shaaban Nkumb\u0131 ise Kur\u2019an-\u0131 Kerim tilavetiyle g\u00f6n\u00fcllere dokundu.<br \/>\n<\/span><\/strong><br \/>\n<span style=\"font-family: arial, helvetica, sans-serif; font-size: 14px;\">Esenler Belediyesi, Cihan \u0130mparatoru Fatih Sultan Mehmet Han taraf\u0131ndan fethedilerek bir \u00e7a\u011f kapat\u0131p bir \u00e7a\u011f a\u00e7an kutlu \u015fehir \u0130stanbul\u2019un Fethi\u2019nin 570. y\u0131l d\u00f6n\u00fcm\u00fcn\u00fc co\u015fkuyla kutlad\u0131. Esenler D\u00f6rtyol Meydan\u0131\u2019nda ger\u00e7ekle\u015fen etkinlik, Davutpa\u015fa Kapal\u0131 Cadde\u2019de d\u00fczenlenen fener alay\u0131 y\u00fcr\u00fcy\u00fc\u015f\u00fc ile ba\u015flad\u0131. \u00c7ok say\u0131da Esenlerlinin kat\u0131l\u0131m\u0131yla ger\u00e7ekle\u015fen etkinlikte co\u015fku dolu anlar ya\u015fand\u0131. \u201c\u0130stanbul\u2019un Fethi\u2019nin 570. Y\u0131l\u0131\u201d etkinli\u011fine Esenler Belediye Ba\u015fkan\u0131 M. Tevfik G\u00f6ksu, AK Parti Esenler \u0130l\u00e7e Ba\u015fkan\u0131 Av. Umut \u00d6zkan, Esenler \u0130l\u00e7e M\u00fcft\u00fcs\u00fc Osman Yaz\u0131c\u0131, Esenler \u0130l\u00e7e Milli E\u011fitim M\u00fcd\u00fcr\u00fc Mehmet Nurettin Aras, siyasi parti ve STK temsilcileri ile \u00e7ok say\u0131da vatanda\u015f kat\u0131ld\u0131. Programda Ayasofya Camii \u0130mam\u0131 B\u00fcnyamin Top\u00e7uo\u011flu ile d\u00fcnyan\u0131n en uzun nefesli haf\u0131zlar\u0131ndan biri olan Tanzanyal\u0131 Idd\u0131 Shaaban Nkumb\u0131 Kur\u2019an-\u0131 Kerim tilaveti sundu. Etkinlik kapsam\u0131nda ayr\u0131ca fetih temal\u0131 kum sanat\u0131 g\u00f6sterisi yap\u0131ld\u0131. Programda Esenler\u2019 de bu y\u0131l 3\u2019nc\u00fcs\u00fc d\u00fczenlenen \u201cFatih\u2019in G\u00fcnl\u00fc\u011f\u00fc G\u00fcnl\u00fck Yar\u0131\u015fmas\u0131\u201dnda dereceye giren \u00f6\u011frencilere \u00f6d\u00fclleri takdim edildi. Kutlama, mehteran konseri ile sona erdi.<\/span><\/p>\n<p><strong><span style=\"font-family: arial, helvetica, sans-serif; font-size: 14px;\">\u201cBat\u0131 medeniyetinin ihti\u015fam\u0131 yerle bir olmu\u015f\u201d<\/span><\/strong><br \/>\n<span style=\"font-family: arial, helvetica, sans-serif; font-size: 14px;\">Esenler Belediye Ba\u015fkan\u0131 M. Tevfik G\u00f6ksu, \u201c\u0130stanbul\u2019un Fethi\u2019nin 570. y\u0131l d\u00f6n\u00fcm\u00fc. Hz. Peygamber, \u2018\u0130stanbul mutlaka fethedilecektir. Onu fetheden komutan ne g\u00fczel komutan, onu fetheden ordu ne g\u00fczel ordudur\u2019 diyerek m\u00fcjde vermi\u015ftir. Bu m\u00fcjdeye mazhar olmak i\u00e7in Mekke\u2019den Medine\u2019den bir\u00e7ok sahabe \u0130stanbul\u2019un fethine kat\u0131lm\u0131\u015ft\u0131r. Sonu\u00e7ta bu m\u00fcjde Fatih Sultan Mehmet Han\u2019a nasip olmu\u015ftur. Bizans\u2019\u0131n surlar\u0131 y\u0131k\u0131lm\u0131\u015f, yerine Osmanl\u0131\u2019n\u0131n hilali as\u0131lm\u0131\u015f. Karadan gemileri indirerek \u0130stanbul fethedilmi\u015f. Bir \u00e7a\u011f kapanm\u0131\u015f ve yeni bir \u00e7a\u011f a\u00e7\u0131lm\u0131\u015f. \u0130stanbul\u2019un fethiyle beraber o Bat\u0131 medeniyetinin ihti\u015fam\u0131 yerle bir olmu\u015f. Yerine Osmanl\u0131\u2019n\u0131n in\u015fa etti\u011fi asr-\u0131 saadetten gelen \u0130slam medeniyetinin zirvesi ya\u015fanmaya ba\u015flam\u0131\u015f\u201d dedi.<\/span><\/p>\n<p><strong><span style=\"font-family: arial, helvetica, sans-serif; font-size: 14px;\">\u201c\u0130stanbul\u2019u Fatih\u2019in ruhuyla y\u00fcceltece\u011fiz\u201d<\/span><\/strong><br \/>\n<span style=\"font-family: arial, helvetica, sans-serif; font-size: 14px;\">G\u00f6ksu, \u201c\u00d6yle bir medeniyet in\u015fa edilmi\u015f ki o zamanki bir\u00e7ok H\u0131ristiyan \u00f6nc\u00fcler bile Osmanl\u0131\u2019n\u0131n o merhametini, o insani duygusunu ifade etmek i\u00e7in \u0130stanbul sokaklar\u0131nda kardinal k\u00fclah\u0131 g\u00f6rmektense Osmanl\u0131 sar\u0131\u011f\u0131 g\u00f6rmeyi tercih ederiz demi\u015fler. \u00c7\u00fcnk\u00fc bizim medeniyetimizin \u00f6z\u00fcnde merhamet vard\u0131r. Bizim medeniyetimizin \u00f6z\u00fcnde insanl\u0131k vard\u0131r. Bizim medeniyetimizin \u00f6z\u00fcnde inan\u00e7 vard\u0131r. Bizim medeniyetimizin \u00f6z\u00fcnde e\u015fitlik, inanca sayg\u0131, b\u00fct\u00fcn insanl\u0131\u011f\u0131 ku\u015fatan bir adalet vard\u0131r. Biz buyuz. Biz Osmanl\u0131\u2019n\u0131n torunlar\u0131y\u0131z. 1453 \u00f6zg\u00fcrl\u00fc\u011f\u00fcn ve vicdan\u0131n ba\u015flad\u0131\u011f\u0131 tarihtir. Biz bug\u00fcn \u00f6zg\u00fcrl\u00fc\u011f\u00fcne kavu\u015fan \u0130stanbul\u2019un sakinleriz. Bu \u015fehir bize emanet. Biz bu \u015fehri y\u00fcceltece\u011fiz, Fatih\u2019in bize emanet etti\u011fi ruhla b\u00fcy\u00fctece\u011fiz\u201d ifadelerini kulland\u0131.<\/span><\/p>\n<p><strong><span style=\"font-family: arial, helvetica, sans-serif; font-size: 14px;\">Erdo\u011fan\u2019\u0131n \u00e7al\u0131\u015fmalar\u0131 gurur verici<\/span><\/strong><br \/>\n<span style=\"font-family: arial, helvetica, sans-serif; font-size: 14px;\">Programda Kur\u2019an-\u0131 Kerim tilavetinde bulunan Tanzanyal\u0131 Idd\u0131 Shaaban Nkumb\u0131, \u00fclkesinde imaml\u0131k yapt\u0131\u011f\u0131n\u0131 ve dersler verdi\u011fini belirterek \u201c7 ya\u015f\u0131mdan beri Kur\u2019an-\u0131 Kerim\u2019i g\u00fczel okuma ile ilgili \u00e7al\u0131\u015fmalar ve haf\u0131zl\u0131k yap\u0131yorum. T\u00fcrkiye\u2019ye \u00fc\u00e7\u00fcnc\u00fc geli\u015fim. T\u00fcrkiye\u2019yi Tanzanyal\u0131 M\u00fcsl\u00fcmanlar olarak \u00e7ok seviyoruz. Zaten Tanzanya\u2019da da \u00e7ok say\u0131da T\u00fcrk vatanda\u015f\u0131 ya\u015f\u0131yor. T\u00fcrkiye Cumhurba\u015fkan\u0131 Recep Tayyip Erdo\u011fan\u2019\u0131n \u0130slam alemi ad\u0131na yapt\u0131\u011f\u0131 \u00e7al\u0131\u015fmalardan gurur duyuyoruz. T\u00fcrk vak\u0131flar\u0131 taraf\u0131ndan Tanzanya\u2019da y\u00fcr\u00fct\u00fclen haf\u0131zl\u0131k e\u011fitimlerinden de \u00e7ok memnunuz\u201d \u015feklinde konu\u015ftu.<\/span><\/p>\n<p><strong><span style=\"font-family: arial, helvetica, sans-serif; font-size: 14px;\">\u201cFatih\u2019in vizyonuyla \u00e7ok \u00e7al\u0131\u015faca\u011f\u0131z\u201d<\/span><\/strong><br \/>\n<span style=\"font-family: arial, helvetica, sans-serif; font-size: 14px;\">Fetih kutlamalar\u0131na kat\u0131lan 17 ya\u015f\u0131ndaki Dilan Aslan, \u201c\u00d6\u011fretmenlerimiz vas\u0131tas\u0131yla programdan haberdar olduk. Buradaki ortam\u0131 \u00e7ok be\u011fendim. \u00c7ok co\u015fkulu. Fatih Sultan Mehmet, \u0130stanbul\u2019un fethinde \u00f6nc\u00fcl\u00fck yapm\u0131\u015f bir padi\u015fah. E\u011fer \u0130stanbul\u2019u fethetmeseydi bu topraklar bizim olmayacakt\u0131\u201d dedi.<\/span><br \/>\n<span style=\"font-family: arial, helvetica, sans-serif; font-size: 14px;\">15 ya\u015f\u0131ndaki Neslihan Yurtsever ise \u201cArkada\u015flar\u0131m\u0131zla bu co\u015fkuya ortak olmak istedik. Fatih Sultan Mehmet \u00e7ok gen\u00e7 ya\u015fta bu \u015fehri fethetmi\u015f. Biz de onun vizyonuyla \u00e7ok \u00e7al\u0131\u015faca\u011f\u0131z\u201d diye konu\u015ftu.<\/span><br \/>\n<span style=\"font-family: arial, helvetica, sans-serif; font-size: 14px;\">25 ya\u015f\u0131ndaki Hasan Aksoy ise \u015funlar\u0131 s\u00f6yledi: \u201cSosyal medya arac\u0131l\u0131\u011f\u0131yla programdan haberdar oldum. Program \u00e7ok co\u015fkulu. \u015eehr-i \u0130stanbul\u2019u fetheden Fatih Sultan Mehmet\u2019i gen\u00e7lere sevdirmek ve fethi anlatmak amac\u0131yla yap\u0131lan etkinli\u011fi \u00e7ok anlaml\u0131 ve faydal\u0131 buluyorum\u201d<\/span><br \/>\n<span style=\"font-family: arial, helvetica, sans-serif; font-size: 14px;\">Fethin sat\u0131r ba\u015flar\u0131 \u015fehir ekran\u0131 tv\u2019de!<\/span><br \/>\n<span style=\"font-family: arial, helvetica, sans-serif; font-size: 14px;\">Esenler Belediyesi yay\u0131n organ\u0131 \u015eehir Ekran\u0131 TV\u2019de ise \u0130brahim Akkurt ve Dr. Co\u015fkun Y\u0131lmaz\u2019\u0131n sunumuyla, m\u00fcjdelenmi\u015f fethin sat\u0131r ba\u015flar\u0131n\u0131n konu\u015fuldu\u011fu \u201cFetih G\u00fcnl\u00fc\u011f\u00fc\u201d program\u0131 ilk b\u00f6l\u00fcm\u00fcyle izleyiciyle bulu\u015ftu.<\/span><\/p>\n","protected":false},"excerpt":{"rendered":"<p>Esenler Belediyesi, \u00e7a\u011f kapat\u0131p \u00e7a\u011f a\u00e7an kutlu \u015fehir \u0130stanbul\u2019un Fethi\u2019nin 570. y\u0131l d\u00f6n\u00fcm\u00fcnde g\u00f6rkemli bir etkinli\u011fe ev sahipli\u011fi yapt\u0131. Fener<\/p>\n","protected":false},"author":3,"featured_media":9794,"comment_status":"open","ping_status":"open","sticky":false,"template":"","format":"standard","meta":{"colormag_page_container_layout":"default_layout","colormag_page_sidebar_layout":"default_layout","footnotes":""},"categories":[1,5,8],"tags":[],"class_list":["post-9784","post","type-post","status-publish","format-standard","has-post-thumbnail","hentry","category-genel","category-gundem","category-siyaset"],"_links":{"self":[{"href":"https:\/\/marmarayerelhizmet.com\/index.php\/wp-json\/wp\/v2\/posts\/9784","targetHints":{"allow":["GET"]}}],"collection":[{"href":"https:\/\/marmarayerelhizmet.com\/index.php\/wp-json\/wp\/v2\/posts"}],"about":[{"href":"https:\/\/marmarayerelhizmet.com\/index.php\/wp-json\/wp\/v2\/types\/post"}],"author":[{"embeddable":true,"href":"https:\/\/marmarayerelhizmet.com\/index.php\/wp-json\/wp\/v2\/users\/3"}],"replies":[{"embeddable":true,"href":"https:\/\/marmarayerelhizmet.com\/index.php\/wp-json\/wp\/v2\/comments?post=9784"}],"version-history":[{"count":0,"href":"https:\/\/marmarayerelhizmet.com\/index.php\/wp-json\/wp\/v2\/posts\/9784\/revisions"}],"wp:featuredmedia":[{"embeddable":true,"href":"https:\/\/marmarayerelhizmet.com\/index.php\/wp-json\/wp\/v2\/media\/9794"}],"wp:attachment":[{"href":"https:\/\/marmarayerelhizmet.com\/index.php\/wp-json\/wp\/v2\/media?parent=9784"}],"wp:term":[{"taxonomy":"category","embeddable":true,"href":"https:\/\/marmarayerelhizmet.com\/index.php\/wp-json\/wp\/v2\/categories?post=9784"},{"taxonomy":"post_tag","embeddable":true,"href":"https:\/\/marmarayerelhizmet.com\/index.php\/wp-json\/wp\/v2\/tags?post=9784"}],"curies":[{"name":"wp","href":"https:\/\/api.w.org\/{rel}","templated":true}]}}