{"id":9766,"date":"2023-05-29T16:05:27","date_gmt":"2023-05-29T13:05:27","guid":{"rendered":"https:\/\/marmarayerelhizmet.com\/?p=9766"},"modified":"2023-05-29T16:07:53","modified_gmt":"2023-05-29T13:07:53","slug":"liderlerin-karnesi","status":"publish","type":"post","link":"https:\/\/marmarayerelhizmet.com\/index.php\/2023\/05\/29\/liderlerin-karnesi\/","title":{"rendered":"Liderlerin Karnesi"},"content":{"rendered":"<p><span style=\"font-size: 14px;\"><strong><span style=\"font-family: arial, helvetica, sans-serif;\">Cumhurba\u015fkan\u0131 Recep Tayyip Erdo\u011fan, 2002 y\u0131l\u0131ndan beri girdi\u011fi 15 genel se\u00e7im, referandum ve yerel se\u00e7imi kazand\u0131. CHP Genel Ba\u015fkan\u0131 K\u0131l\u0131\u00e7daro\u011flu ise, Erdo\u011fan&#8217;a kar\u015f\u0131 girdi\u011fi 10 se\u00e7imi de kaybetti.<br \/>\n<\/span><\/strong><\/span><br \/>\n<span style=\"font-family: arial, helvetica, sans-serif; font-size: 14px;\">Cumhurba\u015fkan\u0131 Recep Tayyip Erdo\u011fan, 14 A\u011fustos 2001&#8217;de kurulan Adalet ve Kalk\u0131nma Partisi&#8217;nin (AK Parti) kurucu ba\u015fkanl\u0131\u011f\u0131n\u0131 \u00fcstlendi. Milletvekili aday\u0131 olamad\u0131\u011f\u0131 3 Kas\u0131m 2002&#8217;deki genel se\u00e7imleri partisi AK Parti, y\u00fczde 34,28&#8217;lik oy oran\u0131yla kazand\u0131. 22 Temmuz 2007&#8217;deki genel se\u00e7imlerde oylar\u0131n y\u00fczde 46,58&#8217;ini alan Erdo\u011fan, \u00f6nceki genel se\u00e7imlere g\u00f6re oy oran\u0131n\u0131 y\u00fczde 12,30 art\u0131rd\u0131 ve se\u00e7imleri ilk s\u0131rada tamamlad\u0131. Recep Tayyip Erdo\u011fan, 12 Haziran 2011&#8217;deki genel se\u00e7imlerde y\u00fczde 49,83 oran\u0131nda oy alarak bir \u00f6nceki genel se\u00e7imlere g\u00f6re oy oran\u0131n\u0131 y\u00fczde 3,17 artt\u0131rd\u0131. 7 Haziran 2015 Genel Se\u00e7imler, 1 Kas\u0131m 2015 Erken Genel Se\u00e7imlerinde de AK Parti yar\u0131\u015f\u0131 \u00f6nde tamamlad\u0131.<\/span><br \/>\n<span style=\"font-family: arial, helvetica, sans-serif; font-size: 14px;\">2007&#8217;deki anayasa de\u011fi\u015fikli\u011fi referandumu sonras\u0131nda cumhurba\u015fkan\u0131n\u0131n do\u011frudan halk oyuyla se\u00e7ilmesi y\u00f6n\u00fcnde anayasada de\u011fi\u015fiklik yap\u0131ld\u0131. Bu de\u011fi\u015fiklik sonras\u0131ndaki ilk cumhurba\u015fkanl\u0131\u011f\u0131 se\u00e7imi 10 A\u011fustos 2014&#8217;te ger\u00e7ekle\u015ftirildi. Cumhurba\u015fkanl\u0131\u011f\u0131 se\u00e7imi i\u00e7in adayl\u0131\u011f\u0131n\u0131 koyan Erdo\u011fan, se\u00e7imlerin ilk turunda ald\u0131\u011f\u0131 y\u00fczde 51,79&#8217;luk oy oran\u0131yla \u00fclkenin 12. cumhurba\u015fkan\u0131 oldu. Erdo\u011fan\u2019\u0131n 16 Nisan 2017&#8217;de ger\u00e7ekle\u015ftirilen referandumdan da galip \u00e7\u0131kmas\u0131 \u00fczerine ba\u015fkanl\u0131k sistemi getirildi. 24 Haziran 2018 cumhurba\u015fkanl\u0131\u011f\u0131 se\u00e7iminde Erdo\u011fan, Adalet ve Kalk\u0131nma Partisi&#8217;nin cumhurba\u015fkan\u0131 aday\u0131 oldu. Recep Tayyip Erdo\u011fan, se\u00e7imin ilk turunda ald\u0131\u011f\u0131 y\u00fczde 52,59 ile ba\u015fkanl\u0131k sisteminin ilk cumhurba\u015fkan\u0131 olarak se\u00e7ildi. Erdo\u011fan, 14 May\u0131s 2023&#8217;te 49,5&#8217;lik oy oran\u0131yla birinci aday olmas\u0131na ra\u011fmen salt \u00e7o\u011funluk sa\u011flanamad\u0131\u011f\u0131 i\u00e7in se\u00e7im ikinci tura kald\u0131. Erdo\u011fan ikinci turdan zaferle \u00e7\u0131kt\u0131. Erdo\u011fan y\u00fczde 52\u2019nin \u00fczerinde bir oyla cumhurba\u015fkan\u0131 se\u00e7ildi. Cumhurba\u015fkan\u0131 Erdo\u011fan liderli\u011findeki AK Parti 12 Eyl\u00fcl 2010 Anayasa Referandumundan da galip ayr\u0131ld\u0131.<\/span><br \/>\n<span style=\"font-family: arial, helvetica, sans-serif; font-size: 14px;\">AK Parti, Erdo\u011fan&#8217;\u0131n liderli\u011finde 2004 yerel se\u00e7imlerinde y\u00fczde 42\u2019lik oyla belediyelerde \u00fcst\u00fcnl\u00fck sa\u011flad\u0131. 2009 yerel se\u00e7imlerinde Erdo\u011fan liderli\u011findeki AK Parti y\u00fczde 39\u2019la yine galip \u00e7\u0131kt\u0131. 30 Mart 2014 Yerel Se\u00e7imler ve 31 Mart 2019 Yerel Se\u00e7imlerini de AK Parti birinci tamamlad\u0131.<\/span><\/p>\n<p><span style=\"font-size: 14px;\"><strong><span style=\"font-family: arial, helvetica, sans-serif;\">Kemal K\u0131l\u0131\u00e7daro\u011flu\u2019nun karnesi<\/span><\/strong><\/span><br \/>\n<span style=\"font-family: arial, helvetica, sans-serif; font-size: 14px;\">Di\u011fer yandan, CHP Genel Ba\u015fkan\u0131 ve Cumhurba\u015fkan\u0131 aday\u0131 Kemal K\u0131l\u0131\u00e7daro\u011flu, Cumhurba\u015fkan\u0131 Recep Tayyip Erdo\u011fan&#8217;a kar\u015f\u0131 girdi\u011fi 10. se\u00e7imini de kaybetti. 22 May\u0131s 2010 tarihinde CHP Genel Ba\u015fkanl\u0131\u011f\u0131 g\u00f6revine gelen K\u0131l\u0131\u00e7daro\u011flu, Erdo\u011fan&#8217;a kar\u015f\u0131 girdi\u011fi 10 yar\u0131\u015f\u0131n da kaybedeni oldu.<\/span><br \/>\n<span style=\"font-family: arial, helvetica, sans-serif; font-size: 14px;\">K\u0131l\u0131\u00e7daro\u011flu, 12 Eyl\u00fcl 2010 Anayasa Referandumu, 12 Haziran 2011 Genel Se\u00e7imler, 30 Mart 2014 Yerel Se\u00e7imler, 10 A\u011fustos 2014 Cumhurba\u015fkanl\u0131\u011f\u0131 Se\u00e7imleri, 7 Haziran 2015 Genel Se\u00e7imler, 1 Kas\u0131m 2015 Erken Genel Se\u00e7im, 16 Nisan 2017 Anayasa Referandumu, 24 Haziran 2018 Se\u00e7imleri, 31 Mart 2019 Yerel Se\u00e7im, 14 ve 28 May\u0131s 2023 Cumhurba\u015fkanl\u0131\u011f\u0131 Se\u00e7imlerini kaybetti.<\/span><\/p>\n","protected":false},"excerpt":{"rendered":"<p>Cumhurba\u015fkan\u0131 Recep Tayyip Erdo\u011fan, 2002 y\u0131l\u0131ndan beri girdi\u011fi 15 genel se\u00e7im, referandum ve yerel se\u00e7imi kazand\u0131. CHP Genel Ba\u015fkan\u0131 K\u0131l\u0131\u00e7daro\u011flu<\/p>\n","protected":false},"author":3,"featured_media":9768,"comment_status":"open","ping_status":"open","sticky":false,"template":"","format":"standard","meta":{"colormag_page_container_layout":"default_layout","colormag_page_sidebar_layout":"default_layout","footnotes":""},"categories":[1,5,8],"tags":[],"class_list":["post-9766","post","type-post","status-publish","format-standard","has-post-thumbnail","hentry","category-genel","category-gundem","category-siyaset"],"_links":{"self":[{"href":"https:\/\/marmarayerelhizmet.com\/index.php\/wp-json\/wp\/v2\/posts\/9766","targetHints":{"allow":["GET"]}}],"collection":[{"href":"https:\/\/marmarayerelhizmet.com\/index.php\/wp-json\/wp\/v2\/posts"}],"about":[{"href":"https:\/\/marmarayerelhizmet.com\/index.php\/wp-json\/wp\/v2\/types\/post"}],"author":[{"embeddable":true,"href":"https:\/\/marmarayerelhizmet.com\/index.php\/wp-json\/wp\/v2\/users\/3"}],"replies":[{"embeddable":true,"href":"https:\/\/marmarayerelhizmet.com\/index.php\/wp-json\/wp\/v2\/comments?post=9766"}],"version-history":[{"count":0,"href":"https:\/\/marmarayerelhizmet.com\/index.php\/wp-json\/wp\/v2\/posts\/9766\/revisions"}],"wp:featuredmedia":[{"embeddable":true,"href":"https:\/\/marmarayerelhizmet.com\/index.php\/wp-json\/wp\/v2\/media\/9768"}],"wp:attachment":[{"href":"https:\/\/marmarayerelhizmet.com\/index.php\/wp-json\/wp\/v2\/media?parent=9766"}],"wp:term":[{"taxonomy":"category","embeddable":true,"href":"https:\/\/marmarayerelhizmet.com\/index.php\/wp-json\/wp\/v2\/categories?post=9766"},{"taxonomy":"post_tag","embeddable":true,"href":"https:\/\/marmarayerelhizmet.com\/index.php\/wp-json\/wp\/v2\/tags?post=9766"}],"curies":[{"name":"wp","href":"https:\/\/api.w.org\/{rel}","templated":true}]}}