{"id":9721,"date":"2023-05-27T23:55:47","date_gmt":"2023-05-27T20:55:47","guid":{"rendered":"https:\/\/marmarayerelhizmet.com\/?p=9721"},"modified":"2023-05-28T00:27:38","modified_gmt":"2023-05-27T21:27:38","slug":"magdurlara-odeme-yapildi","status":"publish","type":"post","link":"https:\/\/marmarayerelhizmet.com\/index.php\/2023\/05\/27\/magdurlara-odeme-yapildi\/","title":{"rendered":"Ma\u011fdurlara \u00d6deme Yap\u0131ld\u0131"},"content":{"rendered":"<p><strong><span style=\"font-family: arial, helvetica, sans-serif; font-size: 14px;\">Bal\u0131kesir&#8217;de yakla\u015f\u0131k 10 g\u00fcn \u00f6nce ya\u015fanan selde zarar g\u00f6ren 401 vatanda\u015fa yakla\u015f\u0131k 2 milyon 920 bin lira acil yard\u0131m \u00f6demesi yap\u0131ld\u0131.<br \/>\n<\/span><\/strong><br \/>\n<span style=\"font-family: arial, helvetica, sans-serif; font-size: 14px;\">Bal\u0131kesir\u00a0Valili\u011finden yap\u0131lan a\u00e7\u0131klamada, &#8220;17 May\u0131s 2023 \u00c7ar\u015famba gecesi\u00a0Bal\u0131kesir\u00a0merkezde meydana gelen ani ya\u011f\u0131\u015f sonras\u0131 olu\u015fan su bask\u0131n\u0131 olaylar\u0131na y\u00f6nelik olarak y\u00fcr\u00fct\u00fclen \u00e7al\u0131\u015fmalar valili\u011fimiz taraf\u0131ndan koordine edilmi\u015f, gereken m\u00fcdahalelerin ve zarar tespit \u00e7al\u0131\u015fmalar\u0131n\u0131n en h\u0131zl\u0131 \u015fekilde ger\u00e7ekle\u015ftirilmesi i\u00e7in birimlerin faaliyetleri yak\u0131ndan takip edilmi\u015ftir. Konut ve i\u015f yerlerinde meydana gelen su bask\u0131n\u0131 olaylar\u0131na en h\u0131zl\u0131 \u015fekilde m\u00fcdahale edilebilmesini sa\u011flamak amac\u0131yla Vali Hasan \u015e\u0131ldak ba\u015fkanl\u0131\u011f\u0131nda Afet Koordinasyon Merkezi toplanarak kurumlar aras\u0131nda i\u015fbirli\u011fi yap\u0131lm\u0131\u015f, b\u00fct\u00fcn \u00e7al\u0131\u015fmalar koordine edilmi\u015ftir. \u0130lk andan itibaren BASK\u0130, B\u00fcy\u00fck\u015fehir \u0130tfaiye Dairesi, il\u00e7e belediyeleri ve AFAD ekiplerinin sahaya sevk edilmesi sa\u011flanm\u0131\u015f, ayr\u0131ca Devlet Su \u0130\u015fleri, Karayollar\u0131 ve Orman B\u00f6lge M\u00fcd\u00fcrl\u00fcklerine ait i\u015f makineleriyle de \u00e7al\u0131\u015fmalara destek verilmi\u015ftir. 18 May\u0131s Per\u015fembe g\u00fcn\u00fcnden itibaren ise Defterdarl\u0131k b\u00fcnyesinde olu\u015fturulan 50 ekip taraf\u0131ndan zarar tespit \u00e7al\u0131\u015fmalar\u0131na ba\u015flan\u0131lm\u0131\u015f, yerinde yap\u0131lan incelemeler dahilinde 586 konut, 101 i\u015f yeri ve 30 ara\u00e7ta zarar tespit \u00e7al\u0131\u015fmas\u0131 ger\u00e7ekle\u015ftirilmi\u015ftir. Yap\u0131lan s\u00f6z konusu zarar tespit \u00e7al\u0131\u015fmalar\u0131na dayal\u0131 olarak Alt\u0131eyl\u00fcl ve Karesi Kaymakaml\u0131klar\u0131 b\u00fcnyesinde bulunan Sosyal Yard\u0131mla\u015fma ve Dayan\u0131\u015fma Vak\u0131flar\u0131na 3 milyon TL acil yard\u0131m \u00f6dene\u011fi temin edilerek, 19 May\u0131s Cuma g\u00fcn\u00fcnden itibaren konut ve i\u015f yerlerinde zarar meydana gelen vatanda\u015flar\u0131m\u0131za en h\u0131zl\u0131 \u015fekilde \u00f6deme yap\u0131lm\u0131\u015ft\u0131r. 26 May\u0131s Cuma g\u00fcn\u00fc itibar\u0131yla 401 ki\u015fiye toplam 2 milyon 920 bin TL tutar\u0131nda acil yard\u0131m \u00f6demesi tamamlanm\u0131\u015ft\u0131r. Ayr\u0131ca meydana gelen zararlar\u0131n geri kalan b\u00f6l\u00fcm\u00fcn\u00fcn kar\u015f\u0131lanabilmesi i\u00e7in AFAD Ba\u015fkanl\u0131\u011f\u0131ndan ilave \u00f6denek talebinde bulunulmu\u015ftur&#8221; denildi.<\/span><\/p>\n","protected":false},"excerpt":{"rendered":"<p>Bal\u0131kesir&#8217;de yakla\u015f\u0131k 10 g\u00fcn \u00f6nce ya\u015fanan selde zarar g\u00f6ren 401 vatanda\u015fa yakla\u015f\u0131k 2 milyon 920 bin lira acil yard\u0131m \u00f6demesi<\/p>\n","protected":false},"author":3,"featured_media":9723,"comment_status":"open","ping_status":"open","sticky":false,"template":"","format":"standard","meta":{"colormag_page_container_layout":"default_layout","colormag_page_sidebar_layout":"default_layout","footnotes":""},"categories":[1,5,8],"tags":[],"class_list":["post-9721","post","type-post","status-publish","format-standard","has-post-thumbnail","hentry","category-genel","category-gundem","category-siyaset"],"_links":{"self":[{"href":"https:\/\/marmarayerelhizmet.com\/index.php\/wp-json\/wp\/v2\/posts\/9721","targetHints":{"allow":["GET"]}}],"collection":[{"href":"https:\/\/marmarayerelhizmet.com\/index.php\/wp-json\/wp\/v2\/posts"}],"about":[{"href":"https:\/\/marmarayerelhizmet.com\/index.php\/wp-json\/wp\/v2\/types\/post"}],"author":[{"embeddable":true,"href":"https:\/\/marmarayerelhizmet.com\/index.php\/wp-json\/wp\/v2\/users\/3"}],"replies":[{"embeddable":true,"href":"https:\/\/marmarayerelhizmet.com\/index.php\/wp-json\/wp\/v2\/comments?post=9721"}],"version-history":[{"count":0,"href":"https:\/\/marmarayerelhizmet.com\/index.php\/wp-json\/wp\/v2\/posts\/9721\/revisions"}],"wp:featuredmedia":[{"embeddable":true,"href":"https:\/\/marmarayerelhizmet.com\/index.php\/wp-json\/wp\/v2\/media\/9723"}],"wp:attachment":[{"href":"https:\/\/marmarayerelhizmet.com\/index.php\/wp-json\/wp\/v2\/media?parent=9721"}],"wp:term":[{"taxonomy":"category","embeddable":true,"href":"https:\/\/marmarayerelhizmet.com\/index.php\/wp-json\/wp\/v2\/categories?post=9721"},{"taxonomy":"post_tag","embeddable":true,"href":"https:\/\/marmarayerelhizmet.com\/index.php\/wp-json\/wp\/v2\/tags?post=9721"}],"curies":[{"name":"wp","href":"https:\/\/api.w.org\/{rel}","templated":true}]}}