{"id":9596,"date":"2023-05-21T12:04:24","date_gmt":"2023-05-21T09:04:24","guid":{"rendered":"https:\/\/marmarayerelhizmet.com\/?p=9596"},"modified":"2023-05-21T12:04:24","modified_gmt":"2023-05-21T09:04:24","slug":"beyoglu-belediyesinden-genclik-senligi","status":"publish","type":"post","link":"https:\/\/marmarayerelhizmet.com\/index.php\/2023\/05\/21\/beyoglu-belediyesinden-genclik-senligi\/","title":{"rendered":"Beyo\u011flu Belediyesi&#8217;nden Gen\u00e7lik \u015eenli\u011fi"},"content":{"rendered":"<p><strong><span style=\"font-family: arial, helvetica, sans-serif; font-size: 14px;\">Beyo\u011flu Belediyesi 19 May\u0131s Gen\u00e7lik ve Spor Bayram\u0131\u2019n\u0131n 104. Y\u0131l\u0131 kapsam\u0131nda bir &#8220;Gen\u00e7lik \u015eenli\u011fi&#8221; ger\u00e7ekle\u015ftirdi. \u015eenlik Hask\u00f6y K\u00fclt\u00fcr Sanat ve G\u00f6steri Merkezinde ger\u00e7ekle\u015fti.<br \/>\n<\/span><\/strong><br \/>\n<span style=\"font-family: arial, helvetica, sans-serif; font-size: 14px;\">Sanat\u00e7\u0131 Ali K\u0131n\u0131k\u2019\u0131n da konser verdi\u011fi \u015fenli\u011fe Beyo\u011flu Belediye Ba\u015fkan\u0131 Haydar Ali Y\u0131ld\u0131z ve AK Parti \u0130stanbul 2. B\u00f6lge Milletvekili B\u00fc\u015fra Paker de kat\u0131ld\u0131. Ak\u015fam saat 19.00&#8217;da ba\u015flayan \u015fenlikte, vatanda\u015flar konsere g\u00f6sterdi\u011fi ilgiyle alan\u0131 doldururken, g\u00f6steri merkezinin \u00f6n\u00fcne getirilen Togg arabaya da yo\u011fun ilgi g\u00f6sterdikleri g\u00f6r\u00fcld\u00fc. Konserde \u00e7alan \u015fark\u0131 ve t\u00fcrk\u00fclere Beyo\u011flulu vatanda\u015flar telefon \u0131\u015f\u0131klar\u0131 ve T\u00fcrk bayraklar\u0131yla e\u015flik etti.<\/span><br \/>\n<span style=\"font-family: arial, helvetica, sans-serif; font-size: 14px;\">Belediye Ba\u015fkan\u0131 Haydar Ali Y\u0131ld\u0131z konser \u00f6ncesi yapt\u0131\u011f\u0131 a\u00e7\u0131klamada \u00f6nce gen\u00e7lerin Gen\u00e7lik ve Spor Bayram\u0131n\u0131 kutlarken daha sonra 28 May\u0131s&#8217;ta yap\u0131lacak olan Cumhurba\u015fkanl\u0131\u011f\u0131 se\u00e7imi 2. turundan gen\u00e7lere bahsetti ve \u015funlar\u0131 s\u00f6yledi: &#8220;Sand\u0131k size emanet, bayrak size emanet, vatan size emanet, devlet size emanet, bu \u00fclkenin gelece\u011fi, istikbali size emanet, Recep Tayyip Erdo\u011fan size emanet.&#8221;<\/span><br \/>\n<span style=\"font-family: arial, helvetica, sans-serif; font-size: 14px;\">Daha sonra sahneye \u00e7\u0131kan ve Gen\u00e7lik Bayram\u0131n\u0131 kutlayan Ak Parti \u0130stanbul 2. B\u00f6lge Milletvekili B\u00fc\u015fra Paker, &#8220;Gen\u00e7lerle birlikte T\u00fcrkiye Y\u00fczy\u0131l\u0131&#8217;na gidiyoruz. Umudumuzu gen\u00e7lere ba\u011flad\u0131k.&#8221; dedi.<\/span><br \/>\n<span style=\"font-family: arial, helvetica, sans-serif; font-size: 14px;\">\u015eenlikte konser veren sanat\u00e7\u0131 Ali K\u0131n\u0131k ise se\u00e7imlerde Cumhur ittifak\u0131n\u0131 destekledi\u011fini a\u00e7\u0131klayan Ba\u015fkan Y\u0131ld\u0131z, &#8220;D\u00fcnya g\u00f6r\u00fc\u015f\u00fc T\u00fcrk milliyet\u00e7isi ve muhafazakar g\u00f6r\u00fc\u015fl\u00fc biri olarak Millet ittifak\u0131na oy verece\u011fim desem bana senin HDP ve PKK ile ne i\u015fin var, FET\u00d6 ile ne i\u015fin var, LGBT&#8217;yi destekleyenlerle ne i\u015fin var dersiniz, de\u011fil mi?&#8221; s\u00f6zlerini kulland\u0131.<\/span><br \/>\n<span style=\"font-family: arial, helvetica, sans-serif; font-size: 14px;\">Belediye Ba\u015fkan\u0131 sanat\u00e7\u0131 Ali K\u0131n\u0131k&#8217;a \u00e7i\u00e7ek hediye ederken \u015fenlik de Ali K\u0131n\u0131k&#8217;\u0131n s\u00f6yledi\u011fi t\u00fcrk\u00fclerle devam etti.<\/span><\/p>\n","protected":false},"excerpt":{"rendered":"<p>Beyo\u011flu Belediyesi 19 May\u0131s Gen\u00e7lik ve Spor Bayram\u0131\u2019n\u0131n 104. Y\u0131l\u0131 kapsam\u0131nda bir &#8220;Gen\u00e7lik \u015eenli\u011fi&#8221; ger\u00e7ekle\u015ftirdi. \u015eenlik Hask\u00f6y K\u00fclt\u00fcr Sanat ve<\/p>\n","protected":false},"author":3,"featured_media":9598,"comment_status":"open","ping_status":"open","sticky":false,"template":"","format":"standard","meta":{"colormag_page_container_layout":"default_layout","colormag_page_sidebar_layout":"default_layout","footnotes":""},"categories":[1,5,8],"tags":[],"class_list":["post-9596","post","type-post","status-publish","format-standard","has-post-thumbnail","hentry","category-genel","category-gundem","category-siyaset"],"_links":{"self":[{"href":"https:\/\/marmarayerelhizmet.com\/index.php\/wp-json\/wp\/v2\/posts\/9596","targetHints":{"allow":["GET"]}}],"collection":[{"href":"https:\/\/marmarayerelhizmet.com\/index.php\/wp-json\/wp\/v2\/posts"}],"about":[{"href":"https:\/\/marmarayerelhizmet.com\/index.php\/wp-json\/wp\/v2\/types\/post"}],"author":[{"embeddable":true,"href":"https:\/\/marmarayerelhizmet.com\/index.php\/wp-json\/wp\/v2\/users\/3"}],"replies":[{"embeddable":true,"href":"https:\/\/marmarayerelhizmet.com\/index.php\/wp-json\/wp\/v2\/comments?post=9596"}],"version-history":[{"count":0,"href":"https:\/\/marmarayerelhizmet.com\/index.php\/wp-json\/wp\/v2\/posts\/9596\/revisions"}],"wp:featuredmedia":[{"embeddable":true,"href":"https:\/\/marmarayerelhizmet.com\/index.php\/wp-json\/wp\/v2\/media\/9598"}],"wp:attachment":[{"href":"https:\/\/marmarayerelhizmet.com\/index.php\/wp-json\/wp\/v2\/media?parent=9596"}],"wp:term":[{"taxonomy":"category","embeddable":true,"href":"https:\/\/marmarayerelhizmet.com\/index.php\/wp-json\/wp\/v2\/categories?post=9596"},{"taxonomy":"post_tag","embeddable":true,"href":"https:\/\/marmarayerelhizmet.com\/index.php\/wp-json\/wp\/v2\/tags?post=9596"}],"curies":[{"name":"wp","href":"https:\/\/api.w.org\/{rel}","templated":true}]}}