{"id":9451,"date":"2023-05-15T15:22:40","date_gmt":"2023-05-15T12:22:40","guid":{"rendered":"https:\/\/marmarayerelhizmet.com\/?p=9451"},"modified":"2023-05-15T15:22:40","modified_gmt":"2023-05-15T12:22:40","slug":"hane-halki-buyuklugu-dustu","status":"publish","type":"post","link":"https:\/\/marmarayerelhizmet.com\/index.php\/2023\/05\/15\/hane-halki-buyuklugu-dustu\/","title":{"rendered":"Hane Halk\u0131 B\u00fcy\u00fckl\u00fc\u011f\u00fc D\u00fc\u015ft\u00fc"},"content":{"rendered":"<p><strong><span style=\"font-family: arial, helvetica, sans-serif; font-size: 14px;\">Emlak Uzman\u0131 Mustafa Hakan \u00d6zelmac\u0131kl\u0131, &#8220;15 May\u0131s g\u00fcn\u00fc Uluslararas\u0131 Aile G\u00fcn\u00fc, 15-21 May\u0131s ise Aile Haftas\u0131 olarak kutlan\u0131yor. 2023 temas\u0131 \u201cDemografik E\u011filimler ve Aileler\u201d olan bu g\u00fcnde \u00fclkemizden de dikkat \u00e7ekici istatistikler bulunuyor&#8221; dedi.<\/span><\/strong><\/p>\n<p><span style=\"font-family: arial, helvetica, sans-serif; font-size: 14px;\">T\u00dc\u0130K \u0130statistiklerle Aile 2022 y\u0131l\u0131 sonu\u00e7lar\u0131n\u0131 de\u011ferlendiren Alt\u0131n Emlak Genel M\u00fcd\u00fcr\u00fc Mustafa Hakan \u00d6zelmac\u0131kl\u0131, \u201cT\u00fcrkiye&#8217;de 2008 y\u0131l\u0131nda 4 ki\u015fi olan ortalama hane halk\u0131 b\u00fcy\u00fckl\u00fc\u011f\u00fc azalma e\u011filimini devam ettirerek 2022 y\u0131l\u0131nda 3,17 ki\u015fiye d\u00fc\u015ft\u00fc. Yaln\u0131z ya\u015fayan fertlerden olu\u015fan tek ki\u015filik hane halklar\u0131n\u0131n oran\u0131 ise y\u00fczde 19,4\u2019e y\u00fckseldi. Geni\u015f aileden olu\u015fan hane halklar\u0131n\u0131n oran\u0131nda azalma gayrimenkul tercihlerini de etkiliyor\u201d dedi.<\/span><\/p>\n<p><strong><span style=\"font-family: arial, helvetica, sans-serif; font-size: 14px;\">&#8220;Kendine ait konutta oturanlar\u0131n oran\u0131 y\u00fczde 56,7&#8221;<\/span><\/strong><br \/>\n<span style=\"font-family: arial, helvetica, sans-serif; font-size: 14px;\">Fertlerin y\u00fczde 56,7\u2019sinin oturduklar\u0131 konutun kendilerine ait oldu\u011funu belirten \u00d6zelmac\u0131kl\u0131, \u201cKirac\u0131lar\u0131n oran\u0131nda da ge\u00e7en y\u0131la g\u00f6re art\u0131\u015f devam etti ve oran y\u00fczde 27,2 seviyesine y\u00fckseldi. T\u00fcrkiye&#8217;de 2022 y\u0131l\u0131nda toplam hane halklar\u0131n\u0131n y\u00fczde 10,3&#8217;\u00fcn\u00fc tek ebeveyn ve \u00e7ocuklardan olu\u015fan hane halklar\u0131 olu\u015fturdu\u201d dedi.<\/span><\/p>\n<p><strong><span style=\"font-family: arial, helvetica, sans-serif; font-size: 14px;\">&#8220;Konut ve \u00e7evre konusunda ya\u015fanan sorunlar art\u0131yor&#8221;<\/span><\/strong><br \/>\n<span style=\"font-family: arial, helvetica, sans-serif; font-size: 14px;\">\u00d6zelmac\u0131kl\u0131, \u201cFertlere g\u00f6re evlerde y\u00fczde 33,61 ile ya\u015fanan en \u00f6nemli sorun izolasyondan dolay\u0131 \u0131s\u0131namama. Bunu y\u00fczde 33,57 ile s\u0131zd\u0131ran \u00e7at\u0131, nemli duvarlar, \u00e7\u00fcr\u00fcm\u00fc\u015f pencere \u00e7er\u00e7evesi vb. problemler takip ediyor. Y\u00fczde 21,72&#8217;si ise trafik veya end\u00fcstrinin neden oldu\u011fu hava kirlili\u011fi, \u00e7evre kirlili\u011fi veya di\u011fer \u00e7evresel sorunlar ya\u015fad\u0131\u011f\u0131 g\u00f6r\u00fcl\u00fcyor. \u0130statistiklere g\u00f6re odalar\u0131n karanl\u0131k olmas\u0131 veya yeterli \u0131\u015f\u0131k almamas\u0131 y\u00fczde 16,09, kom\u015fulardan veya sokaktan gelen g\u00fcr\u00fclt\u00fc y\u00fczde 15,79 ve su\u00e7 veya \u015fiddet olaylar\u0131 ile yo\u011fun bir \u015fekilde kar\u015f\u0131la\u015fma y\u00fczde 10,41 d\u00fczeyinde ya\u015fanan sorunlar\u201d diye konu\u015ftu.<\/span><\/p>\n","protected":false},"excerpt":{"rendered":"<p>Emlak Uzman\u0131 Mustafa Hakan \u00d6zelmac\u0131kl\u0131, &#8220;15 May\u0131s g\u00fcn\u00fc Uluslararas\u0131 Aile G\u00fcn\u00fc, 15-21 May\u0131s ise Aile Haftas\u0131 olarak kutlan\u0131yor. 2023 temas\u0131<\/p>\n","protected":false},"author":3,"featured_media":9458,"comment_status":"open","ping_status":"open","sticky":false,"template":"","format":"standard","meta":{"colormag_page_container_layout":"default_layout","colormag_page_sidebar_layout":"default_layout","footnotes":""},"categories":[1,5],"tags":[],"class_list":["post-9451","post","type-post","status-publish","format-standard","has-post-thumbnail","hentry","category-genel","category-gundem"],"_links":{"self":[{"href":"https:\/\/marmarayerelhizmet.com\/index.php\/wp-json\/wp\/v2\/posts\/9451","targetHints":{"allow":["GET"]}}],"collection":[{"href":"https:\/\/marmarayerelhizmet.com\/index.php\/wp-json\/wp\/v2\/posts"}],"about":[{"href":"https:\/\/marmarayerelhizmet.com\/index.php\/wp-json\/wp\/v2\/types\/post"}],"author":[{"embeddable":true,"href":"https:\/\/marmarayerelhizmet.com\/index.php\/wp-json\/wp\/v2\/users\/3"}],"replies":[{"embeddable":true,"href":"https:\/\/marmarayerelhizmet.com\/index.php\/wp-json\/wp\/v2\/comments?post=9451"}],"version-history":[{"count":0,"href":"https:\/\/marmarayerelhizmet.com\/index.php\/wp-json\/wp\/v2\/posts\/9451\/revisions"}],"wp:featuredmedia":[{"embeddable":true,"href":"https:\/\/marmarayerelhizmet.com\/index.php\/wp-json\/wp\/v2\/media\/9458"}],"wp:attachment":[{"href":"https:\/\/marmarayerelhizmet.com\/index.php\/wp-json\/wp\/v2\/media?parent=9451"}],"wp:term":[{"taxonomy":"category","embeddable":true,"href":"https:\/\/marmarayerelhizmet.com\/index.php\/wp-json\/wp\/v2\/categories?post=9451"},{"taxonomy":"post_tag","embeddable":true,"href":"https:\/\/marmarayerelhizmet.com\/index.php\/wp-json\/wp\/v2\/tags?post=9451"}],"curies":[{"name":"wp","href":"https:\/\/api.w.org\/{rel}","templated":true}]}}