{"id":9419,"date":"2023-05-14T18:45:46","date_gmt":"2023-05-14T15:45:46","guid":{"rendered":"https:\/\/marmarayerelhizmet.com\/?p=9419"},"modified":"2023-05-14T18:45:46","modified_gmt":"2023-05-14T15:45:46","slug":"engelli-ve-yaslilar-sandiklara-tasindi","status":"publish","type":"post","link":"https:\/\/marmarayerelhizmet.com\/index.php\/2023\/05\/14\/engelli-ve-yaslilar-sandiklara-tasindi\/","title":{"rendered":"Engelli ve Ya\u015fl\u0131lar Sand\u0131klara Ta\u015f\u0131nd\u0131"},"content":{"rendered":"<p><strong><span style=\"font-family: arial, helvetica, sans-serif; font-size: 14px;\">Esenyurt Belediyesi, il\u00e7edeki engelli ve 65 ya\u015f ve \u00fczeri hasta vatanda\u015flar\u0131n oy kullanacaklar\u0131 okullara ula\u015f\u0131m\u0131n\u0131 sa\u011flad\u0131. Ambulans ve asans\u00f6rl\u00fc engelli ara\u00e7lar\u0131yla sand\u0131k ba\u015f\u0131na getirilen vatanda\u015flar, oylar\u0131n\u0131 rahatl\u0131kla kulland\u0131.<br \/>\n<\/span><\/strong><br \/>\n<span style=\"font-family: arial, helvetica, sans-serif; font-size: 14px;\">Esenyurt Belediyesi, Cumhurba\u015fkanl\u0131\u011f\u0131 ve 28. D\u00f6nem Milletvekili Se\u00e7imleri&#8217;nde engelli ve yatalak hastalar\u0131n vatanda\u015fl\u0131k g\u00f6revlerini yerine getirmeleri i\u00e7in seferber oldu. Ambulans, hasta nakil arac\u0131 ve asans\u00f6rl\u00fc engelli ara\u00e7lar\u0131yla okullara getirilen vatanda\u015flar, oylar\u0131n\u0131 kulland\u0131. Belediye b\u00fcnyesindeki 60 sa\u011fl\u0131k personelinin g\u00f6rev ald\u0131\u011f\u0131 bu hizmetle, nakil ara\u00e7lar\u0131yla \u00f6nceden ba\u015fvuru yapan 348 vatanda\u015fa ula\u015f\u0131m imk\u00e2n\u0131 sa\u011fland\u0131. Engelli ve ya\u015fl\u0131lar i\u00e7in t\u00fcm imk\u00e2nlar\u0131 seferber eden ekipler, oy kullanma i\u015flemlerini tamamlayan vatanda\u015flar\u0131 evlerine b\u0131rakt\u0131.<br \/>\n<\/span><br \/>\n<strong><span style=\"font-family: arial, helvetica, sans-serif; font-size: 14px;\">\u201c348 vatanda\u015f\u0131m\u0131za hizmet verdik\u201d<\/span><\/strong><br \/>\n<span style=\"font-family: arial, helvetica, sans-serif; font-size: 14px;\">Engelli ve ya\u015fl\u0131 vatanda\u015flar\u0131n oylar\u0131n\u0131 rahatl\u0131kla kullanabilmesi i\u00e7in t\u00fcm sa\u011fl\u0131k personellerinin g\u00fcn boyu hizmet verdi\u011fini s\u00f6yleyen Esenyurt Belediyesi Sa\u011fl\u0131k \u0130\u015fleri M\u00fcd\u00fcr\u00fc Halil \u0130brahim \u00c7al\u0131\u015f \u015f\u00f6yle konu\u015ftu: \u201cSe\u00e7im s\u00fcrecinde vatanda\u015flar\u0131m\u0131z\u0131n oylar\u0131n\u0131 kullanabilmeleri i\u00e7in bir koordinasyon merkezi olu\u015fturduk. Bu merkezimizde 7 ambulans, 3 asans\u00f6rl\u00fc engelli arac\u0131 ve 13 tane hasta nakil arac\u0131m\u0131zla sabah 07.00 saatlerinden itibaren hizmet vermeye ba\u015flad\u0131k. Bug\u00fcn 348 vatanda\u015f\u0131m\u0131za hizmet verdik. Evlerinden al\u0131p oy kullanmaya g\u00f6t\u00fcrd\u00fc\u011f\u00fcm\u00fcz vatanda\u015flar\u0131m\u0131z\u0131 tekrar evlerine b\u0131rakt\u0131k.\u201d<br \/>\n<\/span><br \/>\n<strong><span style=\"font-family: arial, helvetica, sans-serif; font-size: 14px;\">\u201cBu hizmet olmasa oy kullanamazd\u0131m\u201d<\/span><\/strong><br \/>\n<span style=\"font-family: arial, helvetica, sans-serif; font-size: 14px;\">Ald\u0131\u011f\u0131 hizmetten dolay\u0131 Esenyurt Belediyesi\u2019ne te\u015fekk\u00fcr eden \u00d6mer Arslan, \u201c\u00c7ok memnunum. Bu hizmet olmasa oy kullanmaya gidemezdim. Allah raz\u0131 olsun. Ben Kemal Bey\u2019den \u00e7ok memnunum. Allah yar ve yard\u0131mc\u0131s\u0131 olsun\u201d dedi. Sibel G\u00fcng\u00f6r ise \u201cAllah raz\u0131 olsun. Verdi\u011fi hizmetler d\u00f6rt d\u00f6rtl\u00fck. Ya\u015fl\u0131lar\u0131m\u0131za, engelli insanlar\u0131m\u0131za yard\u0131m ediyorlar. Belediyenin t\u00fcm \u00e7al\u0131\u015fanlar\u0131na \u00e7ok te\u015fekk\u00fcr ediyorum\u201d diye konu\u015ftu.<\/span><\/p>\n","protected":false},"excerpt":{"rendered":"<p>Esenyurt Belediyesi, il\u00e7edeki engelli ve 65 ya\u015f ve \u00fczeri hasta vatanda\u015flar\u0131n oy kullanacaklar\u0131 okullara ula\u015f\u0131m\u0131n\u0131 sa\u011flad\u0131. Ambulans ve asans\u00f6rl\u00fc engelli<\/p>\n","protected":false},"author":3,"featured_media":9421,"comment_status":"open","ping_status":"open","sticky":false,"template":"","format":"standard","meta":{"colormag_page_container_layout":"default_layout","colormag_page_sidebar_layout":"default_layout","footnotes":""},"categories":[1,5,8],"tags":[],"class_list":["post-9419","post","type-post","status-publish","format-standard","has-post-thumbnail","hentry","category-genel","category-gundem","category-siyaset"],"_links":{"self":[{"href":"https:\/\/marmarayerelhizmet.com\/index.php\/wp-json\/wp\/v2\/posts\/9419","targetHints":{"allow":["GET"]}}],"collection":[{"href":"https:\/\/marmarayerelhizmet.com\/index.php\/wp-json\/wp\/v2\/posts"}],"about":[{"href":"https:\/\/marmarayerelhizmet.com\/index.php\/wp-json\/wp\/v2\/types\/post"}],"author":[{"embeddable":true,"href":"https:\/\/marmarayerelhizmet.com\/index.php\/wp-json\/wp\/v2\/users\/3"}],"replies":[{"embeddable":true,"href":"https:\/\/marmarayerelhizmet.com\/index.php\/wp-json\/wp\/v2\/comments?post=9419"}],"version-history":[{"count":0,"href":"https:\/\/marmarayerelhizmet.com\/index.php\/wp-json\/wp\/v2\/posts\/9419\/revisions"}],"wp:featuredmedia":[{"embeddable":true,"href":"https:\/\/marmarayerelhizmet.com\/index.php\/wp-json\/wp\/v2\/media\/9421"}],"wp:attachment":[{"href":"https:\/\/marmarayerelhizmet.com\/index.php\/wp-json\/wp\/v2\/media?parent=9419"}],"wp:term":[{"taxonomy":"category","embeddable":true,"href":"https:\/\/marmarayerelhizmet.com\/index.php\/wp-json\/wp\/v2\/categories?post=9419"},{"taxonomy":"post_tag","embeddable":true,"href":"https:\/\/marmarayerelhizmet.com\/index.php\/wp-json\/wp\/v2\/tags?post=9419"}],"curies":[{"name":"wp","href":"https:\/\/api.w.org\/{rel}","templated":true}]}}