{"id":9295,"date":"2023-05-10T23:55:17","date_gmt":"2023-05-10T20:55:17","guid":{"rendered":"https:\/\/marmarayerelhizmet.com\/?p=9295"},"modified":"2023-05-10T23:55:17","modified_gmt":"2023-05-10T20:55:17","slug":"dunya-pilates-haftasini-kutladilar","status":"publish","type":"post","link":"https:\/\/marmarayerelhizmet.com\/index.php\/2023\/05\/10\/dunya-pilates-haftasini-kutladilar\/","title":{"rendered":"&#8216;D\u00fcnya Pilates Haftas\u0131\u2019n\u0131 Kutlad\u0131lar"},"content":{"rendered":"<p><strong><span style=\"font-family: arial, helvetica, sans-serif;\">B\u00fcy\u00fck\u00e7ekmeceli Kad\u0131nlar D\u00fcnya Pilates Haftas\u0131 etkinli\u011finde bir araya geldi. Mimaroba B\u00fcy\u00fck Atat\u00fcrk Park\u0131\u2019nda d\u00fczenlenen etkinli\u011fe kat\u0131l\u0131m \u00e7ok yo\u011fun olurken erkeklerin de ilgi g\u00f6sterdi\u011fi pilates e\u011fitiminde ortaya da renkli g\u00f6r\u00fcnt\u00fcler \u00e7\u0131kt\u0131.<\/span><\/strong><\/p>\n<p><span style=\"font-family: arial, helvetica, sans-serif;\">B\u00fcy\u00fck\u00e7ekmece Belediyesi taraf\u0131ndan d\u00fcnya pilates g\u00fcn\u00fc nedeniyle etkinlik d\u00fczenlendi. Mimaroba B\u00fcy\u00fck Atat\u00fcrk Park\u0131\u2019nda d\u00fczenlenen etkinli\u011fe yo\u011fun ilgi g\u00f6sterildi. Pilates yapan kad\u0131nlara erkekler de e\u015flik etti. D\u00fcnya Pilates Haftas\u0131 \u00e7er\u00e7evesinde d\u00fczenlenen etkinli\u011fe kat\u0131lan B\u00fcy\u00fck\u00e7ekmeceliler B\u00fcy\u00fck\u00e7ekmece Belediyesi Spor Akademisi e\u011fitmenleri e\u015fli\u011finde pilates, y\u00fcz yogas\u0131 ve kahkaha yogas\u0131 yapt\u0131. Y\u00fczlerce ki\u015finin kat\u0131l\u0131m\u0131yla ger\u00e7ekle\u015fen etkinlik renkli g\u00f6r\u00fcnt\u00fcler e\u015fli\u011finde s\u00fcrd\u00fc. Kat\u0131l\u0131mc\u0131lar pilates yaparak hayatlar\u0131nda daha mutlu ve dinamik olduklar\u0131n\u0131 ifade etti.<\/span><\/p>\n<p><strong><span style=\"font-family: arial, helvetica, sans-serif;\">&#8220;\u0130\u015fi b\u0131rak\u0131rken ilk yapmak istedi\u011fim \u015fey spor yapmakt\u0131&#8221;<\/span><\/strong><br \/>\n<span style=\"font-family: arial, helvetica, sans-serif;\">Duygular\u0131n\u0131 dile getiren G\u00fcll\u00fc K\u00f6se, &#8220;1 y\u0131l oldu i\u015fi b\u0131rakal\u0131 ve i\u015fi b\u0131rak\u0131rken ilk yapmak istedi\u011fim \u015fey spor yapmakt\u0131. Ceylan hocan\u0131n ad\u0131n\u0131 \u00e7ok duymu\u015ftum. O gruba dahil oldum. V\u00fccudumda, evimde, d\u00fczende bana \u00e7ok etkisi oldu. \u00d6zellikle i\u015ften ayr\u0131lm\u0131\u015f birisi olarak d\u00fczen geldi hayat\u0131ma. B\u00fcy\u00fck\u00e7ekmece bu konuda zaten \u00e7ok aktif. Yapmak istedi\u011fim \u015feylerden birisiydi. \u00c7ok te\u015fekk\u00fcr ediyorum. B\u00fcy\u00fck\u00e7ekmece\u2019nin bu fark\u0131n\u0131 ya\u015fayarak hissetmek istedim. Sahilini, sporunu ve \u00e7ok g\u00fczel bir etkinlik.\u2019\u2019<\/span><\/p>\n<p><strong><span style=\"font-family: arial, helvetica, sans-serif;\">&#8220;Ba\u015fkan\u0131m\u0131za \u00e7ok te\u015fekk\u00fcr ediyorum&#8221;<\/span><\/strong><br \/>\n<span style=\"font-family: arial, helvetica, sans-serif;\">Etkinli\u011fe kat\u0131lan Semra \u00dcge, &#8220;2002 y\u0131l\u0131nda B\u00fcy\u00fck\u00e7ekmece\u2019ye yerle\u015ftim. 2002 y\u0131l\u0131ndan bug\u00fcne kadar belediyenin spor tesislerinde spor yap\u0131yorum. Pilates hocam\u0131zla daha \u00f6nce zumba var, aerobik var, yoga var. En son Ceylan hocam\u0131z ile ba\u015flad\u0131k. Onunla devam ediyoruz. Ben 90 kiloydum buraya geldi\u011fim zaman ve sporla bu haldeyim. Birka\u00e7 y\u0131ld\u0131r da bu kilomu koruyorum. Pilatesi A\u2019s\u0131ndan Z\u2019sine \u00f6\u011freten bir insan Ceylan hoca. Ben bu y\u00fczden ba\u015fkan\u0131m\u0131za \u00e7ok te\u015fekk\u00fcr ediyorum. B\u00fcy\u00fck\u00e7ekmece kad\u0131nlar\u0131na b\u00f6yle bir d\u00fczen sa\u011flad\u0131\u011f\u0131 i\u00e7in.&#8221;<\/span><\/p>\n<p><span style=\"font-family: arial, helvetica, sans-serif;\">Etkinlik sonunda B\u00fcy\u00fck\u00e7ekmece Belediye Ba\u015fkan\u0131 Dr. Hasan Akg\u00fcn ad\u0131na B\u00fcy\u00fck\u00e7ekmece Belediyesi Koordinat\u00f6r\u00fc G\u00fcrhan Ozano\u011flu taraf\u0131ndan e\u011fitmenlere \u00e7i\u00e7ek takdim edildi.<\/span><\/p>\n","protected":false},"excerpt":{"rendered":"<p>B\u00fcy\u00fck\u00e7ekmeceli Kad\u0131nlar D\u00fcnya Pilates Haftas\u0131 etkinli\u011finde bir araya geldi. Mimaroba B\u00fcy\u00fck Atat\u00fcrk Park\u0131\u2019nda d\u00fczenlenen etkinli\u011fe kat\u0131l\u0131m \u00e7ok yo\u011fun olurken erkeklerin<\/p>\n","protected":false},"author":3,"featured_media":9297,"comment_status":"open","ping_status":"open","sticky":false,"template":"","format":"standard","meta":{"colormag_page_container_layout":"default_layout","colormag_page_sidebar_layout":"default_layout","footnotes":""},"categories":[1,5,8,9],"tags":[],"class_list":["post-9295","post","type-post","status-publish","format-standard","has-post-thumbnail","hentry","category-genel","category-gundem","category-siyaset","category-spor"],"_links":{"self":[{"href":"https:\/\/marmarayerelhizmet.com\/index.php\/wp-json\/wp\/v2\/posts\/9295","targetHints":{"allow":["GET"]}}],"collection":[{"href":"https:\/\/marmarayerelhizmet.com\/index.php\/wp-json\/wp\/v2\/posts"}],"about":[{"href":"https:\/\/marmarayerelhizmet.com\/index.php\/wp-json\/wp\/v2\/types\/post"}],"author":[{"embeddable":true,"href":"https:\/\/marmarayerelhizmet.com\/index.php\/wp-json\/wp\/v2\/users\/3"}],"replies":[{"embeddable":true,"href":"https:\/\/marmarayerelhizmet.com\/index.php\/wp-json\/wp\/v2\/comments?post=9295"}],"version-history":[{"count":0,"href":"https:\/\/marmarayerelhizmet.com\/index.php\/wp-json\/wp\/v2\/posts\/9295\/revisions"}],"wp:featuredmedia":[{"embeddable":true,"href":"https:\/\/marmarayerelhizmet.com\/index.php\/wp-json\/wp\/v2\/media\/9297"}],"wp:attachment":[{"href":"https:\/\/marmarayerelhizmet.com\/index.php\/wp-json\/wp\/v2\/media?parent=9295"}],"wp:term":[{"taxonomy":"category","embeddable":true,"href":"https:\/\/marmarayerelhizmet.com\/index.php\/wp-json\/wp\/v2\/categories?post=9295"},{"taxonomy":"post_tag","embeddable":true,"href":"https:\/\/marmarayerelhizmet.com\/index.php\/wp-json\/wp\/v2\/tags?post=9295"}],"curies":[{"name":"wp","href":"https:\/\/api.w.org\/{rel}","templated":true}]}}