{"id":9198,"date":"2023-05-06T23:13:52","date_gmt":"2023-05-06T20:13:52","guid":{"rendered":"https:\/\/marmarayerelhizmet.com\/?p=9198"},"modified":"2023-05-06T23:13:52","modified_gmt":"2023-05-06T20:13:52","slug":"canakkale-koprusune-odul","status":"publish","type":"post","link":"https:\/\/marmarayerelhizmet.com\/index.php\/2023\/05\/06\/canakkale-koprusune-odul\/","title":{"rendered":"\u00c7anakkale K\u00f6pr\u00fcs\u00fcne \u00d6d\u00fcl"},"content":{"rendered":"<p><strong><span style=\"font-family: arial, helvetica, sans-serif; font-size: 14px;\">\u00c7evresel ve sosyal alanda y\u00fcr\u00fctt\u00fc\u011f\u00fc \u00e7al\u0131\u015fmalar\u0131n yan\u0131 s\u0131ra ekonomiye katk\u0131lar\u0131 ile b\u00fcy\u00fck ilgi toplayan 1915 \u00c7anakkale K\u00f6pr\u00fcs\u00fc ve Otoyolu Projesi, Birle\u015fmi\u015f Milletler Avrupa Ekonomik Komisyonu taraf\u0131ndan d\u00fczenlenen Kamu-\u00d6zel Sekt\u00f6r \u0130\u015fbirli\u011fi ve Altyap\u0131 \u00d6d\u00fclleri kapsam\u0131nda birincilik \u00f6d\u00fcl\u00fcne lay\u0131k g\u00f6r\u00fcld\u00fc.<br \/>\n<\/span><\/strong><br \/>\n<span style=\"font-family: arial, helvetica, sans-serif; font-size: 14px;\">Ula\u015ft\u0131rma ve Altyap\u0131 Bakanl\u0131\u011f\u0131 Karayollar\u0131 Genel M\u00fcd\u00fcrl\u00fc\u011f\u00fc taraf\u0131ndan yap-i\u015flet-devret modeliyle ihale edilen, in\u015faat \u00e7al\u0131\u015fmalar\u0131 ve i\u015fletmesi T\u00fcrkiye\u2019den Limak ve Yap\u0131 Merkezi, G\u00fcney Kore\u2019den DL E&amp;C ve SK ecoplant \u015firketlerinin kurdu\u011fu ortak giri\u015fim taraf\u0131ndan y\u00fcr\u00fct\u00fclen 1915 \u00c7anakkale K\u00f6pr\u00fcs\u00fc ve Otoyolu Projesi, Birle\u015fmi\u015f Milletler Avrupa Ekonomik Komisyonu (UNECE) taraf\u0131ndan 5 May\u0131s 2023\u2019te Atina\u2019da d\u00fczenlenen UNECE Kamu-\u00d6zel Sekt\u00f6r \u0130\u015fbirli\u011fi ve Altyap\u0131 \u00d6d\u00fclleri t\u00f6reninde birincilik \u00f6d\u00fcl\u00fcne lay\u0131k g\u00f6r\u00fcld\u00fc.<\/span><br \/>\n<span style=\"font-family: arial, helvetica, sans-serif; font-size: 14px;\">Avrupa\u2019da iktisadi b\u00fct\u00fcnle\u015fmeye ve \u00fcye \u00fclkeler aras\u0131nda i\u015f birli\u011fine katk\u0131 sa\u011flamak amac\u0131yla 1947 y\u0131l\u0131nda kurulan UNECE, 7. K\u00d6\u0130 Forumu\u2019nu 3 &#8211; 5 May\u0131s 2023 tarihleri aras\u0131nda Atina\u2019da d\u00fczenledi. Forum kapsam\u0131nda ayn\u0131 zamanda UNECE Kamu-\u00d6zel Sekt\u00f6r \u0130\u015fbirli\u011fi ve Altyap\u0131 \u00d6d\u00fclleri de sahiplerini buldu.<img decoding=\"async\" class=\"size-medium wp-image-9201 alignright\" src=\"https:\/\/marmarayerelhizmet.com\/wp-content\/uploads\/2023\/05\/AW885318_02-300x225.jpg\" alt=\"\" width=\"300\" height=\"225\" srcset=\"https:\/\/marmarayerelhizmet.com\/wp-content\/uploads\/2023\/05\/AW885318_02-300x225.jpg 300w, https:\/\/marmarayerelhizmet.com\/wp-content\/uploads\/2023\/05\/AW885318_02-768x576.jpg 768w, https:\/\/marmarayerelhizmet.com\/wp-content\/uploads\/2023\/05\/AW885318_02.jpg 1000w\" sizes=\"(max-width: 300px) 100vw, 300px\" \/><\/span><br \/>\n<span style=\"font-family: arial, helvetica, sans-serif; font-size: 14px;\">Yar\u0131\u015fmaya ba\u015fvuran 70 uluslararas\u0131 proje aras\u0131ndan 48\u2019i de\u011ferlendirmeye al\u0131n\u0131rken 1915\u00c7anakkale K\u00f6pr\u00fcs\u00fc ve Otoyolu 5 finalistten biri oldu. Kazanan\u0131n Forum delegelerinin oylar\u0131 ile belirlendi\u011fi yar\u0131\u015fmada birinci olan 1915 \u00c7anakkale K\u00f6pr\u00fcs\u00fc\u2019n\u00fcn \u00f6d\u00fcl\u00fc, UNECE Kamu-\u00d6zel Sekt\u00f6r Ortakl\u0131klar\u0131 B\u00f6l\u00fcm Ba\u015fkan\u0131 Tony Bonnici ve UNECE K\u00d6\u0130\u2019ler \u00c7al\u0131\u015fma Grubu Ba\u015fkan\u0131 George Katapodis taraf\u0131ndan 1915 \u00c7anakkale K\u00f6pr\u00fcs\u00fc ve Otoyolu Finanstan Sorumlu Genel M\u00fcd\u00fcr Yard\u0131mc\u0131s\u0131 Murat Sar\u0131kaya\u2019ya takdim edildi.<\/span><br \/>\n<span style=\"font-family: arial, helvetica, sans-serif; font-size: 14px;\">Projenin bug\u00fcne kadar 20\u2019den fazla \u00f6d\u00fcl kazand\u0131\u011f\u0131n\u0131 ancak bu \u00f6d\u00fcl\u00fcn ayr\u0131 bir \u00f6nem ta\u015f\u0131d\u0131\u011f\u0131n\u0131 belirten Murat Sar\u0131kaya, \u201cBu sene d\u00f6ng\u00fcsel ekonomi temas\u0131yla d\u00fczenlenen yar\u0131\u015fma i\u00e7in iletti\u011fimiz Gelibolu Kad\u0131n Kooperatifi\u2019ne destek projemiz 1915 \u00c7anakkale K\u00f6pr\u00fcs\u00fc ve Otoyolu\u2019nun ger\u00e7ekle\u015ftirdi\u011fi 321 \u00e7evresel ve sosyal projeden yaln\u0131zca biri. Bu projelerimizle birlikte Birle\u015fmi\u015f Milletler S\u00fcrd\u00fcr\u00fclebilir Kalk\u0131nma Hedeflerinin \u00f6nemli bir b\u00f6l\u00fcm\u00fcn\u00fc desteklerken, payda\u015flar\u0131m\u0131z, b\u00f6lge ve \u00fclkemiz i\u00e7in de\u011fer olu\u015fturmaya devam ediyoruz\u201d dedi.<\/span><br \/>\n<span style=\"font-family: arial, helvetica, sans-serif; font-size: 14px;\">1915 \u00c7anakkale K\u00f6pr\u00fcs\u00fc ve Otoyolu, \u00e7evre alan\u0131ndaki \u00e7al\u0131\u015fmalar\u0131 ile 2020 y\u0131l\u0131nda The Green Organisation taraf\u0131ndan d\u00fcnya \u00e7ap\u0131nda en iyi \u00e7evresel uygulamalar\u0131 tan\u0131tmay\u0131 ve te\u015fvik etmeyi ama\u00e7layan Green World Awards alt\u0131n seviye \u00f6d\u00fcl\u00fcne lay\u0131k g\u00f6r\u00fclm\u00fc\u015ft\u00fc. 1915 \u00c7anakkale, \u015fu ana dek 12 finans \u00f6d\u00fcl\u00fc, 2 \u00e7evresel ve sosyal \u00f6d\u00fcl, 4 istihdam \u00f6d\u00fcl\u00fc ve 3 m\u00fchendislik \u00f6d\u00fcl\u00fc kazand\u0131.<\/span><\/p>\n","protected":false},"excerpt":{"rendered":"<p>\u00c7evresel ve sosyal alanda y\u00fcr\u00fctt\u00fc\u011f\u00fc \u00e7al\u0131\u015fmalar\u0131n yan\u0131 s\u0131ra ekonomiye katk\u0131lar\u0131 ile b\u00fcy\u00fck ilgi toplayan 1915 \u00c7anakkale K\u00f6pr\u00fcs\u00fc ve Otoyolu Projesi,<\/p>\n","protected":false},"author":3,"featured_media":9202,"comment_status":"open","ping_status":"open","sticky":false,"template":"","format":"standard","meta":{"colormag_page_container_layout":"default_layout","colormag_page_sidebar_layout":"default_layout","footnotes":""},"categories":[1,5],"tags":[],"class_list":["post-9198","post","type-post","status-publish","format-standard","has-post-thumbnail","hentry","category-genel","category-gundem"],"_links":{"self":[{"href":"https:\/\/marmarayerelhizmet.com\/index.php\/wp-json\/wp\/v2\/posts\/9198","targetHints":{"allow":["GET"]}}],"collection":[{"href":"https:\/\/marmarayerelhizmet.com\/index.php\/wp-json\/wp\/v2\/posts"}],"about":[{"href":"https:\/\/marmarayerelhizmet.com\/index.php\/wp-json\/wp\/v2\/types\/post"}],"author":[{"embeddable":true,"href":"https:\/\/marmarayerelhizmet.com\/index.php\/wp-json\/wp\/v2\/users\/3"}],"replies":[{"embeddable":true,"href":"https:\/\/marmarayerelhizmet.com\/index.php\/wp-json\/wp\/v2\/comments?post=9198"}],"version-history":[{"count":0,"href":"https:\/\/marmarayerelhizmet.com\/index.php\/wp-json\/wp\/v2\/posts\/9198\/revisions"}],"wp:featuredmedia":[{"embeddable":true,"href":"https:\/\/marmarayerelhizmet.com\/index.php\/wp-json\/wp\/v2\/media\/9202"}],"wp:attachment":[{"href":"https:\/\/marmarayerelhizmet.com\/index.php\/wp-json\/wp\/v2\/media?parent=9198"}],"wp:term":[{"taxonomy":"category","embeddable":true,"href":"https:\/\/marmarayerelhizmet.com\/index.php\/wp-json\/wp\/v2\/categories?post=9198"},{"taxonomy":"post_tag","embeddable":true,"href":"https:\/\/marmarayerelhizmet.com\/index.php\/wp-json\/wp\/v2\/tags?post=9198"}],"curies":[{"name":"wp","href":"https:\/\/api.w.org\/{rel}","templated":true}]}}