{"id":9144,"date":"2023-05-04T11:59:49","date_gmt":"2023-05-04T08:59:49","guid":{"rendered":"https:\/\/marmarayerelhizmet.com\/?p=9144"},"modified":"2023-05-05T12:05:14","modified_gmt":"2023-05-05T09:05:14","slug":"uluslararasi-poster-sergisi-acildi","status":"publish","type":"post","link":"https:\/\/marmarayerelhizmet.com\/index.php\/2023\/05\/04\/uluslararasi-poster-sergisi-acildi\/","title":{"rendered":"Uluslararas\u0131 Poster Sergisi A\u00e7\u0131ld\u0131"},"content":{"rendered":"<p><span style=\"font-family: arial, helvetica, sans-serif; font-size: 14px;\"><strong>Uluslararas\u0131 Poster Sergisi\u2019 Beyo\u011flu\u2019nda ziyarete a\u00e7\u0131ld\u0131. Serginin bu seneki temas\u0131 \u2018\u0130stanbul\u2019 olarak belirlendi.<br \/>\n<\/strong><\/span><br \/>\n<span style=\"font-family: arial, helvetica, sans-serif; font-size: 14px;\">Beyo\u011flu Belediyesi, ilgi \u00e7ekici bir sergiye daha ev sahipli\u011fi yapt\u0131. Beyo\u011flu Belediyesi ve Fatih Sultan Mehmet Vak\u0131f \u00dcniversitesi i\u015fbirli\u011fiyle bu y\u0131l ikincisi d\u00fczenlenen \u2018Uluslararas\u0131 Poster Sergisi\u2019, \u2018\u0130stanbul\u2019 temas\u0131yla Beyo\u011flu Belediyesi Sanat Galerisi\u2019nde a\u00e7\u0131ld\u0131. A\u00e7\u0131l\u0131\u015f t\u00f6renine, Beyo\u011flu Belediye Ba\u015fkan Yard\u0131mc\u0131s\u0131 K\u00fcbra G\u00fclal, Fatih Sultan Mehmet Vak\u0131f \u00dcniversitesi Rekt\u00f6r Yard\u0131mc\u0131s\u0131 Prof. Dr. Fahameddin Ba\u015far ve Fatih Sultan Mehmet Vak\u0131f \u00dcniversitesi Grafik Tasar\u0131m B\u00f6l\u00fcm Ba\u015fkan\u0131 Amine Refika ile birlikte \u00e7ok say\u0131da sanatsever kat\u0131ld\u0131. Burada konu\u015fan Beyo\u011flu Belediye Ba\u015fkan Yard\u0131mc\u0131s\u0131 K\u00fcbra G\u00fclal, son derece keyif verici bir sergiye ev sahipli\u011fi yapt\u0131klar\u0131n\u0131 s\u00f6yleyerek herkesi sergiyi gezmeye davet etti.<\/span><\/p>\n<p><span style=\"font-family: arial, helvetica, sans-serif; font-size: 14px;\"><strong>\u201cSanat\u0131n, sanat\u00e7\u0131n\u0131n, sanatseverin yan\u0131nda olmaya devam edece\u011fiz\u201d<\/strong><\/span><br \/>\n<span style=\"font-family: arial, helvetica, sans-serif; font-size: 14px;\">Sergiye ev sahipli\u011fi yapmaktan mutluluk duyduklar\u0131n\u0131 s\u00f6yleyen Beyo\u011flu Belediye Ba\u015fkan Yard\u0131mc\u0131s\u0131 K\u00fcbra G\u00fclal, &#8220;\u0130lham\u0131n\u0131 \u0130stanbul\u2019dan alan sergimizde, 12 yurt d\u0131\u015f\u0131 kat\u0131l\u0131mc\u0131s\u0131yla, \u00e7ok de\u011ferli eserler var. Yine bir bahara, \u0130stanbul\u2019un erguvan d\u00f6nemine denk gelmi\u015f bu sergimiz sizleri \u0130stanbul\u2019un bir\u00e7ok ikonik sembol\u00fcne al\u0131p g\u00f6t\u00fcr\u00fcyor. \u00c7ok keyifli bir seyir ortam\u0131 sunuyor. Bunun tad\u0131n\u0131 \u00e7\u0131karman\u0131z\u0131 diliyorum. Biz her zaman oldu\u011fu gibi, sanat\u0131n, sanat\u00e7\u0131n\u0131n, sanatseverin yan\u0131nda olmaya devam edece\u011fiz\u201d dedi.<\/span><br \/>\n<span style=\"font-family: arial, helvetica, sans-serif; font-size: 14px;\">Bu y\u0131l \u2018\u0130stanbul\u2019 temas\u0131yla d\u00fczenlenen poster sergisinde ziyaret\u00e7ilere eserlerin g\u00f6rsellerinin yer ald\u0131\u011f\u0131 kartpostallar hediye edildi.<\/span><\/p>\n","protected":false},"excerpt":{"rendered":"<p>Uluslararas\u0131 Poster Sergisi\u2019 Beyo\u011flu\u2019nda ziyarete a\u00e7\u0131ld\u0131. Serginin bu seneki temas\u0131 \u2018\u0130stanbul\u2019 olarak belirlendi. Beyo\u011flu Belediyesi, ilgi \u00e7ekici bir sergiye daha<\/p>\n","protected":false},"author":3,"featured_media":9150,"comment_status":"open","ping_status":"open","sticky":false,"template":"","format":"standard","meta":{"colormag_page_container_layout":"default_layout","colormag_page_sidebar_layout":"default_layout","footnotes":""},"categories":[1,5,8],"tags":[],"class_list":["post-9144","post","type-post","status-publish","format-standard","has-post-thumbnail","hentry","category-genel","category-gundem","category-siyaset"],"_links":{"self":[{"href":"https:\/\/marmarayerelhizmet.com\/index.php\/wp-json\/wp\/v2\/posts\/9144","targetHints":{"allow":["GET"]}}],"collection":[{"href":"https:\/\/marmarayerelhizmet.com\/index.php\/wp-json\/wp\/v2\/posts"}],"about":[{"href":"https:\/\/marmarayerelhizmet.com\/index.php\/wp-json\/wp\/v2\/types\/post"}],"author":[{"embeddable":true,"href":"https:\/\/marmarayerelhizmet.com\/index.php\/wp-json\/wp\/v2\/users\/3"}],"replies":[{"embeddable":true,"href":"https:\/\/marmarayerelhizmet.com\/index.php\/wp-json\/wp\/v2\/comments?post=9144"}],"version-history":[{"count":0,"href":"https:\/\/marmarayerelhizmet.com\/index.php\/wp-json\/wp\/v2\/posts\/9144\/revisions"}],"wp:featuredmedia":[{"embeddable":true,"href":"https:\/\/marmarayerelhizmet.com\/index.php\/wp-json\/wp\/v2\/media\/9150"}],"wp:attachment":[{"href":"https:\/\/marmarayerelhizmet.com\/index.php\/wp-json\/wp\/v2\/media?parent=9144"}],"wp:term":[{"taxonomy":"category","embeddable":true,"href":"https:\/\/marmarayerelhizmet.com\/index.php\/wp-json\/wp\/v2\/categories?post=9144"},{"taxonomy":"post_tag","embeddable":true,"href":"https:\/\/marmarayerelhizmet.com\/index.php\/wp-json\/wp\/v2\/tags?post=9144"}],"curies":[{"name":"wp","href":"https:\/\/api.w.org\/{rel}","templated":true}]}}