{"id":8987,"date":"2023-04-24T13:10:28","date_gmt":"2023-04-24T10:10:28","guid":{"rendered":"https:\/\/marmarayerelhizmet.com\/?p=8987"},"modified":"2023-04-24T13:10:28","modified_gmt":"2023-04-24T10:10:28","slug":"aydin-yaralar-1-yil-icerisinde-sarilacak","status":"publish","type":"post","link":"https:\/\/marmarayerelhizmet.com\/index.php\/2023\/04\/24\/aydin-yaralar-1-yil-icerisinde-sarilacak\/","title":{"rendered":"Ayd\u0131n: &#8216;Yaralar 1 Y\u0131l \u0130\u00e7erisinde Sar\u0131lacak&#8217;"},"content":{"rendered":"<p><strong><span style=\"font-family: arial, helvetica, sans-serif; font-size: 14px;\">Depremin vurdu\u011fu Hatay K\u0131r\u0131khan&#8217;da ilk g\u00fcnden itibaren yaralar\u0131n sar\u0131lmas\u0131 i\u00e7in yo\u011fun mesai harcayan \u0130stanbul Beykoz Belediye Ba\u015fkan\u0131 Murat Ayd\u0131n, \u00e7ad\u0131r kentlerde kalan aileleri ziyaret edip bayram hediyesi verdi. Deprem b\u00f6lgesine geli\u015fi biraz uzatt\u0131\u011f\u0131nda kendinin su\u00e7lu gibi hissetti\u011fini belirten Ba\u015fkan Ayd\u0131n, &#8220;B\u00f6yle bir psikoloji i\u00e7erisindeyim. Cumhurba\u015fkan\u0131m\u0131z\u0131n ifade etti\u011fi gibi yaralar 1 y\u0131l i\u00e7erisinde sar\u0131lacak, \u00f6n\u00fcm\u00fczdeki bayram \u015fartlar\u0131n \u00e7ok daha iyi oldu\u011funu g\u00f6rmek m\u00fcmk\u00fcn olacak diye inan\u0131yorum&#8221; dedi.<br \/>\n<\/span><\/strong><br \/>\n<span style=\"font-family: arial, helvetica, sans-serif; font-size: 14px;\">T\u00fcrkiye&#8217;yi yasa bo\u011fan Kahramanmara\u015f depremlerinden en \u00e7ok zarar g\u00f6ren illerin ba\u015f\u0131nda gelen Hatay&#8217;da devlet millet i\u015fbirli\u011fi ile yaralar sar\u0131lmaya devam ediyor. Bu \u00e7er\u00e7evede Ramazan Bayram\u0131nda da yaln\u0131z b\u0131rak\u0131lmayan aileler de ziyarette edilerek ac\u0131lar\u0131 hafifletilmeye \u00e7al\u0131\u015f\u0131l\u0131yor. Afeti ilk g\u00fcn\u00fcnden itibaren b\u00f6lgede \u00e7al\u0131\u015fma yapan Beykoz Belediyesinin Belediye Ba\u015fkan\u0131 Murat Ayd\u0131n&#8217;da, personelleriyle birlikte K\u0131r\u0131khan il\u00e7esinde \u00e7ad\u0131r kentlerde kalan aileleri tek tek ziyaret etti. Onlarla sohbet eden ve yak\u0131ndan ilgilenen Ayd\u0131n, hediyeler vererek ba\u015fta \u00e7ocuklar olmak \u00fczere ailelerin y\u00fczlerinde tebess\u00fcm olu\u015fturdu.<\/span><\/p>\n<p><strong><span style=\"font-family: arial, helvetica, sans-serif; font-size: 14px;\">&#8220;Depremin ilk g\u00fcn\u00fcnden itibaren buraday\u0131z&#8221;<\/span><\/strong><br \/>\n<span style=\"font-family: arial, helvetica, sans-serif; font-size: 14px;\">Depremin ilk g\u00fcn\u00fcnde itibaren b\u00f6lgede olduklar\u0131n\u0131 hat\u0131rlatan Beykoz Belediye Ba\u015fkan\u0131 Murat Ayd\u0131n, &#8220;Beykoz halk\u0131 olarak depremin ilk g\u00fcn\u00fc saat 16.00&#8217;dan itibaren buraday\u0131z. G\u00f6nl\u00fcm\u00fcz buruda. Kurumumuzun imkanlar\u0131 ile buraday\u0131z. Benim 4&#8217;\u00fcnc\u00fc defa b\u00f6lgeye geli\u015fim. Bayram\u0131 da K\u0131r\u0131khan&#8217;da ge\u00e7iriyoruz. Buradaki depremzede karde\u015flerimizle, evlatlar\u0131m\u0131zla birlikteyiz. Bayramla\u015fmam\u0131z\u0131 yapt\u0131k. \u015eimdi yine \u00e7ad\u0131rlar\u0131 dola\u015f\u0131yoruz, \u00e7ocuklar\u0131m\u0131z\u0131, karde\u015flerimizi ziyaret ediyoruz. Depremin ac\u0131lar\u0131n\u0131n sar\u0131lmas\u0131 ad\u0131na Beykoz olarak burada olal\u0131m, deprem b\u00f6lgesinde olal\u0131m istedik. \u0130nan\u0131n ben, &#8216;Buraya geli\u015fi biraz uzatt\u0131\u011f\u0131mda kendimi su\u00e7lu gibi hissediyorum. B\u00f6yle bir psikoloji i\u00e7erisindeyim. \u00c7\u00fcnk\u00fc bizim \u00fclkemizin yakla\u015f\u0131k 500 kilometrelik alan b\u00fcy\u00fck bir felaket ya\u015fad\u0131. Adeta v\u00fccudumuzun bir organ\u0131 hasar g\u00f6rd\u00fc. O ac\u0131y\u0131 hep y\u00fcre\u011fimizde hissediyoruz. O ac\u0131y\u0131 dindirmek ad\u0131na s\u00fcrekli buralara geliyoruz&#8221; diye konu\u015ftu.<\/span><\/p>\n<p><strong><span style=\"font-family: arial, helvetica, sans-serif; font-size: 14px;\">&#8220;Yaralar 1 y\u0131l i\u00e7erisinde sar\u0131lacak&#8221;<img decoding=\"async\" class=\"size-medium wp-image-8994 alignright\" src=\"https:\/\/marmarayerelhizmet.com\/wp-content\/uploads\/2023\/04\/AW875615_03-300x264.jpg\" alt=\"\" width=\"300\" height=\"264\" srcset=\"https:\/\/marmarayerelhizmet.com\/wp-content\/uploads\/2023\/04\/AW875615_03-300x264.jpg 300w, https:\/\/marmarayerelhizmet.com\/wp-content\/uploads\/2023\/04\/AW875615_03-768x675.jpg 768w, https:\/\/marmarayerelhizmet.com\/wp-content\/uploads\/2023\/04\/AW875615_03.jpg 999w\" sizes=\"(max-width: 300px) 100vw, 300px\" \/><\/span><\/strong><br \/>\n<span style=\"font-family: arial, helvetica, sans-serif; font-size: 14px;\">\u0130lk g\u00fcne g\u00f6re bug\u00fcn ki \u015fartlar\u0131n daha iyi oldu\u011funu aktaran Ayd\u0131n,&#8221; \u00d6n\u00fcm\u00fczdeki g\u00fcnler de daha da iyi olaca\u011f\u0131na inan\u0131yoruz. Mesai arkada\u015flar\u0131ma \u00e7ok \u00e7ok te\u015fekk\u00fcr ediyorum. Sa\u011f olsunlar g\u00f6n\u00fcll\u00fc olarak geliyorlar. Yakla\u015f\u0131k 2,5 ayd\u0131r buradalar. Ya\u015fam\u0131 kolayla\u015ft\u0131rmak i\u00e7in ad\u0131mlar at\u0131yorlar. Beykozlu hem\u015fehrilerimize te\u015fekk\u00fcr ediyorum. Onlar\u0131n g\u00f6nl\u00fc burada. \u0130mkanlar\u0131 ile destekleri ile buradalar. Biz onlar\u0131n yard\u0131mlar\u0131n\u0131 organize ediyoruz. Onlar\u0131n muhabbetlerini, sevgilerini buraya aktarm\u0131\u015f oluyoruz. Temennimiz duam\u0131z, arzumuz Say\u0131n Cumhurba\u015fkan\u0131m\u0131z\u0131n ifade etti\u011fi gibi yaralar 1 y\u0131l i\u00e7erisinde sar\u0131lacak. \u00d6n\u00fcm\u00fczdeki bayram \u015fartlar\u0131n \u00e7ok daha iyi oldu\u011funu g\u00f6rmek m\u00fcmk\u00fcn olacak diye inan\u0131yorum&#8221; ifadelerini kulland\u0131.<\/span><\/p>\n","protected":false},"excerpt":{"rendered":"<p>Depremin vurdu\u011fu Hatay K\u0131r\u0131khan&#8217;da ilk g\u00fcnden itibaren yaralar\u0131n sar\u0131lmas\u0131 i\u00e7in yo\u011fun mesai harcayan \u0130stanbul Beykoz Belediye Ba\u015fkan\u0131 Murat Ayd\u0131n, \u00e7ad\u0131r<\/p>\n","protected":false},"author":3,"featured_media":8995,"comment_status":"open","ping_status":"open","sticky":false,"template":"","format":"standard","meta":{"colormag_page_container_layout":"default_layout","colormag_page_sidebar_layout":"default_layout","footnotes":""},"categories":[1,5,8],"tags":[],"class_list":["post-8987","post","type-post","status-publish","format-standard","has-post-thumbnail","hentry","category-genel","category-gundem","category-siyaset"],"_links":{"self":[{"href":"https:\/\/marmarayerelhizmet.com\/index.php\/wp-json\/wp\/v2\/posts\/8987","targetHints":{"allow":["GET"]}}],"collection":[{"href":"https:\/\/marmarayerelhizmet.com\/index.php\/wp-json\/wp\/v2\/posts"}],"about":[{"href":"https:\/\/marmarayerelhizmet.com\/index.php\/wp-json\/wp\/v2\/types\/post"}],"author":[{"embeddable":true,"href":"https:\/\/marmarayerelhizmet.com\/index.php\/wp-json\/wp\/v2\/users\/3"}],"replies":[{"embeddable":true,"href":"https:\/\/marmarayerelhizmet.com\/index.php\/wp-json\/wp\/v2\/comments?post=8987"}],"version-history":[{"count":0,"href":"https:\/\/marmarayerelhizmet.com\/index.php\/wp-json\/wp\/v2\/posts\/8987\/revisions"}],"wp:featuredmedia":[{"embeddable":true,"href":"https:\/\/marmarayerelhizmet.com\/index.php\/wp-json\/wp\/v2\/media\/8995"}],"wp:attachment":[{"href":"https:\/\/marmarayerelhizmet.com\/index.php\/wp-json\/wp\/v2\/media?parent=8987"}],"wp:term":[{"taxonomy":"category","embeddable":true,"href":"https:\/\/marmarayerelhizmet.com\/index.php\/wp-json\/wp\/v2\/categories?post=8987"},{"taxonomy":"post_tag","embeddable":true,"href":"https:\/\/marmarayerelhizmet.com\/index.php\/wp-json\/wp\/v2\/tags?post=8987"}],"curies":[{"name":"wp","href":"https:\/\/api.w.org\/{rel}","templated":true}]}}