{"id":8804,"date":"2023-04-16T23:57:50","date_gmt":"2023-04-16T20:57:50","guid":{"rendered":"https:\/\/marmarayerelhizmet.com\/?p=8804"},"modified":"2023-04-19T00:08:05","modified_gmt":"2023-04-18T21:08:05","slug":"sindirgi-hakettigini-alacak","status":"publish","type":"post","link":"https:\/\/marmarayerelhizmet.com\/index.php\/2023\/04\/16\/sindirgi-hakettigini-alacak\/","title":{"rendered":"S\u0131nd\u0131rg\u0131 Haketti\u011fini Alacak"},"content":{"rendered":"<article id=\"post-8971\" class=\"post-8971 post type-post status-publish format-standard has-post-thumbnail hentry category-genel category-ilceler category-siyaset\">\n<div class=\"article-content clearfix\">\n<div class=\"entry-content clearfix\">\n<p><span style=\"font-family: arial, helvetica, sans-serif; font-size: 14px;\"><strong>Cumhuriyet Halk Partisi Bal\u0131kesir Milletvekili Aday\u0131 Serkan Sar\u0131, se\u00e7im \u00e7al\u0131\u015fmalar\u0131 kapsam\u0131nda S\u0131nd\u0131rg\u0131\u2019y\u0131 ziyaret etti. Ziyaretinde S\u0131nd\u0131rg\u0131 halk\u0131n\u0131n yo\u011fun ilgisiyle kar\u015f\u0131la\u015fan Sar\u0131, \u201cS\u0131nd\u0131rg\u0131ya bahar\u0131n geli\u015fi yak\u0131n\u201d dedi.<img decoding=\"async\" class=\"wp-image-8974 alignright tg-image-to-reveal-fade-in tg-image-to-reveal-fade-in--is-revealed\" src=\"https:\/\/balikesiryenigun.com.tr\/wp-content\/uploads\/2023\/04\/340770285_918996886043571_2203035197280430810_n-300x203.jpg\" sizes=\"(max-width: 513px) 100vw, 513px\" srcset=\"https:\/\/balikesiryenigun.com.tr\/wp-content\/uploads\/2023\/04\/340770285_918996886043571_2203035197280430810_n-300x203.jpg 300w, https:\/\/balikesiryenigun.com.tr\/wp-content\/uploads\/2023\/04\/340770285_918996886043571_2203035197280430810_n-1024x694.jpg 1024w, https:\/\/balikesiryenigun.com.tr\/wp-content\/uploads\/2023\/04\/340770285_918996886043571_2203035197280430810_n-768x521.jpg 768w, https:\/\/balikesiryenigun.com.tr\/wp-content\/uploads\/2023\/04\/340770285_918996886043571_2203035197280430810_n-1536x1041.jpg 1536w, https:\/\/balikesiryenigun.com.tr\/wp-content\/uploads\/2023\/04\/340770285_918996886043571_2203035197280430810_n.jpg 2048w\" alt=\"\" width=\"513\" height=\"347\"><\/strong><\/span><\/p>\n<p><span style=\"font-family: arial, helvetica, sans-serif; font-size: 14px;\">CHP 28. D\u00f6nem Bal\u0131kesir Milletvekili aday\u0131\u00a0Serkan Sar\u0131, CHP S\u0131ndr\u0131g\u0131 \u0130l\u00e7e Ba\u015fkanl\u0131\u011f\u0131\u2019n\u0131n haz\u0131rlad\u0131\u011f\u0131 \u00e7al\u0131\u015fma program\u0131 kapsam\u0131nda il\u00e7eyi ziyaret etti. S\u0131nd\u0131rg\u0131\u2019da yo\u011fun ilgiyle kar\u015f\u0131la\u015fan Sar\u0131, S\u0131nd\u0131rg\u0131 halk\u0131n\u0131n haketti\u011fini alaca\u011f\u0131n\u0131 s\u00f6yledi. Vatanda\u015flarla sohbet edip sorunlar\u0131 dinleyen Sar\u0131, \u201cCHP S\u0131nd\u0131rg\u0131 \u0130l\u00e7e Ba\u015fkanl\u0131\u011f\u0131m\u0131z\u0131n haz\u0131rlam\u0131\u015f oldu\u011fu \u00e7al\u0131\u015fma program\u0131 do\u011frultusunda Millet \u0130ttifak\u0131 bile\u015fenlerimiz ile birlikte esnaf\u0131m\u0131z\u0131, pazarc\u0131 esnaflar\u0131m\u0131z\u0131 ve vatanda\u015flar\u0131m\u0131z\u0131 ziyaret ederek hay\u0131rl\u0131 i\u015fler diledik. Bizleri ba\u011fr\u0131na basan S\u0131nd\u0131rg\u0131l\u0131 hem\u015fehrilerimize \u00e7ok te\u015fekk\u00fcr ederim. S\u0131nd\u0131rg\u0131ya bahar\u0131n geli\u015fi yak\u0131n! \u0130l\u00e7e Ba\u015fkan\u0131m\u0131z Serkan Sak ba\u015fta olmak \u00fczere il\u00e7e \u00f6rg\u00fct\u00fcm\u00fcze ve Millet \u0130ttifak\u0131 ortaklar\u0131m\u0131z \u0130l ve il\u00e7e ba\u015fkanlar\u0131na ve \u00fcyelerine \u00e7ok te\u015fekk\u00fcr ederim\u201d ifadelerini kulland\u0131.<\/span><\/p>\n<\/div>\n<\/div>\n<\/article>\n","protected":false},"excerpt":{"rendered":"<p>Cumhuriyet Halk Partisi Bal\u0131kesir Milletvekili Aday\u0131 Serkan Sar\u0131, se\u00e7im \u00e7al\u0131\u015fmalar\u0131 kapsam\u0131nda S\u0131nd\u0131rg\u0131\u2019y\u0131 ziyaret etti. Ziyaretinde S\u0131nd\u0131rg\u0131 halk\u0131n\u0131n yo\u011fun ilgisiyle kar\u015f\u0131la\u015fan<\/p>\n","protected":false},"author":3,"featured_media":8810,"comment_status":"open","ping_status":"open","sticky":false,"template":"","format":"standard","meta":{"colormag_page_container_layout":"default_layout","colormag_page_sidebar_layout":"default_layout","footnotes":""},"categories":[1,5,8],"tags":[],"class_list":["post-8804","post","type-post","status-publish","format-standard","has-post-thumbnail","hentry","category-genel","category-gundem","category-siyaset"],"_links":{"self":[{"href":"https:\/\/marmarayerelhizmet.com\/index.php\/wp-json\/wp\/v2\/posts\/8804","targetHints":{"allow":["GET"]}}],"collection":[{"href":"https:\/\/marmarayerelhizmet.com\/index.php\/wp-json\/wp\/v2\/posts"}],"about":[{"href":"https:\/\/marmarayerelhizmet.com\/index.php\/wp-json\/wp\/v2\/types\/post"}],"author":[{"embeddable":true,"href":"https:\/\/marmarayerelhizmet.com\/index.php\/wp-json\/wp\/v2\/users\/3"}],"replies":[{"embeddable":true,"href":"https:\/\/marmarayerelhizmet.com\/index.php\/wp-json\/wp\/v2\/comments?post=8804"}],"version-history":[{"count":0,"href":"https:\/\/marmarayerelhizmet.com\/index.php\/wp-json\/wp\/v2\/posts\/8804\/revisions"}],"wp:featuredmedia":[{"embeddable":true,"href":"https:\/\/marmarayerelhizmet.com\/index.php\/wp-json\/wp\/v2\/media\/8810"}],"wp:attachment":[{"href":"https:\/\/marmarayerelhizmet.com\/index.php\/wp-json\/wp\/v2\/media?parent=8804"}],"wp:term":[{"taxonomy":"category","embeddable":true,"href":"https:\/\/marmarayerelhizmet.com\/index.php\/wp-json\/wp\/v2\/categories?post=8804"},{"taxonomy":"post_tag","embeddable":true,"href":"https:\/\/marmarayerelhizmet.com\/index.php\/wp-json\/wp\/v2\/tags?post=8804"}],"curies":[{"name":"wp","href":"https:\/\/api.w.org\/{rel}","templated":true}]}}