{"id":8797,"date":"2023-04-18T21:44:49","date_gmt":"2023-04-18T18:44:49","guid":{"rendered":"https:\/\/marmarayerelhizmet.com\/?p=8797"},"modified":"2023-04-18T21:44:49","modified_gmt":"2023-04-18T18:44:49","slug":"altieylulden-cocuklara-bayram-hediyesi","status":"publish","type":"post","link":"https:\/\/marmarayerelhizmet.com\/index.php\/2023\/04\/18\/altieylulden-cocuklara-bayram-hediyesi\/","title":{"rendered":"Alt\u0131eyl\u00fcl\u2019den \u00c7ocuklara Bayram Hediyesi"},"content":{"rendered":"<p><strong><span style=\"font-family: arial, helvetica, sans-serif; font-size: 14px;\">Alt\u0131eyl\u00fcl Belediyesi taraf\u0131ndan geleneksel hale d\u00f6n\u00fc\u015fen Alt\u0131eyl\u00fcl U\u00e7urtma \u015eenli\u011fi 23 Nisan Ulusal Egemenlik ve \u00c7ocuk Bayram\u0131 program\u0131 i\u00e7erisinde ger\u00e7ekle\u015ftirilecek. \u015eenlik Bah\u00e7elievler Mahallesi R\u00fczg\u00e2r Caddesi Di\u015f Hastanesi kar\u015f\u0131s\u0131nda bulunan y\u00fcr\u00fcy\u00fc\u015f parkurunda yap\u0131lacak.<br \/>\n<\/span><\/strong><br \/>\n<span style=\"font-family: arial, helvetica, sans-serif; font-size: 14px;\">Alt\u0131eyl\u00fcl\u2019de ya\u015fayan vatanda\u015flar\u0131n yan\u0131 s\u0131ra di\u011fer il\u00e7elerinde b\u00fcy\u00fck ilgi g\u00f6sterdi\u011fi U\u00e7urtma \u015eenli\u011fi 23 Nisan Pazar g\u00fcn\u00fc saat 12.00 ile 16.00 aras\u0131nda Bah\u00e7elievler Mahallesi R\u00fczg\u00e2r Caddesi\u2019nde yap\u0131lacak.<\/span><br \/>\n<span style=\"font-family: arial, helvetica, sans-serif; font-size: 14px;\">Alt\u0131eyl\u00fcl Belediye Ba\u015fkan\u0131 Hasan Avc\u0131, \u201c\u00d6ncelikle t\u00fcm \u00e7ocuklar\u0131m\u0131z\u0131n 23 Nisan Ulusal Egemenlik ve \u00c7ocuk Bayram\u0131 kutlar\u0131m. Her sene geleneksel hale getirmi\u015f oldu\u011fumuz Alt\u0131eyl\u00fcl U\u00e7urtma \u015eenli\u011fi, bu y\u0131l da b\u00fcy\u00fck heyecan ve co\u015fkuyla ger\u00e7ekle\u015ftirece\u011fiz. Alt\u0131eyl\u00fcl\u2019de ikamet eden vatanda\u015flar\u0131m\u0131z ba\u015fta olmak \u00fczere t\u00fcm Bal\u0131kesirlileri \u00e7ocuklar\u0131yla birlikte Pazar g\u00fcn\u00fc yapaca\u011f\u0131m\u0131z Alt\u0131eyl\u00fcl U\u00e7urtma \u015eenli\u011fi\u2019ne bekliyoruz\u201d diye konu\u015ftu.<\/span><\/p>\n","protected":false},"excerpt":{"rendered":"<p>Alt\u0131eyl\u00fcl Belediyesi taraf\u0131ndan geleneksel hale d\u00f6n\u00fc\u015fen Alt\u0131eyl\u00fcl U\u00e7urtma \u015eenli\u011fi 23 Nisan Ulusal Egemenlik ve \u00c7ocuk Bayram\u0131 program\u0131 i\u00e7erisinde ger\u00e7ekle\u015ftirilecek. \u015eenlik<\/p>\n","protected":false},"author":3,"featured_media":8799,"comment_status":"open","ping_status":"open","sticky":false,"template":"","format":"standard","meta":{"colormag_page_container_layout":"default_layout","colormag_page_sidebar_layout":"default_layout","footnotes":""},"categories":[1,5,8],"tags":[],"class_list":["post-8797","post","type-post","status-publish","format-standard","has-post-thumbnail","hentry","category-genel","category-gundem","category-siyaset"],"_links":{"self":[{"href":"https:\/\/marmarayerelhizmet.com\/index.php\/wp-json\/wp\/v2\/posts\/8797","targetHints":{"allow":["GET"]}}],"collection":[{"href":"https:\/\/marmarayerelhizmet.com\/index.php\/wp-json\/wp\/v2\/posts"}],"about":[{"href":"https:\/\/marmarayerelhizmet.com\/index.php\/wp-json\/wp\/v2\/types\/post"}],"author":[{"embeddable":true,"href":"https:\/\/marmarayerelhizmet.com\/index.php\/wp-json\/wp\/v2\/users\/3"}],"replies":[{"embeddable":true,"href":"https:\/\/marmarayerelhizmet.com\/index.php\/wp-json\/wp\/v2\/comments?post=8797"}],"version-history":[{"count":0,"href":"https:\/\/marmarayerelhizmet.com\/index.php\/wp-json\/wp\/v2\/posts\/8797\/revisions"}],"wp:featuredmedia":[{"embeddable":true,"href":"https:\/\/marmarayerelhizmet.com\/index.php\/wp-json\/wp\/v2\/media\/8799"}],"wp:attachment":[{"href":"https:\/\/marmarayerelhizmet.com\/index.php\/wp-json\/wp\/v2\/media?parent=8797"}],"wp:term":[{"taxonomy":"category","embeddable":true,"href":"https:\/\/marmarayerelhizmet.com\/index.php\/wp-json\/wp\/v2\/categories?post=8797"},{"taxonomy":"post_tag","embeddable":true,"href":"https:\/\/marmarayerelhizmet.com\/index.php\/wp-json\/wp\/v2\/tags?post=8797"}],"curies":[{"name":"wp","href":"https:\/\/api.w.org\/{rel}","templated":true}]}}