{"id":8701,"date":"2023-04-14T17:17:36","date_gmt":"2023-04-14T14:17:36","guid":{"rendered":"https:\/\/marmarayerelhizmet.com\/?p=8701"},"modified":"2023-04-14T17:17:36","modified_gmt":"2023-04-14T14:17:36","slug":"marmara-deprem-konseyi-kuralim","status":"publish","type":"post","link":"https:\/\/marmarayerelhizmet.com\/index.php\/2023\/04\/14\/marmara-deprem-konseyi-kuralim\/","title":{"rendered":"&#8216;Marmara Deprem Konseyi Kural\u0131m&#8217;"},"content":{"rendered":"<p><span style=\"font-family: arial, helvetica, sans-serif; font-size: 14px;\"><strong>\u0130BB Ba\u015fkan\u0131 Ekrem \u0130mamo\u011flu, \u201cGelin Marmara Deprem Konseyi\u2019ni kural\u0131m. Ortak ak\u0131lla bir yol haritas\u0131 haz\u0131rlayal\u0131m. Gelin \u0130stanbul\u2019a ve Marmara\u2019ya \u00f6zel bir kanun \u00e7\u0131karal\u0131m\u201c dedi.<\/strong><\/span><\/p>\n<p><span style=\"font-family: arial, helvetica, sans-serif; font-size: 14px;\">\u0130stanbul B\u00fcy\u00fck\u015fehir Belediye (\u0130BB) Meclisi Nisan Ay\u0131 Ola\u011fan Toplant\u0131s\u0131n\u0131n 3. Birle\u015fimi Meclis Ba\u015fkanvekili Zeynel Abidin Okul ba\u015fkanl\u0131\u011f\u0131nda \u0130BB Ba\u015fkanl\u0131k binas\u0131nda ger\u00e7ekle\u015ftirildi. Toplant\u0131da konu\u015fan \u0130BB Ba\u015fkan\u0131 Ekrem \u0130mamo\u011flu, olas\u0131 Marmara depremine ili\u015fkin \u201cMarmara Deprem Konseyi\u201d kurulmas\u0131 i\u00e7in \u00e7a\u011f\u0131r\u0131da bulundu. Deprem felaketine de\u011finen \u0130BB Ba\u015fkan\u0131 Ekrem \u0130mamo\u011flu, \u201cGelin Marmara Deprem Konseyi\u2019ni kural\u0131m. Ortak ak\u0131lla bir yol haritas\u0131 haz\u0131rlayal\u0131m. Gelin \u0130stanbul\u2019a ve Marmara\u2019ya \u00f6zel bir kanun \u00e7\u0131karal\u0131m. Gelin imar planlar\u0131nda \u2018toplanma alan\u0131 ve kent i\u00e7i park alan\u0131, sa\u011fl\u0131k alan\u0131, e\u011fitim alan\u0131, itfaiye alan\u0131\u2019 olarak belirtildi\u011fi halde \u00fczerinde bina bulunan yerler i\u00e7in Acil Kamula\u015ft\u0131rma Program\u0131 hayata ge\u00e7irelim. \u0130mar d\u00fczenlemeleriyle ilgili 25 yasa, 11 y\u00f6netmeli\u011fi ve 19 farkl\u0131 kuruma da\u011f\u0131t\u0131lm\u0131\u015f yetkiyi g\u00f6zden ge\u00e7irip, stratejik bak\u0131\u015f a\u00e7\u0131s\u0131yla, basit ve h\u0131zl\u0131 uygulanabilir mevzuata ge\u00e7elim. Gelin \u0130stanbul \u0130mar Y\u00f6netmeli\u011fi\u2019ni birlikte yenileyelim.\u2019\u2019 dedi.<\/span><\/p>\n","protected":false},"excerpt":{"rendered":"<p>\u0130BB Ba\u015fkan\u0131 Ekrem \u0130mamo\u011flu, \u201cGelin Marmara Deprem Konseyi\u2019ni kural\u0131m. Ortak ak\u0131lla bir yol haritas\u0131 haz\u0131rlayal\u0131m. Gelin \u0130stanbul\u2019a ve Marmara\u2019ya \u00f6zel<\/p>\n","protected":false},"author":3,"featured_media":8712,"comment_status":"open","ping_status":"open","sticky":false,"template":"","format":"standard","meta":{"colormag_page_container_layout":"default_layout","colormag_page_sidebar_layout":"default_layout","footnotes":""},"categories":[1,5,8],"tags":[],"class_list":["post-8701","post","type-post","status-publish","format-standard","has-post-thumbnail","hentry","category-genel","category-gundem","category-siyaset"],"_links":{"self":[{"href":"https:\/\/marmarayerelhizmet.com\/index.php\/wp-json\/wp\/v2\/posts\/8701","targetHints":{"allow":["GET"]}}],"collection":[{"href":"https:\/\/marmarayerelhizmet.com\/index.php\/wp-json\/wp\/v2\/posts"}],"about":[{"href":"https:\/\/marmarayerelhizmet.com\/index.php\/wp-json\/wp\/v2\/types\/post"}],"author":[{"embeddable":true,"href":"https:\/\/marmarayerelhizmet.com\/index.php\/wp-json\/wp\/v2\/users\/3"}],"replies":[{"embeddable":true,"href":"https:\/\/marmarayerelhizmet.com\/index.php\/wp-json\/wp\/v2\/comments?post=8701"}],"version-history":[{"count":0,"href":"https:\/\/marmarayerelhizmet.com\/index.php\/wp-json\/wp\/v2\/posts\/8701\/revisions"}],"wp:featuredmedia":[{"embeddable":true,"href":"https:\/\/marmarayerelhizmet.com\/index.php\/wp-json\/wp\/v2\/media\/8712"}],"wp:attachment":[{"href":"https:\/\/marmarayerelhizmet.com\/index.php\/wp-json\/wp\/v2\/media?parent=8701"}],"wp:term":[{"taxonomy":"category","embeddable":true,"href":"https:\/\/marmarayerelhizmet.com\/index.php\/wp-json\/wp\/v2\/categories?post=8701"},{"taxonomy":"post_tag","embeddable":true,"href":"https:\/\/marmarayerelhizmet.com\/index.php\/wp-json\/wp\/v2\/tags?post=8701"}],"curies":[{"name":"wp","href":"https:\/\/api.w.org\/{rel}","templated":true}]}}