{"id":8545,"date":"2023-04-09T22:48:06","date_gmt":"2023-04-09T19:48:06","guid":{"rendered":"https:\/\/marmarayerelhizmet.com\/?p=8545"},"modified":"2023-04-09T22:48:06","modified_gmt":"2023-04-09T19:48:06","slug":"ak-partide-milletvekili-adaylari-aciklandi","status":"publish","type":"post","link":"https:\/\/marmarayerelhizmet.com\/index.php\/2023\/04\/09\/ak-partide-milletvekili-adaylari-aciklandi\/","title":{"rendered":"AK Parti&#8217;de Milletvekili Adaylar\u0131 A\u00e7\u0131kland\u0131"},"content":{"rendered":"<div class=\"card card--gallery category-detail-large-card\" data-pictureid=\"BKfe0pgAk0-V8Kf2sgHbwQ\" data-category=\"2023-secim\" data-gemiusid=\"\">\n<div class=\"card-text-wrapper\">\n<p><span style=\"font-family: arial, helvetica, sans-serif; font-size: 14px;\"><strong>AK Parti, 14 May\u0131s 2023 tarihinde yap\u0131lacak Milletvekilli\u011fi Genel Se\u00e7imlerinde aday listesi yay\u0131mland\u0131.<\/strong><\/span><\/p>\n<p class=\"gallery-item-title\"><span style=\"font-size: 14px;\"><strong><span style=\"font-family: arial, helvetica, sans-serif;\">BAKANLAR \u00dcST SIRALARDAN ADAY<br \/>\n<\/span><\/strong><span style=\"font-family: arial, helvetica, sans-serif;\">Cumhurba\u015fkan\u0131 Yard\u0131mc\u0131s\u0131 Fuat Oktay Ankara 3. b\u00f6lge 1. s\u0131ra<br \/>\nAdalet Bakan\u0131 Bekir Bozda\u011f \u015eanl\u0131urfa 1. s\u0131ra,<\/span><\/span><br \/>\n<span style=\"font-family: arial, helvetica, sans-serif; font-size: 14px;\">Aile ve Sosyal Hizmetler Bakan\u0131 Derya Yan\u0131k Osmaniye 1. s\u0131ra<\/span><br \/>\n<span style=\"font-family: arial, helvetica, sans-serif; font-size: 14px;\">\u00c7al\u0131\u015fma ve Sosyal G\u00fcvenlik Bakan\u0131 Vedat Bilgin Ankara 2. b\u00f6lge 1. s\u0131ra<\/span><br \/>\n<span style=\"font-family: arial, helvetica, sans-serif; font-size: 14px;\">\u00c7evre \u015eehircilik ve \u0130klim De\u011fi\u015fikli\u011fi Bakan\u0131 Murat Kurum \u0130stanbul 1. b\u00f6lge 1. s\u0131ra<\/span><br \/>\n<span style=\"font-family: arial, helvetica, sans-serif; font-size: 14px;\">D\u0131\u015fi\u015fleri Bakan\u0131 Mevl\u00fct \u00c7avu\u015fo\u011flu Antalya 1. s\u0131ra<\/span><br \/>\n<span style=\"font-family: arial, helvetica, sans-serif; font-size: 14px;\">Enerji ve Tabii Kaynaklar Bakan\u0131 Fatih D\u00f6nmez Eski\u015fehir 1. s\u0131ra<\/span><br \/>\n<span style=\"font-family: arial, helvetica, sans-serif; font-size: 14px;\">Gen\u00e7lik ve Spor Bakan Mehmet Muharrem Kasapo\u011flu \u0130zmir 1. b\u00f6lge 1. s\u0131ra<\/span><br \/>\n<span style=\"font-family: arial, helvetica, sans-serif; font-size: 14px;\">Hazine ve Maliye Bakan\u0131 Nureddin Nebati Mersin 1. s\u0131ra<\/span><br \/>\n<span style=\"font-family: arial, helvetica, sans-serif; font-size: 14px;\">\u0130\u00e7i\u015fleri Bakan\u0131 S\u00fcleyman Soylu \u0130stanbul 2. B\u00f6lge 1. s\u0131ra<\/span><br \/>\n<span style=\"font-family: arial, helvetica, sans-serif; font-size: 14px;\">Milli E\u011fitim Bakan\u0131 Mahmut \u00d6zer Ordu 1. s\u0131ra<\/span><br \/>\n<span style=\"font-family: arial, helvetica, sans-serif; font-size: 14px;\">Milli Savunma Bakan\u0131 Hulusi Akar Kayseri 1. s\u0131ra<\/span><br \/>\n<span style=\"font-family: arial, helvetica, sans-serif; font-size: 14px;\">Sanayi ve Teknoloji Bakan\u0131 Mustafa Varank Bursa 2. b\u00f6lge 1. s\u0131ra<\/span><br \/>\n<span style=\"font-family: arial, helvetica, sans-serif; font-size: 14px;\">Tar\u0131m ve Orman Bakan\u0131 Vahit Kiri\u015fci Kahramanmara\u015f 1. s\u0131ra<\/span><br \/>\n<span style=\"font-family: arial, helvetica, sans-serif; font-size: 14px;\">Ticaret Bakan\u0131 Mehmet Mu\u015f Samsun 1. s\u0131ra<\/span><br \/>\n<span style=\"font-family: arial, helvetica, sans-serif; font-size: 14px;\">Ula\u015ft\u0131rma ve Altyap\u0131 Bakan\u0131 Adil Karaismailo\u011flu Trabzon 1. s\u0131ra<\/span><\/p>\n<\/div>\n<\/div>\n<div class=\"card card--gallery category-detail-large-card\" data-pictureid=\"2b8MALE_Q0y1TBU03-6WNw\" data-category=\"2023-secim\" data-gemiusid=\"\">\n<div class=\"card-img-wrapper lazy-loading-img\"><span style=\"font-family: arial, helvetica, sans-serif; font-size: 14px;\"><picture class=\"native-lazy\"><source srcset=\"https:\/\/cdn1.ntv.com.tr\/gorsel\/2b8MALE_Q0y1TBU03-6WNw.jpg?width=767&amp;height=575&amp;mode=both&amp;scale=both&amp;v=1681052375284\" media=\"(max-width: 767px)\" \/><source srcset=\"https:\/\/cdn1.ntv.com.tr\/gorsel\/2b8MALE_Q0y1TBU03-6WNw.jpg?width=991&amp;mode=both&amp;scale=both&amp;v=1681052375284\" media=\"(max-width: 991px)\" \/><source srcset=\"https:\/\/cdn1.ntv.com.tr\/gorsel\/2b8MALE_Q0y1TBU03-6WNw.jpg?width=1000&amp;mode=both&amp;scale=both&amp;v=1681052375284\" media=\"(min-width: 992px)\" \/><\/picture><\/span><\/div>\n<\/div>\n<div class=\"category-detail-left\">\n<div class=\"card card--gallery category-detail-large-card\" data-pictureid=\"2b8MALE_Q0y1TBU03-6WNw\" data-category=\"2023-secim\" data-gemiusid=\"\">\n<div class=\"card-text-wrapper\">\n<p class=\"gallery-item-title\"><span style=\"font-size: 14px;\"><strong><span style=\"font-family: arial, helvetica, sans-serif;\">GENEL BA\u015eKAN YARDIMCILARI<br \/>\n<\/span><\/strong><span style=\"font-family: arial, helvetica, sans-serif;\">Leyla \u015eahin Usta- Ankara 3. B\u00f6lge 2. s\u0131ra<\/span><\/span><br \/>\n<span style=\"font-family: arial, helvetica, sans-serif; font-size: 14px;\">\u00d6mer \u0130leri- Ankara 3. B\u00f6lge 3. s\u0131ra<\/span><br \/>\n<span style=\"font-family: arial, helvetica, sans-serif; font-size: 14px;\">Efkan Ala- Bursa 1. B\u00f6lge 1. s\u0131ra<\/span><br \/>\n<span style=\"font-family: arial, helvetica, sans-serif; font-size: 14px;\">J\u00fclide Sar\u0131ero\u011flu\u2013 Ankara 1. B\u00f6lge 2. s\u0131ra<\/span><br \/>\n<span style=\"font-family: arial, helvetica, sans-serif; font-size: 14px;\">\u00c7i\u011fdem Karaaaslan\u2013 Samsun 2. s\u0131ra<\/span><br \/>\n<span style=\"font-family: arial, helvetica, sans-serif; font-size: 14px;\">Mustafa \u015een-Trabzon 2. s\u0131ra<\/span><br \/>\n<span style=\"font-family: arial, helvetica, sans-serif; font-size: 14px;\">Belgin Uygur\u2013 Bal\u0131kesir 2. s\u0131ra<\/span><br \/>\n<span style=\"font-family: arial, helvetica, sans-serif; font-size: 14px;\">\u00d6mer \u00c7elik\u2013 Adana 1. s\u0131ra<\/span><br \/>\n<span style=\"font-family: arial, helvetica, sans-serif; font-size: 14px;\">Erkan Kandemir\u2013 \u0130stanbul 1. B\u00f6lge 2. s\u0131ra<\/span><\/p>\n<p><span style=\"font-size: 14px;\"><strong><span style=\"font-family: arial, helvetica, sans-serif;\">D\u0130KKAT \u00c7EKEN \u0130S\u0130MLER:<br \/>\n<\/span><\/strong><span style=\"font-family: arial, helvetica, sans-serif;\">Osman G\u00f6k\u00e7ek-Ankara 2. B\u00f6lge 5. s\u0131ra (Eski Ankara B\u00fcy\u00fck\u015fehir Belediye Ba\u015fkan\u0131 Melih G\u00f6k\u00e7ek&#8217;in o\u011flu)<br \/>\n<\/span><span style=\"font-family: arial, helvetica, sans-serif;\">Tu\u011frul T\u00fcrke\u015f-Ankara 1. B\u00f6lge 1. S\u0131ra<br \/>\n<\/span><span style=\"font-family: arial, helvetica, sans-serif;\">Do\u00e7. Dr. Resul Kurt (Sosyal Hizmetler uzman\u0131) Ad\u0131yaman 1. S\u0131ra aday\u0131<br \/>\n<\/span><span style=\"font-family: arial, helvetica, sans-serif;\">Eski bakanlardan Faruk \u00c7elik- Artvin 1. S\u0131ra<br \/>\n<\/span><span style=\"font-family: arial, helvetica, sans-serif;\">\u0130smail Ok-Bal\u0131kesir 1. S\u0131ra (\u0130Y\u0130 Parti\u2019den AK Parti\u2019ye ge\u00e7mi\u015fti)<br \/>\n<\/span><span style=\"font-family: arial, helvetica, sans-serif;\">Eski Adalet Bakan\u0131 Abdulhamit G\u00fcl-Gaziantep 1. s\u0131ra<br \/>\n<\/span><span style=\"font-family: arial, helvetica, sans-serif;\">Hulki Cevizo\u011flu (Gazeteci-yazar-Akademisyen) &#8211; \u0130stanbul 1. B\u00f6lge 6. s\u0131ra<br \/>\n<\/span><span style=\"font-family: arial, helvetica, sans-serif;\">Umut Arman Sonay (Milli y\u00fcz\u00fcc\u00fc) \u0130stanbul 1. B\u00f6lge<br \/>\n<\/span><span style=\"font-family: arial, helvetica, sans-serif;\">Cerrah Halit Yerebakan-\u0130stanbul 2. B\u00f6lge<br \/>\n<\/span><span style=\"font-family: arial, helvetica, sans-serif;\">Sevan S\u0131vac\u0131o\u011flu (Az\u0131nl\u0131klar\u0131 temsilen) &#8211; \u0130stanbul 2. B\u00f6lge<br \/>\n<\/span><span style=\"font-family: arial, helvetica, sans-serif;\">Y\u00fccel Arzen (Sanat\u00e7\u0131-M\u00fczisyen) &#8211; \u0130stanbul 3. B\u00f6lge<br \/>\n<\/span><span style=\"font-family: arial, helvetica, sans-serif;\">\u015eebnem Bursal\u0131 (Gazeteci) &#8211; \u0130zmir\u2019den<br \/>\n<\/span><span style=\"font-family: arial, helvetica, sans-serif;\">Mehmet Ali \u00c7elebi- \u0130zmir\u2019den<br \/>\n<\/span><span style=\"font-family: arial, helvetica, sans-serif;\">Prof. Dr. Mehmet \u015eahin (Siyaset bilimci-TV yorumcusu)- Kahramanmara\u015f<br \/>\n<\/span><span style=\"font-family: arial, helvetica, sans-serif;\">Sadettin H\u00fclag\u00fc (Rekt\u00f6r) &#8211; Kocaeli 1. s\u0131ra<br \/>\n<\/span><span style=\"font-family: arial, helvetica, sans-serif;\">Bahad\u0131r Yeni\u015fehirlio\u011flu (Oyuncu) &#8211; Manisa 1. s\u0131ra<\/span><\/span><\/p>\n<p><span style=\"font-family: arial, helvetica, sans-serif; font-size: 14px;\"><strong>3 D\u00d6NEMDEN L\u0130STE DI\u015eI KALANLAR<\/strong><\/span><br \/>\n<span style=\"font-family: arial, helvetica, sans-serif; font-size: 14px;\">AK Parti&#8217;de 57 isim \u00fc\u00e7 d\u00f6nem kural\u0131na tak\u0131ld\u0131. Bu isimlerden baz\u0131lar\u0131; TBMM Ba\u015fkan\u0131 Mustafa \u015eentop, AK Parti Genel Ba\u015fkanvekili Binali Y\u0131ld\u0131r\u0131m, AK Parti Grup Ba\u015fkan\u0131 \u0130smet Y\u0131lmaz, AK Parti Grup Ba\u015fkanvekilleri B\u00fclent Turan, Mustafa Elita\u015f ile Y\u0131lmaz Tun\u00e7, AK Parti Genel Ba\u015fkan Yard\u0131mc\u0131lar\u0131 Hayati Yaz\u0131c\u0131, Ali \u0130hsan Yavuz, Hamza Da\u011f, Nurettin Canikli, Vedat Demir\u00f6z ve AK Parti Genel Sekreteri Fatih \u015eahin.<\/span><\/p>\n<p>&nbsp;<\/p>\n<\/div>\n<\/div>\n<\/div>\n<div class=\"category-detail-right dygtag-pointer-2-1\">\n<div class=\"dygtag-slot dygtag-sidebar-mid dygtag-lazyload dygtag-MPU1 dygtag-filled\">\n<div class=\"dygtag-injection\"><\/div>\n<\/div>\n<\/div>\n","protected":false},"excerpt":{"rendered":"<p>AK Parti, 14 May\u0131s 2023 tarihinde yap\u0131lacak Milletvekilli\u011fi Genel Se\u00e7imlerinde aday listesi yay\u0131mland\u0131. BAKANLAR \u00dcST SIRALARDAN ADAY Cumhurba\u015fkan\u0131 Yard\u0131mc\u0131s\u0131 Fuat<\/p>\n","protected":false},"author":3,"featured_media":8551,"comment_status":"open","ping_status":"open","sticky":false,"template":"","format":"standard","meta":{"colormag_page_container_layout":"default_layout","colormag_page_sidebar_layout":"default_layout","footnotes":""},"categories":[1,5,8],"tags":[],"class_list":["post-8545","post","type-post","status-publish","format-standard","has-post-thumbnail","hentry","category-genel","category-gundem","category-siyaset"],"_links":{"self":[{"href":"https:\/\/marmarayerelhizmet.com\/index.php\/wp-json\/wp\/v2\/posts\/8545","targetHints":{"allow":["GET"]}}],"collection":[{"href":"https:\/\/marmarayerelhizmet.com\/index.php\/wp-json\/wp\/v2\/posts"}],"about":[{"href":"https:\/\/marmarayerelhizmet.com\/index.php\/wp-json\/wp\/v2\/types\/post"}],"author":[{"embeddable":true,"href":"https:\/\/marmarayerelhizmet.com\/index.php\/wp-json\/wp\/v2\/users\/3"}],"replies":[{"embeddable":true,"href":"https:\/\/marmarayerelhizmet.com\/index.php\/wp-json\/wp\/v2\/comments?post=8545"}],"version-history":[{"count":0,"href":"https:\/\/marmarayerelhizmet.com\/index.php\/wp-json\/wp\/v2\/posts\/8545\/revisions"}],"wp:featuredmedia":[{"embeddable":true,"href":"https:\/\/marmarayerelhizmet.com\/index.php\/wp-json\/wp\/v2\/media\/8551"}],"wp:attachment":[{"href":"https:\/\/marmarayerelhizmet.com\/index.php\/wp-json\/wp\/v2\/media?parent=8545"}],"wp:term":[{"taxonomy":"category","embeddable":true,"href":"https:\/\/marmarayerelhizmet.com\/index.php\/wp-json\/wp\/v2\/categories?post=8545"},{"taxonomy":"post_tag","embeddable":true,"href":"https:\/\/marmarayerelhizmet.com\/index.php\/wp-json\/wp\/v2\/tags?post=8545"}],"curies":[{"name":"wp","href":"https:\/\/api.w.org\/{rel}","templated":true}]}}