{"id":8496,"date":"2023-04-06T15:01:18","date_gmt":"2023-04-06T12:01:18","guid":{"rendered":"https:\/\/marmarayerelhizmet.com\/?p=8496"},"modified":"2023-04-06T15:01:18","modified_gmt":"2023-04-06T12:01:18","slug":"8-istasyonla-tekrar-kullanima-baslatiyoruz","status":"publish","type":"post","link":"https:\/\/marmarayerelhizmet.com\/index.php\/2023\/04\/06\/8-istasyonla-tekrar-kullanima-baslatiyoruz\/","title":{"rendered":"&#8216;8 \u0130stasyonla Tekrar Kullan\u0131ma Ba\u015flat\u0131yoruz&#8217;"},"content":{"rendered":"<p><strong><span style=\"font-family: arial, helvetica, sans-serif; font-size: 14px;\">Yap\u0131m\u0131 devam eden projeler hakk\u0131nda bilgi veren Ula\u015ft\u0131rma ve Altyap\u0131 Bakan\u0131 Adil Karaismailo\u011flu, \u201c\u0130stanbul\u2019un rayl\u0131 sistem a\u011f\u0131 318 kilometre ve bakanl\u0131\u011f\u0131m\u0131z taraf\u0131ndan yap\u0131m\u0131 devam eden projelerimiz bitti\u011finde bu rakam 380 kilometreye y\u00fckselecek\u201d dedi.<br \/>\n<\/span><\/strong><br \/>\n<span style=\"font-family: arial, helvetica, sans-serif; font-size: 14px;\">Ula\u015ft\u0131rma ve Altyap\u0131 Bakan\u0131 Adil Karaismailo\u011flu, Kazl\u0131\u00e7e\u015fme-Sirkeci Rayl\u0131 Sistem ve Yaya Odakl\u0131 Yeni Nesil Ula\u015f\u0131m projesiyle ilgili Yedikule \u0130stasyonu\u2019nda bas\u0131n a\u00e7\u0131klamas\u0131 d\u00fczenlendi. Bakan Karaismailo\u011flu ve beraberindeki heyet Yedikule istasyonuna demiryolu i\u015f makinesiyle geldi. Projede \u00e7al\u0131\u015fan yetkililerden bilgi ald\u0131ktan sonra bas\u0131n a\u00e7\u0131klamas\u0131 i\u00e7in kameralar\u0131n kar\u015f\u0131s\u0131na ge\u00e7ti. Karaismailo\u011flu\u2019na Fatih Belediye Ba\u015fkan\u0131 M. Erg\u00fcn Turan ve Altyap\u0131 Yat\u0131r\u0131mlar\u0131(AYGM) Genel M\u00fcd\u00fcr\u00fc Yal\u00e7\u0131n Eyig\u00fcn e\u015flik etti.<\/span><\/p>\n<p><strong><span style=\"font-family: arial, helvetica, sans-serif; font-size: 14px;\">\u201c\u0130stanbul\u2019u modern rayl\u0131 sistem a\u011flar\u0131yla donat\u0131yoruz\u201d<\/span><\/strong><br \/>\n<span style=\"font-family: arial, helvetica, sans-serif; font-size: 14px;\">Bakan Karaismailo\u011flu yapt\u0131\u011f\u0131 a\u00e7\u0131klamada, \u201cAcil g\u00fcndemimiz deprem olmas\u0131na ra\u011fmen T\u00fcrkiye genelinde yap\u0131mlar\u0131 devam eden t\u00fcm projelerimizde \u00e7al\u0131\u015fmalar\u0131m\u0131z\u0131 ba\u015far\u0131yla s\u00fcrd\u00fcr\u00fcyoruz. \u0130stanbul\u2019u bir ba\u015ftan di\u011fer ba\u015fa modern rayl\u0131 sistem a\u011flar\u0131yla donat\u0131yoruz. Ba\u015fak\u015fehir-Kaya\u015fehir Metro Hatt\u0131\u2019m\u0131z gibi Kazl\u0131\u00e7e\u015fme-Sirkeci Hatt\u0131m\u0131z da \u0130stanbul\u2019da devam eden \u00f6nemli kent i\u00e7i projelerimizden biridir. Bu projemiz sadece bir rayl\u0131 sistem i\u015fi de\u011fil, ayn\u0131 zamanda yaya odakl\u0131 yeni nesil bir ula\u015f\u0131m projesidir. \u0130stanbul\u2019da kentsel hareketlili\u011fi te\u015fvik edecek, insan\u0131m\u0131z\u0131 aktif hareketlili\u011fe, toplu ta\u015f\u0131ma ve di\u011fer temiz, ak\u0131ll\u0131 ula\u015f\u0131m \u00e7\u00f6z\u00fcmlerine y\u00f6nlendirecek \u00e7al\u0131\u015fmalara b\u00fcy\u00fck \u00f6nem veriyoruz. Bakanl\u0131k olarak \u00f6nc\u00fcl\u00fck etti\u011fimiz t\u00fcm proje ve yat\u0131r\u0131mlar\u0131m\u0131z\u0131, \u00e7evre hassasiyetiyle yap\u0131yoruz\u201d ifadelerini kulland\u0131.<\/span><\/p>\n<p><strong><span style=\"font-family: arial, helvetica, sans-serif; font-size: 14px;\">\u201c8 istasyonla tekrar kullan\u0131ma ba\u015flat\u0131yoruz\u201d<\/span><\/strong><br \/>\n<span style=\"font-family: arial, helvetica, sans-serif; font-size: 14px;\">Karbon emisyonunu azaltmay\u0131 hedeflediklerini s\u00f6yleyen Bakan Karaismailo\u011flu, \u201cBu konuda etkin, verimli ve \u00e7\u00f6z\u00fcm odakl\u0131 bir mikro hareketlilik sistemini olu\u015fturuyoruz. \u015eehirlerimizde toplu ta\u015f\u0131man\u0131n ve bisiklet kullan\u0131m\u0131n\u0131n yayg\u0131nla\u015ft\u0131r\u0131lmas\u0131 projelerinin geli\u015fmesine \u00e7ok \u00f6nem veriyoruz. Kazl\u0131\u00e7e\u015fme-Sirkeci Kentsel Ula\u015f\u0131m Odakl\u0131 D\u00f6n\u00fc\u015f\u00fcm Projemiz de bunun en g\u00fczel \u00f6rneklerinden biri. Sirkeci-Kazl\u0131\u00e7e\u015fme aras\u0131nda at\u0131l vaziyette duran 8,3 kilometrelik hatt\u0131 gerekli iyile\u015ftirmeler ve de\u011fi\u015fimler yap\u0131larak 8 istasyonla tekrar kullan\u0131ma ba\u015flat\u0131yoruz\u201d dedi.<\/span><\/p>\n<p><strong><span style=\"font-family: arial, helvetica, sans-serif; font-size: 14px;\">\u201cHibrit kalitede, yeni nesil bir ula\u015f\u0131m projesini ula\u015ft\u0131r\u0131yoruz\u201d<\/span><\/strong><br \/>\n<span style=\"font-family: arial, helvetica, sans-serif; font-size: 14px;\">Kazl\u0131\u00e7e\u015fme-Sirkeci Rayl\u0131 Sistem ve Yaya Odakl\u0131 Yeni Nesil Ula\u015f\u0131m projesiyle hakk\u0131nda bilgi veren Bakan Karaismailo\u011flu, \u201cBu proje bir rayl\u0131 sistem projesi olmas\u0131yla birlikte, kapsam\u0131nda yer alan, 7 bin 300 metre bisiklet yolu, 7 bin 300 metre yaya yolu, 10 bin 120 metrekare meydan, 6 bin metrekare kapal\u0131 sosyal k\u00fclt\u00fcrel alan, 74 bin metrekare yeni ye\u015fil alan, 3 yaya \u00fcst ge\u00e7idi, 22 Karayolu ve Yaya Alt Ge\u00e7idi, Yedikule, Kocamustafapa\u015fa, Yenikap\u0131, Kumkap\u0131 olmak \u00fczere 4 Tescilli \u0130stasyonu, Sirkeci ve Cankurtaran olmak \u00fczere 2 yenilenecek istasyon ve Kazl\u0131\u00e7e\u015fme ile Cerrahpa\u015fa\u2019daki 2 istasyonu ile \u0130stanbul halk\u0131na ula\u015f\u0131m ihtiyac\u0131n\u0131n yan\u0131 s\u0131ra sosyok\u00fclt\u00fcrel, turizm, ekolojik, spor, gezinti, bisiklet, scooter gibi imkanlarla da hibrit kalitede, yeni nesil bir ula\u015f\u0131m projesini ula\u015ft\u0131r\u0131yoruz&#8221; ifadelerini kulland\u0131.<\/span><\/p>\n<p><strong><span style=\"font-family: arial, helvetica, sans-serif; font-size: 14px;\">\u201cProjede \u015fu anda y\u00fczde 87 oran\u0131nda fiziki ilerleme yapm\u0131\u015f olduk\u201d<\/span><\/strong><br \/>\n<span style=\"font-family: arial, helvetica, sans-serif; font-size: 14px;\">Bakan Karaismailo\u011flu konu\u015fmas\u0131n\u0131n devam\u0131nda, \u201cSamatya ve Cerrahpa\u015fa da sahil yolunu Samatya ve Cerrahpa\u015fa hastanelerini ba\u011flayan kav\u015fak modernize edilerek, alt ge\u00e7it gabarisini de y\u00fckseltip yeniden in\u015fa ettik. Sirkeci Liman B\u00f6lgesi\u2019ndeki yeni demiryolu hatt\u0131 sayesinde Sirkeci ve Haydarpa\u015fa limanlar\u0131 aras\u0131nda ula\u015f\u0131m ve koordinasyon sa\u011flam\u0131\u015f oluyoruz. \u0130stanbullular\u0131n hayat\u0131na kal\u0131c\u0131 olarak dokunan bir b\u00fcy\u00fck bir eseri daha tamamlama a\u015famas\u0131na geldik. Projede \u015fu anda y\u00fczde 87 oran\u0131nda fiziki ilerleme yapm\u0131\u015f olduk. T\u00fcm altyap\u0131 imalatlar\u0131n\u0131 tamamlad\u0131k. Tescilli istasyonlarda restorasyon i\u015flerini bitirmek \u00fczereyiz. Yeni yap\u0131lan Cerrahpa\u015fa ve Kazl\u0131\u00e7e\u015fme istasyonlar\u0131nda imalatlar\u0131 tamamlad\u0131k. Yenilenen Sirkeci, Cankurtaran istasyonlar\u0131n\u0131 da bitirmek \u00fczereyiz. Yine toplamda 26 sanat yap\u0131s\u0131ndaki \u00e7al\u0131\u015fmalar da son a\u015famaya geldik. Sinyalizasyon ve elektrifikasyon imalatlar\u0131 ve bisiklet-y\u00fcr\u00fcme yolu imalat\u0131 ve peyzaj i\u015fleri de s\u00fcratle devam ediyor\u201d dedi.<\/span><\/p>\n<p><strong><span style=\"font-family: arial, helvetica, sans-serif; font-size: 14px;\">\u201c2023-2053 y\u0131llar\u0131 aras\u0131ndaki ekonomik kazanc\u0131m\u0131z 785 milyon euro olacakt\u0131r\u201d<\/span><\/strong><br \/>\n<span style=\"font-family: arial, helvetica, sans-serif; font-size: 14px;\">T\u00fcm \u00e7al\u0131\u015fmalar\u0131n \u00f6n\u00fcm\u00fczdeki g\u00fcnlerde bitece\u011fini kaydeden Bakan Karaismailo\u011flu, \u201cProjemizin tamamlanmas\u0131yla 2023-2053 y\u0131llar\u0131 aras\u0131ndaki ekonomik kazanc\u0131m\u0131z 785 milyon euro olacakt\u0131r. A\u00e7\u0131l\u0131\u015f\u0131n\u0131 yapaca\u011f\u0131m\u0131z Ba\u015fak\u015fehir-\u00c7am ve Sakura \u015eehir Hastanesi-Kaya\u015fehir Metro hatt\u0131 ve \u015fu an bir araya geldi\u011fimiz Kazl\u0131\u00e7e\u015fme-Sirkeci Hatt\u0131\u2019m\u0131zla beraber toplam uzunlu\u011fu 62 kilometre olan 6 ayr\u0131 metro hatt\u0131nda da \u0130stanbul i\u00e7in \u00e7al\u0131\u015fmaya devam ediyoruz\u201d dedi.<\/span><\/p>\n<p><strong><span style=\"font-family: arial, helvetica, sans-serif; font-size: 14px;\">\u201c\u0130stanbul&#8217;un rayl\u0131 sistem a\u011f\u0131 380 kilometreye y\u00fckselecek\u201d<\/span><\/strong><br \/>\n<span style=\"font-family: arial, helvetica, sans-serif; font-size: 14px;\">Bakan Karaismailo\u011flu, \u201cPendik Sabiha g\u00f6k\u00e7en havaliman\u0131 metrosu ve 22 Ocak 2023 tarihinde a\u00e7\u0131l\u0131\u015f\u0131n\u0131 yapt\u0131\u011f\u0131m\u0131z Ka\u011f\u0131thane-\u0130stanbul Havaliman\u0131 metrosuyla birlikte, \u0130stanbul\u2019a kazand\u0131rd\u0131\u011f\u0131m\u0131z metro hatt\u0131 uzunlu\u011fu 124 kilometreyi ge\u00e7mi\u015ftir. \u015eu an, \u0130stanbul\u2019un rayl\u0131 sistem a\u011f\u0131 318 kilometre ve bakanl\u0131\u011f\u0131m\u0131z taraf\u0131ndan yap\u0131m\u0131 devam eden projelerimiz bitti\u011finde bu rakam 380 kilometreye y\u00fckselecek. \u0130stanbul ula\u015f\u0131m master plan\u0131; \u0130stanbul\u2019un bin 100 kilometre metro hatt\u0131na ihtiyac\u0131 oldu\u011funu g\u00f6stermektedir. K\u0131sacas\u0131, \u0130stanbul&#8217;un her k\u00f6\u015fesine rayl\u0131 sistemi eri\u015ftirmemiz laz\u0131m&#8230; Ama maalesef ba\u015fkalar\u0131 ne bunlar\u0131n fark\u0131nda ne de i\u015f yapmaya g\u00f6n\u00fclleri var\u201d dedi.<\/span><\/p>\n<p><strong><span style=\"font-family: arial, helvetica, sans-serif; font-size: 14px;\">\u201cDevrald\u0131\u011f\u0131m\u0131zda y\u00fczde 5&#8217;ini tamamlayabildikleri hat i\u015fletmeye haz\u0131r hale geldi \u201c<\/span><\/strong><br \/>\n<span style=\"font-family: arial, helvetica, sans-serif; font-size: 14px;\">\u00c7am ve Sakura \u015eehir Hastanesi\u2019nin karayolu ba\u011flant\u0131s\u0131yla ilgili konu\u015fan Bakan Karaismailo\u011flu, \u201c20 y\u0131ld\u0131r verdi\u011fimiz u\u011fra\u015flar sonunda ortaya \u00e7\u0131kan b\u00fcy\u00fck ve g\u00fc\u00e7l\u00fc T\u00fcrkiye, verdi\u011fimiz s\u00f6zleri tutmaya da acil ihtiya\u00e7lar\u0131 gidererek vatanda\u015f\u0131na derin bir nefes ald\u0131rmaya da muktedirdir. Pandemi s\u00fcrecinde olduk\u00e7a \u00f6nemli faydalar sa\u011flayan \u00c7am ve Sakura \u015eehir Hastanesi\u2019nin karayolu ba\u011flant\u0131s\u0131n\u0131 da malum zihniyet yapmam\u0131\u015ft\u0131. En hayati ihtiyac\u0131n sa\u011fl\u0131k hizmetlerine ula\u015f\u0131m oldu\u011fu pandemi d\u00f6neminde vatanda\u015f\u0131m\u0131z\u0131n can\u0131n\u0131n tehlikeye at\u0131lmas\u0131na elbette izin vermedik. Projeyi devrald\u0131k ve karayolu ba\u011flant\u0131s\u0131n\u0131 h\u0131zl\u0131ca bitirdik. Yolunu yapmad\u0131klar\u0131 gibi Ba\u015fak\u015fehir-\u00c7am ve Sakura \u015eehir Hastanesi-Kaya\u015fehir Metro Hatt\u0131\u2019n\u0131 da yapmayacaklar\u0131n\u0131 bize bildirdiklerinde bu projeyi de hemen devrald\u0131k ve yap\u0131m \u00e7al\u0131\u015fmalar\u0131na ba\u015flad\u0131k. Devrald\u0131\u011f\u0131m\u0131zda sadece y\u00fczde 5\u2019ini tamamlayabildikleri metro hatt\u0131m\u0131z, faaliyetlerimiz neticesinde h\u0131zla ilerledi ve bug\u00fcn itibar\u0131yla i\u015fletmeye haz\u0131r hale geldi. Hi\u00e7 kimsenin \u015f\u00fcphesi olmas\u0131n ki Say\u0131n Cumhurba\u015fkan\u0131m\u0131z ba\u015fta olmak \u00fczere h\u00fck\u00fcmetlerimizin \u0130stanbul\u2019daki hizmet s\u00fcreci, artarak devam ediyor. \u0130stanbul i\u00e7in ne yapsak, \u0130stanbullular i\u00e7in ne hizmet g\u00f6t\u00fcrsek, yeridir, yerindedir. \u0130stanbullular, temel atmama, yat\u0131r\u0131m yapmama etkinlikleri yerine, yeni ve ya\u015fanabilir projeleri yak\u0131ndan takip etmektedir. \u0130stanbul i\u00e7erisinde trafik s\u0131k\u0131\u015f\u0131kl\u0131\u011f\u0131n\u0131 engellemek ad\u0131na bu t\u00fcr \u00e7evreye duyarl\u0131 modern ula\u015f\u0131m sistemleri yayg\u0131nla\u015ft\u0131rmak i\u00e7in yeni yat\u0131r\u0131m ve te\u015fviklerimize de devam edece\u011fiz\u201d dedi.<\/span><br \/>\n<span style=\"font-family: arial, helvetica, sans-serif; font-size: 14px;\">Fatih Belediye Ba\u015fkan\u0131 M. Erg\u00fcn Turan, \u201cBizim Fatih\u2019te ya\u015fayanlar i\u00e7in sonras\u0131 ger\u00e7ekten \u0130stanbullular i\u00e7in uzun y\u0131llard\u0131r bu b\u00f6lgede ya\u015fayan insanlar\u0131m\u0131z s\u0131k\u0131nt\u0131 ya\u015f\u0131yorlard\u0131. Hem de tarihi yar\u0131madan\u0131n ana b\u00f6lgesine yeni bir aks ba\u011flanaca\u011f\u0131 i\u00e7in turistlerin gelmesiyle \u0130stanbul i\u00e7i ula\u015f\u0131mda \u00f6nemli bir katk\u0131 sa\u011flayaca\u011f\u0131 i\u00e7in Fatih\u2019te ge\u00e7mi\u015fte olmayan \u015fekilde \u00e7ok \u00f6nemli bir alan kazanaca\u011f\u0131 i\u00e7in 7 bu\u00e7uk kilometreye yak\u0131n bir bisiklet ve yaya yolu peyzaj alan\u0131 kazand\u0131raca\u011f\u0131 i\u00e7in \u00e7ok \u00f6nemli bir proje. Ben projenin sonuna geldi\u011fimizin kanaatindeyim\u201d diye konu\u015ftu.<\/span><\/p>\n","protected":false},"excerpt":{"rendered":"<p>Yap\u0131m\u0131 devam eden projeler hakk\u0131nda bilgi veren Ula\u015ft\u0131rma ve Altyap\u0131 Bakan\u0131 Adil Karaismailo\u011flu, \u201c\u0130stanbul\u2019un rayl\u0131 sistem a\u011f\u0131 318 kilometre ve<\/p>\n","protected":false},"author":3,"featured_media":8497,"comment_status":"open","ping_status":"open","sticky":false,"template":"","format":"standard","meta":{"colormag_page_container_layout":"default_layout","colormag_page_sidebar_layout":"default_layout","footnotes":""},"categories":[3,1,5,8],"tags":[],"class_list":["post-8496","post","type-post","status-publish","format-standard","has-post-thumbnail","hentry","category-ekonomi","category-genel","category-gundem","category-siyaset"],"_links":{"self":[{"href":"https:\/\/marmarayerelhizmet.com\/index.php\/wp-json\/wp\/v2\/posts\/8496","targetHints":{"allow":["GET"]}}],"collection":[{"href":"https:\/\/marmarayerelhizmet.com\/index.php\/wp-json\/wp\/v2\/posts"}],"about":[{"href":"https:\/\/marmarayerelhizmet.com\/index.php\/wp-json\/wp\/v2\/types\/post"}],"author":[{"embeddable":true,"href":"https:\/\/marmarayerelhizmet.com\/index.php\/wp-json\/wp\/v2\/users\/3"}],"replies":[{"embeddable":true,"href":"https:\/\/marmarayerelhizmet.com\/index.php\/wp-json\/wp\/v2\/comments?post=8496"}],"version-history":[{"count":0,"href":"https:\/\/marmarayerelhizmet.com\/index.php\/wp-json\/wp\/v2\/posts\/8496\/revisions"}],"wp:featuredmedia":[{"embeddable":true,"href":"https:\/\/marmarayerelhizmet.com\/index.php\/wp-json\/wp\/v2\/media\/8497"}],"wp:attachment":[{"href":"https:\/\/marmarayerelhizmet.com\/index.php\/wp-json\/wp\/v2\/media?parent=8496"}],"wp:term":[{"taxonomy":"category","embeddable":true,"href":"https:\/\/marmarayerelhizmet.com\/index.php\/wp-json\/wp\/v2\/categories?post=8496"},{"taxonomy":"post_tag","embeddable":true,"href":"https:\/\/marmarayerelhizmet.com\/index.php\/wp-json\/wp\/v2\/tags?post=8496"}],"curies":[{"name":"wp","href":"https:\/\/api.w.org\/{rel}","templated":true}]}}