{"id":8343,"date":"2023-03-29T15:13:02","date_gmt":"2023-03-29T12:13:02","guid":{"rendered":"https:\/\/marmarayerelhizmet.com\/?p=8343"},"modified":"2023-03-29T15:13:56","modified_gmt":"2023-03-29T12:13:56","slug":"sinema-akademisinin-ilk-dersi","status":"publish","type":"post","link":"https:\/\/marmarayerelhizmet.com\/index.php\/2023\/03\/29\/sinema-akademisinin-ilk-dersi\/","title":{"rendered":"Sinema Akademisi\u2019nin \u0130lk Dersi"},"content":{"rendered":"<p><span style=\"font-size: 14px; font-family: arial, helvetica, sans-serif;\"><strong>Esenyurt\u2019ta bir ilk olan Sinema Akademisi\u2019nin ilk dersi yap\u0131ld\u0131. Sinema sekt\u00f6r\u00fcndeki tecr\u00fcbeli isimlerin e\u011fitim verdi\u011fi akademiye sekt\u00f6rde kendini geli\u015ftirmek isteyen gen\u00e7ler yo\u011fun ilgi g\u00f6sterdi.<br \/>\n<\/strong><\/span><br \/>\n<span style=\"font-size: 14px; font-family: arial, helvetica, sans-serif;\">T\u00fcrkiye\u2019de sinema sekt\u00f6r\u00fcn\u00fcn \u00f6nde gelen isimlerinin e\u011fitim verdi\u011fi Sinema Akademisi derslerine ba\u015flad\u0131. Esenyurt\u2019ta bir ilk olan ve T\u00fcrk Sinema Vakf\u0131 ile ortakla\u015fa d\u00fczenlenen derslerde ba\u015far\u0131l\u0131 y\u00f6netmenler sekt\u00f6rde kendini geli\u015ftirmek isteyen kursiyerlere deneyimlerini aktar\u0131yor. Akademide; y\u00f6netmen yard\u0131mc\u0131l\u0131\u011f\u0131, senaryo asistanl\u0131\u011f\u0131, kurgu asistanl\u0131\u011f\u0131 ve kamera asistanl\u0131\u011f\u0131 gibi farkl\u0131 alanlarda e\u011fitimler veriliyor. Esenyurt Belediyesi \u00c7ocuk \u00dcniversitesi\u2019nde haftan\u0131n be\u015f g\u00fcn\u00fc devam eden derslerde, 18 ya\u015f ve \u00fczeri gen\u00e7ler, 3 ay boyunca e\u011fitim alacak. E\u011fitimlerin sonunda verilecek sertifika ile gen\u00e7lere istihdam konusunda da katk\u0131 sa\u011flanacak.<\/span><\/p>\n<p><span style=\"font-size: 14px; font-family: arial, helvetica, sans-serif;\"><strong>\u201cBunu bir mesleki e\u011fitim program\u0131 olarak d\u00fc\u015f\u00fcnd\u00fck\u201d<\/strong><\/span><br \/>\n<span style=\"font-size: 14px; font-family: arial, helvetica, sans-serif;\">Esenyurt\u2019ta hayata ge\u00e7irilen Sinema Akademisi\u2019nde e\u011fitim vermekten \u00e7ok memnun oldu\u011funu belirten Y\u00f6netmen Ayd\u0131n Sayman, \u201cBunu bir mesleki e\u011fitim program\u0131 olarak d\u00fc\u015f\u00fcnd\u00fck \u00e7\u00fcnk\u00fc sinema sekt\u00f6r\u00fcn\u00fcn \u00e7e\u015fitli bran\u015flarda \u00e7al\u0131\u015facak elemana ihtiyac\u0131 vard\u0131. T\u00fcrkiye \u00e7ap\u0131nda bir sinema akademimiz yok ama in\u015fallah ileride film sekt\u00f6r\u00fc b\u00f6yle bir akademi kurar. Burada verdi\u011fimiz e\u011fitim \u015fimdilik d\u00f6rt alanda ba\u015fl\u0131yor, ilerleyen g\u00fcnlerde bunu artt\u0131rmay\u0131 da d\u00fc\u015f\u00fcn\u00fcyoruz. B\u00f6yle de bir \u015feye film sekt\u00f6r\u00fcn\u00fcn ihtiyac\u0131 var \u00e7\u00fcnk\u00fc \u015fu s\u0131ralarda film sekt\u00f6r\u00fc \u00e7ok canl\u0131 ve bu canl\u0131l\u0131k devam edecek gibi g\u00f6r\u00fcn\u00fcyor. Talebe kar\u015f\u0131 istihdam azl\u0131\u011f\u0131 var, dolay\u0131s\u0131yla buradan iyi bir e\u011fitim alarak \u00e7\u0131kacak gen\u00e7 arkada\u015flar\u0131n film sekt\u00f6r\u00fcnde kolayl\u0131kla i\u015f bulma ihtimalleri var\u201d dedi.<\/span><\/p>\n<p><span style=\"font-size: 14px; font-family: arial, helvetica, sans-serif;\"><strong>\u201c\u0130mk\u00e2n olu\u015fturulmas\u0131 \u00e7ok \u00f6nemli ve de\u011ferli\u201d<\/strong><\/span><br \/>\n<span style=\"font-size: 14px; font-family: arial, helvetica, sans-serif;\">Esenyurt Sinema Akademisi\u2019nde bu alana olan ilgisini kar\u015f\u0131layan donan\u0131ml\u0131 e\u011fitmenlerin oldu\u011funu ifade eden Radyo Televizyon \u00f6\u011frencisi Asl\u0131 T\u00fcrkmen, \u201cKamera \u00f6n\u00fcnde ve ya arkas\u0131nda olmak k\u00fc\u00e7\u00fckl\u00fckten beri hayalimdi. Burada kendimi \u00e7ok mutlu hissediyorum. Bir i\u015fe yarayabilece\u011fimi de biliyorum. O y\u00fczden \u00e7ok heyecanl\u0131y\u0131m. \u00dclkemizde genel olarak bir sanata \u00e7ok ilgi alaka yok. \u00d6zellikle de sinemaya. \u0130nsanlar bunu bir i\u015f olarak ya da ciddi bir \u015fey olarak g\u00f6rm\u00fcyor. O y\u00fczden b\u00f6yle bir yer olmas\u0131, imk\u00e2n olu\u015fturulmas\u0131 ger\u00e7ekten \u00e7ok \u00f6nemli ve de\u011ferli\u201d diye konu\u015ftu.<\/span><\/p>\n<p><span style=\"font-size: 14px; font-family: arial, helvetica, sans-serif;\"><strong>\u201cBana \u00e7ok \u015fey katacak\u201d<\/strong><\/span><br \/>\n<span style=\"font-size: 14px; font-family: arial, helvetica, sans-serif;\">Esenyurt\u2019ta b\u00f6yle bir akademinin hayata ge\u00e7irilmesinden dolay\u0131 \u00e7ok mutlu oldu\u011funu s\u00f6yleyen Mert Berk Terzi, \u201cUzun zamand\u0131r sinemaya ilgiliyim ve bu sekt\u00f6r\u00fcn i\u00e7erisinde \u00e7al\u0131\u015f\u0131p oray\u0131 deneyimlemek istiyordum. Buran\u0131n benim i\u00e7in iyi bir f\u0131rsat oldu\u011funu d\u00fc\u015f\u00fcnd\u00fcm. Bana \u00e7ok \u015fey kataca\u011f\u0131n\u0131 da inan\u0131yorum. Y\u00f6netmen yard\u0131mc\u0131l\u0131\u011f\u0131 kursuna ba\u015flad\u0131m. Burada kendimi \u00e7ok\u00e7a geli\u015ftirece\u011fime inan\u0131yorum \u00e7\u00fcnk\u00fc ger\u00e7ekten \u00e7ok g\u00fczel bir kurum. \u00c7ok g\u00fczel s\u0131n\u0131flar yap\u0131lm\u0131\u015f, \u00e7al\u0131\u015fma ortam\u0131 ger\u00e7ekten \u00e7ok g\u00fczel. Burada bulunmak keyifli\u201d ifadelerini kullanarak Esenyurt Belediyesi\u2019ne te\u015fekk\u00fcr etti.<\/span><\/p>\n","protected":false},"excerpt":{"rendered":"<p>Esenyurt\u2019ta bir ilk olan Sinema Akademisi\u2019nin ilk dersi yap\u0131ld\u0131. Sinema sekt\u00f6r\u00fcndeki tecr\u00fcbeli isimlerin e\u011fitim verdi\u011fi akademiye sekt\u00f6rde kendini geli\u015ftirmek isteyen<\/p>\n","protected":false},"author":3,"featured_media":8349,"comment_status":"open","ping_status":"open","sticky":false,"template":"","format":"standard","meta":{"colormag_page_container_layout":"default_layout","colormag_page_sidebar_layout":"default_layout","footnotes":""},"categories":[1,5,6,8],"tags":[],"class_list":["post-8343","post","type-post","status-publish","format-standard","has-post-thumbnail","hentry","category-genel","category-gundem","category-kultur-sanat","category-siyaset"],"_links":{"self":[{"href":"https:\/\/marmarayerelhizmet.com\/index.php\/wp-json\/wp\/v2\/posts\/8343","targetHints":{"allow":["GET"]}}],"collection":[{"href":"https:\/\/marmarayerelhizmet.com\/index.php\/wp-json\/wp\/v2\/posts"}],"about":[{"href":"https:\/\/marmarayerelhizmet.com\/index.php\/wp-json\/wp\/v2\/types\/post"}],"author":[{"embeddable":true,"href":"https:\/\/marmarayerelhizmet.com\/index.php\/wp-json\/wp\/v2\/users\/3"}],"replies":[{"embeddable":true,"href":"https:\/\/marmarayerelhizmet.com\/index.php\/wp-json\/wp\/v2\/comments?post=8343"}],"version-history":[{"count":0,"href":"https:\/\/marmarayerelhizmet.com\/index.php\/wp-json\/wp\/v2\/posts\/8343\/revisions"}],"wp:featuredmedia":[{"embeddable":true,"href":"https:\/\/marmarayerelhizmet.com\/index.php\/wp-json\/wp\/v2\/media\/8349"}],"wp:attachment":[{"href":"https:\/\/marmarayerelhizmet.com\/index.php\/wp-json\/wp\/v2\/media?parent=8343"}],"wp:term":[{"taxonomy":"category","embeddable":true,"href":"https:\/\/marmarayerelhizmet.com\/index.php\/wp-json\/wp\/v2\/categories?post=8343"},{"taxonomy":"post_tag","embeddable":true,"href":"https:\/\/marmarayerelhizmet.com\/index.php\/wp-json\/wp\/v2\/tags?post=8343"}],"curies":[{"name":"wp","href":"https:\/\/api.w.org\/{rel}","templated":true}]}}