{"id":8284,"date":"2023-03-27T00:57:15","date_gmt":"2023-03-26T21:57:15","guid":{"rendered":"https:\/\/marmarayerelhizmet.com\/?p=8284"},"modified":"2023-03-27T00:57:15","modified_gmt":"2023-03-26T21:57:15","slug":"gazilere-zam-mujdesi","status":"publish","type":"post","link":"https:\/\/marmarayerelhizmet.com\/index.php\/2023\/03\/27\/gazilere-zam-mujdesi\/","title":{"rendered":"Gazilere Zam M\u00fcjdesi"},"content":{"rendered":"<article id=\"post-6825\" class=\"post-6825 post type-post status-publish format-standard has-post-thumbnail hentry category-ekonomi category-genel category-siyaset\">\n<div class=\"article-content clearfix\">\n<div class=\"entry-content clearfix\">\n<p><span style=\"font-family: arial, helvetica, sans-serif; font-size: 14px;\"><strong>\u00c7al\u0131\u015fma ve Sosyal G\u00fcvenlik Bakan\u0131 Vedat Bilgin, gazilere \u00f6denen ayl\u0131klar\u0131 asgari \u00fccret d\u00fczeyine \u00e7\u0131kartacaklar\u0131n\u0131 a\u00e7\u0131klad\u0131.<\/strong><\/span><\/p>\n<p><span style=\"font-family: arial, helvetica, sans-serif; font-size: 14px;\">\u00c7al\u0131\u015fma ve Sosyal G\u00fcvenlik Bakan\u0131 Bilgin, sosyal payla\u015f\u0131m sitesi Twitter hesab\u0131ndan yapt\u0131\u011f\u0131 payla\u015f\u0131mda, \u201cMeclise sundu\u011fumuz \u00e7al\u0131\u015fmayla; Gazilerimize \u00f6denen ayl\u0131klar\u0131 asgari \u00fccret d\u00fczeyine \u00e7\u0131kar\u0131yoruz. D\u00fczenlememizle gazilerimiz aras\u0131ndaki ayl\u0131k farkl\u0131l\u0131klar\u0131n\u0131 da ortadan kald\u0131r\u0131yoruz. T\u00fcrkiye Cumhuriyeti sosyal devlettir ve vatana fedakarca hizmet etmi\u015f gazilerimizin yan\u0131ndad\u0131r\u201d ifadelerine yer verdi.<\/span><\/p>\n<\/div>\n<\/div>\n<\/article>\n","protected":false},"excerpt":{"rendered":"<p>\u00c7al\u0131\u015fma ve Sosyal G\u00fcvenlik Bakan\u0131 Vedat Bilgin, gazilere \u00f6denen ayl\u0131klar\u0131 asgari \u00fccret d\u00fczeyine \u00e7\u0131kartacaklar\u0131n\u0131 a\u00e7\u0131klad\u0131. \u00c7al\u0131\u015fma ve Sosyal G\u00fcvenlik Bakan\u0131<\/p>\n","protected":false},"author":3,"featured_media":8288,"comment_status":"open","ping_status":"open","sticky":false,"template":"","format":"standard","meta":{"colormag_page_container_layout":"default_layout","colormag_page_sidebar_layout":"default_layout","footnotes":""},"categories":[3,1,5,8],"tags":[],"class_list":["post-8284","post","type-post","status-publish","format-standard","has-post-thumbnail","hentry","category-ekonomi","category-genel","category-gundem","category-siyaset"],"_links":{"self":[{"href":"https:\/\/marmarayerelhizmet.com\/index.php\/wp-json\/wp\/v2\/posts\/8284","targetHints":{"allow":["GET"]}}],"collection":[{"href":"https:\/\/marmarayerelhizmet.com\/index.php\/wp-json\/wp\/v2\/posts"}],"about":[{"href":"https:\/\/marmarayerelhizmet.com\/index.php\/wp-json\/wp\/v2\/types\/post"}],"author":[{"embeddable":true,"href":"https:\/\/marmarayerelhizmet.com\/index.php\/wp-json\/wp\/v2\/users\/3"}],"replies":[{"embeddable":true,"href":"https:\/\/marmarayerelhizmet.com\/index.php\/wp-json\/wp\/v2\/comments?post=8284"}],"version-history":[{"count":0,"href":"https:\/\/marmarayerelhizmet.com\/index.php\/wp-json\/wp\/v2\/posts\/8284\/revisions"}],"wp:featuredmedia":[{"embeddable":true,"href":"https:\/\/marmarayerelhizmet.com\/index.php\/wp-json\/wp\/v2\/media\/8288"}],"wp:attachment":[{"href":"https:\/\/marmarayerelhizmet.com\/index.php\/wp-json\/wp\/v2\/media?parent=8284"}],"wp:term":[{"taxonomy":"category","embeddable":true,"href":"https:\/\/marmarayerelhizmet.com\/index.php\/wp-json\/wp\/v2\/categories?post=8284"},{"taxonomy":"post_tag","embeddable":true,"href":"https:\/\/marmarayerelhizmet.com\/index.php\/wp-json\/wp\/v2\/tags?post=8284"}],"curies":[{"name":"wp","href":"https:\/\/api.w.org\/{rel}","templated":true}]}}