{"id":8178,"date":"2023-03-22T14:07:26","date_gmt":"2023-03-22T11:07:26","guid":{"rendered":"https:\/\/marmarayerelhizmet.com\/?p=8178"},"modified":"2023-03-22T14:08:49","modified_gmt":"2023-03-22T11:08:49","slug":"on-bir-ayin-sultani-ramazan-basliyor","status":"publish","type":"post","link":"https:\/\/marmarayerelhizmet.com\/index.php\/2023\/03\/22\/on-bir-ayin-sultani-ramazan-basliyor\/","title":{"rendered":"On Bir Ay\u0131n Sultan\u0131 Ramazan Ba\u015fl\u0131yor"},"content":{"rendered":"<article id=\"post-6437\" class=\"post-6437 post type-post status-publish format-standard has-post-thumbnail hentry category-genel\">\n<div class=\"article-content clearfix\">\n<div class=\"entry-content clearfix\">\n<p><strong>\u2018On bir ay\u0131n sultan\u0131\u2019 Ramazan\u2019da ilk teravih namaz\u0131 bu ak\u015fam k\u0131l\u0131nacak. Ard\u0131ndan gece kalk\u0131lacak sahur ile ilk oru\u00e7lar tutulmaya ba\u015flanacak.<br \/>\n<\/strong><br \/>\n\u0130slam dininde \u00f6nemli bir yere sahip olan, M\u00fcsl\u00fcmanlar i\u00e7in sevaplar\u0131n artt\u0131\u011f\u0131, g\u00fcnahlar\u0131n affedildi\u011fi \u00fc\u00e7 aylardan Ramazan ay\u0131 yar\u0131n ba\u015fl\u0131yor. On ay\u0131n sultan\u0131 Ramazan\u2019da bu ak\u015fam t\u00fcm camilerde ilk teravih namaz\u0131 k\u0131l\u0131nacak. Gece kalk\u0131lacak sahur ile de oru\u00e7lar tutulmaya ba\u015flanacak. \u00dclkedeki ilk imsak ve ilk iftar I\u011fd\u0131r\u2019da ger\u00e7ekle\u015fecek. Son imsak \u00c7anakkale\u2019de, son iftar ise \u00c7anakkale ve Edirne\u2019de yap\u0131lacak. Diyanet \u0130\u015fleri Ba\u015fkanl\u0131\u011f\u0131 Din \u0130\u015fleri Y\u00fcksek Kurulu kameri ay hesaplamalar\u0131na g\u00f6re bu y\u0131l 29 g\u00fcn oru\u00e7 tutulacak.<br \/>\nAy boyunca camilerde mukabele okunacak, hatimler yap\u0131lacak, dualar edilecek. Ayr\u0131ca Kahramanmara\u015f merkezli depremler nedeniyle bu y\u0131l \u201cRamazan ve Dayan\u0131\u015fma\u201d olarak belirlenen tema \u00e7er\u00e7evesinde birlik ve beraberlik daha da art\u0131r\u0131larak, deprem b\u00f6lgelerinde karde\u015flik sofralar\u0131 kurulacak. Afetlerde zarar g\u00f6ren ve ma\u011fduriyet ya\u015fayanlar daha \u00e7ok g\u00f6zetlenerek desteklenecek.<br \/>\n\u00d6te yandan Din \u0130\u015fleri Y\u00fcksek Kurulu, Ramazan ay\u0131nda verilecek fitre miktar\u0131n\u0131 ki\u015fi ba\u015f\u0131na en az 70 lira olarak duyurmu\u015ftu.<\/p>\n<\/div>\n<\/div>\n<\/article>\n","protected":false},"excerpt":{"rendered":"<p>\u2018On bir ay\u0131n sultan\u0131\u2019 Ramazan\u2019da ilk teravih namaz\u0131 bu ak\u015fam k\u0131l\u0131nacak. Ard\u0131ndan gece kalk\u0131lacak sahur ile ilk oru\u00e7lar tutulmaya ba\u015flanacak.<\/p>\n","protected":false},"author":3,"featured_media":8179,"comment_status":"open","ping_status":"open","sticky":false,"template":"","format":"standard","meta":{"colormag_page_container_layout":"default_layout","colormag_page_sidebar_layout":"default_layout","footnotes":""},"categories":[1,5],"tags":[],"class_list":["post-8178","post","type-post","status-publish","format-standard","has-post-thumbnail","hentry","category-genel","category-gundem"],"_links":{"self":[{"href":"https:\/\/marmarayerelhizmet.com\/index.php\/wp-json\/wp\/v2\/posts\/8178","targetHints":{"allow":["GET"]}}],"collection":[{"href":"https:\/\/marmarayerelhizmet.com\/index.php\/wp-json\/wp\/v2\/posts"}],"about":[{"href":"https:\/\/marmarayerelhizmet.com\/index.php\/wp-json\/wp\/v2\/types\/post"}],"author":[{"embeddable":true,"href":"https:\/\/marmarayerelhizmet.com\/index.php\/wp-json\/wp\/v2\/users\/3"}],"replies":[{"embeddable":true,"href":"https:\/\/marmarayerelhizmet.com\/index.php\/wp-json\/wp\/v2\/comments?post=8178"}],"version-history":[{"count":0,"href":"https:\/\/marmarayerelhizmet.com\/index.php\/wp-json\/wp\/v2\/posts\/8178\/revisions"}],"wp:featuredmedia":[{"embeddable":true,"href":"https:\/\/marmarayerelhizmet.com\/index.php\/wp-json\/wp\/v2\/media\/8179"}],"wp:attachment":[{"href":"https:\/\/marmarayerelhizmet.com\/index.php\/wp-json\/wp\/v2\/media?parent=8178"}],"wp:term":[{"taxonomy":"category","embeddable":true,"href":"https:\/\/marmarayerelhizmet.com\/index.php\/wp-json\/wp\/v2\/categories?post=8178"},{"taxonomy":"post_tag","embeddable":true,"href":"https:\/\/marmarayerelhizmet.com\/index.php\/wp-json\/wp\/v2\/tags?post=8178"}],"curies":[{"name":"wp","href":"https:\/\/api.w.org\/{rel}","templated":true}]}}