{"id":8087,"date":"2023-03-19T23:42:34","date_gmt":"2023-03-19T20:42:34","guid":{"rendered":"https:\/\/marmarayerelhizmet.com\/?p=8087"},"modified":"2023-03-19T23:42:34","modified_gmt":"2023-03-19T20:42:34","slug":"6li-masa-bir-araya-geldi","status":"publish","type":"post","link":"https:\/\/marmarayerelhizmet.com\/index.php\/2023\/03\/19\/6li-masa-bir-araya-geldi\/","title":{"rendered":"6\u2019l\u0131 Masa Bir Araya Geldi"},"content":{"rendered":"<p><span style=\"font-family: arial, helvetica, sans-serif; font-size: 14px;\"><strong>\u0130zmir&#8217;de d\u00fczenlenen &#8216;\u0130kinci Y\u00fczy\u0131l\u0131n \u0130ktisat Kongresi\u2019ne Millet \u0130ttifak\u0131&#8217;n\u0131 olu\u015fturan partilerin ba\u015fkanlar\u0131 ile kat\u0131lan Cumhuriyet Halk Partisi (CHP) Genel Ba\u015fkan\u0131 ve 13. Cumhurba\u015fkan\u0131 Aday\u0131 Kemal K\u0131l\u0131\u00e7daro\u011flu, Millet \u0130ttifak\u0131&#8217;n\u0131n d\u00f6rt ayakl\u0131 stratejisinin demokrasi, \u00fcretim, sosyal devlet ve s\u00fcrd\u00fcr\u00fclebilirlik oldu\u011funu s\u00f6yledi. \u0130Y\u0130 Parti Genel Ba\u015fkan\u0131 Meral Ak\u015fener\u2019in kat\u0131lmad\u0131\u011f\u0131 toplant\u0131da partiyi, genel ba\u015fkan yard\u0131mc\u0131s\u0131 \u00dcmit \u00d6zlale temsil etti.<\/strong><\/span><\/p>\n<p><span style=\"font-family: arial, helvetica, sans-serif; font-size: 14px;\">\u0130zmir B\u00fcy\u00fck\u015fehir Belediyesinin d\u00fczenledi\u011fi \u0130kinci Y\u00fczy\u0131l\u0131n \u0130ktisat Kongresi\u2019nin 5. g\u00fcn\u00fcnde 6\u2019l\u0131 masan\u0131n temsilcileri bir araya geldi. Ahmed Adnan Saygun Sanat Merkezi&#8217;nde yap\u0131lan \u2018Millet \u0130ttifak\u0131 Genel Ba\u015fkanlar Bulu\u015fmas\u0131\u2019nda CHP Genel Ba\u015fkan\u0131 ve 13. Cumhurba\u015fkan\u0131 Aday\u0131 Kemal K\u0131l\u0131\u00e7daro\u011flu, DEVA Partisi Genel Ba\u015fkan\u0131 Ali Babacan, Demokrat Parti Genel Ba\u015fkan\u0131 G\u00fcltekin Uysal, Gelecek Partisi Genel Ba\u015fkan\u0131 Ahmet Davuto\u011flu ve Saadet Partisi Genel Ba\u015fkan\u0131 Temel Karamollao\u011flu, \u0130zmir B\u00fcy\u00fck\u015fehir Belediye Ba\u015fkan\u0131 Tun\u00e7 Soyer\u2019in ev sahipli\u011finde bir araya geldi. Bulu\u015fmada \u0130Y\u0130 Parti Genel Ba\u015fkan\u0131 Meral Ak\u015fener\u2019in yer alamamas\u0131 ise dikkat \u00e7ekti. \u0130Y\u0130 Parti\u2019yi, genel ba\u015fkan yard\u0131mc\u0131s\u0131 \u00dcmit \u00d6zlale temsil etti.<\/span><\/p>\n<p><span style=\"font-family: arial, helvetica, sans-serif; font-size: 14px;\"><strong>\u201c\u0130\u015fimizin \u00e7ok kolay oldu\u011funu kimse d\u00fc\u015f\u00fcnmesin\u201d<\/strong><\/span><br \/>\n<span style=\"font-family: arial, helvetica, sans-serif; font-size: 14px;\">Konu\u015fmas\u0131na di\u011fer parti liderlerinden \u00f6nce ba\u015flayan Kemal K\u0131l\u0131\u00e7daro\u011flu, \u201c\u0130kinci y\u00fczy\u0131l\u0131 birlikte in\u015fa edece\u011fiz. \u0130\u015fimizin \u00e7ok kolay oldu\u011funu kimse d\u00fc\u015f\u00fcnmesin ama birinci y\u00fczy\u0131l\u0131n kongresinde de o d\u00f6nemin liderlerinin i\u015finin \u00e7ok kolay olmad\u0131\u011f\u0131n\u0131 onlar da biliyordu. Zor zamanlardan ge\u00e7ti\u011fimizin fark\u0131nday\u0131m. Gazi Mustafa Kemal Atat\u00fcrk\u2019\u00fcn hep iki temel ilke ile anar\u0131m. Benim g\u00f6nl\u00fcmdeki Gazi Mustafa Kemal\u2019in iki temel ilkesinden biri siyasi ba\u011f\u0131ms\u0131zl\u0131k. \u0130kinci ilkesi ise ekonomik ba\u011f\u0131ms\u0131zl\u0131kt\u0131r. \u0130zmir\u2019de 100 y\u0131l \u00f6nce yap\u0131lan kongrede Mustafa Kemal Atat\u00fcrk, \u2018Siyasi ve askeri zaferler ne kadar b\u00fcy\u00fck olursa olsun iktisat zaferleri ile ta\u00e7land\u0131r\u0131lmazlarsa elde edilen zaferler s\u00fcr\u00fcp gidemez\u2019 der. Bug\u00fcne kadar b\u00fcy\u00fck s\u0131k\u0131nt\u0131lar \u00e7ekti\u011fimizi biliyoruz. Zaman zaman b\u00fcy\u00fck krizlerin \u00e7\u0131kt\u0131\u011f\u0131n\u0131 biliyoruz ama \u00f6yle bir d\u00fczen kural\u0131m ki kim iktidar gelirse gelsin bu t\u00fcr krizlerle T\u00fcrkiye kar\u015f\u0131 kar\u015f\u0131ya kalmas\u0131n\u201d dedi.<\/span><\/p>\n<p><span style=\"font-family: arial, helvetica, sans-serif; font-size: 14px;\"><strong>D\u00f6rt ayakl\u0131 strateji<\/strong><\/span><br \/>\n<span style=\"font-family: arial, helvetica, sans-serif; font-size: 14px;\">Millet \u0130ttifak\u0131&#8217;n\u0131n d\u00f6rt ayakl\u0131 stratejisinden bahseden K\u0131l\u0131\u00e7daro\u011flu, bu stratejilerin demokrasi, \u00fcretim, sosyal devlet ve s\u00fcrd\u00fcr\u00fclebilirlik oldu\u011funu aktard\u0131. Demokrasiye ili\u015fkin konu\u015fan K\u0131l\u0131\u00e7daro\u011flu, \u201cG\u00fc\u00e7l\u00fc bir demokrasi, g\u00fc\u00e7l\u00fc bir parlamenter sistem. 6 lideri bir araya getirmenin temel felsefenin \u00f6z\u00fcnde demokrasi yat\u0131yor. D\u00fcnyaya bakt\u0131\u011f\u0131m\u0131zda ki\u015fi ba\u015f\u0131na gelirin en y\u00fcksek oldu\u011fu \u00fclkelerin t\u00fcm\u00fcnde demokrasi anlay\u0131\u015f\u0131 vard\u0131r. Biz de demokrasiyi geli\u015ftirmek, kuvvetler ayr\u0131l\u0131\u011f\u0131n\u0131 getirmek zorunday\u0131z. Sa\u011fl\u0131kl\u0131 ilerleyen hi\u00e7bir demokraside denetimsiz alan yoktur. Her alan mutlaka denetlenir. T\u00fcrkiye B\u00fcy\u00fck Millet Meclisi de denetlenir. \u00d6zg\u00fcr medya altyap\u0131s\u0131n\u0131n sa\u011flanmas\u0131 laz\u0131m. Siyaset kurumunun halk\u0131na hesap vermesi gerekiyor. \u0130ktidar sahipleri halk\u0131na hesap vermiyorsa orada demokrasi yoktur. \u2018G\u00fc\u00e7lendirilmi\u015f parlamenter sisteme ge\u00e7erken ulusal vergi konseyi kuraca\u011f\u0131z\u2019 dedik. 85 milyon, toplanan vergilerin nerelere harcand\u0131\u011f\u0131n\u0131 bilecek. Sa\u011fl\u0131kl\u0131 i\u015fleyen demokrasilerde siyaset kurumunun lekelenmemesi laz\u0131m. Burada da irade koyduk. Siyasi etik kanunu \u00e7\u0131karaca\u011f\u0131z. 6 lider imza att\u0131k. Siyaset ahlak zemininde y\u00fcr\u00fcrse pek \u00e7ok sorun \u00e7\u00f6z\u00fcl\u00fcr. B\u00f6yle bir yasa oldu\u011funda \u00e7ok farkl\u0131 bir T\u00fcrkiye\u2019ye imza atm\u0131\u015f olaca\u011f\u0131z. Harcanan paralar\u0131n sa\u011fl\u0131kl\u0131 harcan\u0131p harcanmad\u0131\u011f\u0131n\u0131n hesab\u0131n\u0131n verilmesi laz\u0131m. Bunun i\u00e7in 6 lider, \u2018TBMM\u2019de plan ve b\u00fct\u00e7e komisyonu d\u0131\u015f\u0131nda kesin hesap komisyonu kuraca\u011f\u0131z\u2019 dedik. Ayr\u0131ca tarihimizde ilk olacak; kesin hesap komisyonu ba\u015fkan\u0131 ana muhalefet partisinden olacak. Ayaklar\u0131 yere basan, ahlakl\u0131 siyasetin egemen oldu\u011fu, harcanan her kuru\u015fun hesab\u0131n\u0131n verildi\u011fi, medyan\u0131n \u00f6zg\u00fcr oldu\u011fu g\u00fczel bir T\u00fcrkiye kuraca\u011f\u0131z\u201d ifadelerini kulland\u0131.<\/span><\/p>\n<p><span style=\"font-family: arial, helvetica, sans-serif; font-size: 14px;\"><strong>\u201cHedef, \u00e7ip \u00fcreten \u00fclke olmak\u201d<\/strong><\/span><br \/>\n<span style=\"font-family: arial, helvetica, sans-serif; font-size: 14px;\">Stratejin ikinci aya\u011f\u0131n\u0131n \u00fcretim oldu\u011funu ifade eden K\u0131l\u0131\u00e7daro\u011flu, \u015f\u00f6yle devam etti: \u201cT\u00fcrkiye\u2019nin her alanda \u00fcretmesi laz\u0131m. Sanayiden tar\u0131ma, k\u00fclt\u00fcre kadar \u00fcreten bir T\u00fcrkiye. \u00dcreten T\u00fcrkiye g\u00fc\u00e7l\u00fc T\u00fcrkiye\u2019dir. Kaynaklar\u0131n\u0131z, yeriniz yurdunuz, \u00e7al\u0131\u015fkan insanlar\u0131n\u0131z var ama \u00fcretimden kopar\u0131l\u0131yorlar. Herkes \u00fcretim zincirinin halkas\u0131 olacak. Herkesin \u00fcretti\u011fi T\u00fcrkiye, d\u0131\u015far\u0131ya el avu\u00e7 a\u00e7mayan, kom\u015fular\u0131na her t\u00fcrl\u00fc yard\u0131m yapacak kapasiteye sahip bir \u00fclkedir. Neyi nas\u0131l \u00fcretece\u011fimizi \u00e7ok iyi bilmek zorunday\u0131z. 21. y\u00fczy\u0131l ekonomisi art\u0131k tar\u0131m ekonomisi, sanayi ekonomisi de\u011fil, bilgi ekonomisidir. Hangi \u00fclke bilgi \u00fcretirse o \u00fclke h\u0131zla b\u00fcy\u00fcr ve kalk\u0131n\u0131r. Bilgiyi \u00fcniversitelerde \u00fcretece\u011fiz. Bizim iktidar\u0131m\u0131zda \u00fcniversitelerde her t\u00fcrl\u00fc d\u00fc\u015f\u00fcnce \u00f6zg\u00fcrce tart\u0131\u015f\u0131lacak. Kimse farkl\u0131 d\u00fc\u015f\u00fcnd\u00fc diye \u00fcniversiteden at\u0131lmayacak. \u00dcniversiteler bilgi yuvas\u0131 olacak. Bu bilgiler sanayiciler taraf\u0131ndan elle tutulur metaya d\u00f6n\u00fc\u015ft\u00fcr\u00fclecek. Katma de\u011feri y\u00fcksek \u00fcr\u00fcn \u00fcretmek zorunday\u0131z. Katma de\u011feri y\u00fcksek \u00fcr\u00fcn \u00fcretmenin yolu, \u00fcniversitenin bilgi \u00fcretmesi ve sanayicinin bu bilgiyi metaya d\u00f6n\u00fc\u015ft\u00fcrmesidir. Biz bilgiyi \u00fcreten \u00fclkelerin pazar\u0131y\u0131z. Millet \u0130ttifak\u0131 iktidar\u0131nda ba\u015fkalar\u0131n\u0131n pazar\u0131 de\u011fil, d\u00fcnyaya mal \u00fcreten \u00fclke olaca\u011f\u0131z. 20. y\u00fczy\u0131l petrol y\u00fczy\u0131l\u0131yd\u0131. 21. y\u00fczy\u0131l \u00e7ip sava\u015flar\u0131d\u0131r. \u00c7ipin nerede \u00fcretilece\u011fine bilgi \u00fcretenler karar verir. 21. y\u00fczy\u0131l T\u00fcrkiye\u2019sinin temel hedefi \u00e7ip \u00fcreten \u00fclke olmakt\u0131r.\u201d<\/span><\/p>\n<p><span style=\"font-family: arial, helvetica, sans-serif; font-size: 14px;\"><strong>\u201cSosyal devlet ve s\u00fcrd\u00fcr\u00fclebilirlik\u201d<\/strong><\/span><br \/>\n<span style=\"font-family: arial, helvetica, sans-serif; font-size: 14px;\">\u00dc\u00e7\u00fcnc\u00fc aya\u011f\u0131n g\u00fc\u00e7l\u00fc bir sosyal devlet oldu\u011funu belirten K\u0131l\u0131\u00e7daro\u011flu, \u201cHuzurun olmas\u0131, kayna\u011f\u0131n hak\u00e7a b\u00f6l\u00fc\u015fmesine ba\u011fl\u0131. Hi\u00e7bir \u00e7ocu\u011fun yata\u011fa a\u00e7 girmedi\u011fi bir \u00fclkeyi yeniden in\u015fa edece\u011fiz. Bug\u00fcn T\u00fcrkiye\u2019de sosyal devlet b\u00fcy\u00fck yara alm\u0131\u015f durumdad\u0131r. 5-6 y\u0131lda alt gelir gruplar\u0131ndan bir avu\u00e7 \u00fcst gelir grubuna milyarlarca gelir aktar\u0131l\u0131yor. Her ailenin her bir bireyinin g\u00fcvencesi olacak. Sosyal devlet, yard\u0131m yaparken ki\u015fiyi asla afi\u015fe etmeyecek\u201d dedi. D\u00f6rd\u00fcnc\u00fc aya\u011f\u0131n s\u00fcrd\u00fcr\u00fclebilirlik oldu\u011funu s\u00f6yleyen K\u0131l\u0131\u00e7daro\u011flu, \u201cDurdu\u011funuz andan itibaren geriye gidersiniz. Bu de\u011fi\u015fime ayak uydurmak zorundas\u0131n\u0131z. S\u00fcrd\u00fcr\u00fclebilirlikte anahtar liyakatt\u0131r. De\u011fi\u015fime ayak m\u0131 uyduraca\u011f\u0131z, de\u011fi\u015fime \u00f6nc\u00fcl\u00fck m\u00fc edece\u011fiz? Biz yapal\u0131m, onlar bizi izlesin. De\u011fi\u015fime d\u00f6n\u00fc\u015f\u00fcme \u00f6nc\u00fcl\u00fck yapan bir T\u00fcrkiye istiyoruz. S\u00fcrd\u00fcr\u00fclebilirli\u011fin temel anahtar\u0131ndan biri de e\u011fitimdir. Merak duygusunu b\u00fcy\u00fctebiliyorsan\u0131z ve \u00e7ocuk ya\u015fam\u0131 sorgulama yetene\u011fine kavu\u015fuyorsa T\u00fcrkiye h\u0131zla b\u00fcy\u00fcmenin \u00f6n\u00fcn\u00fc a\u00e7m\u0131\u015f olur\u201d diye konu\u015ftu.<\/span><\/p>\n<p><span style=\"font-family: arial, helvetica, sans-serif; font-size: 14px;\"><strong>\u201cBu tuzaktan \u00e7\u0131k\u0131\u015f m\u00fcmk\u00fcn\u201d<\/strong><\/span><br \/>\n<span style=\"font-family: arial, helvetica, sans-serif; font-size: 14px;\">DEVA Partisi Genel Ba\u015fkan\u0131 Ali Babacan da konu\u015fmas\u0131na baz\u0131 grafikleri kat\u0131l\u0131mc\u0131larla payla\u015farak ba\u015flad\u0131. Babacan, \u201c34 y\u0131ll\u0131k 2-3 haneli d\u00f6nemden sonra enflasyon 2012-2013\u2019te tek haneye iniyor, son y\u0131llarda tekrar al\u0131yor ba\u015f\u0131n\u0131 gidiyor. Ki\u015fi ba\u015f\u0131 milli gelir de 2012-2013\u2019te zirveye ula\u015f\u0131yor, son y\u0131llarda d\u00fc\u015f\u00fc\u015fe giriyor. \u015eeffafl\u0131k endeksinde T\u00fcrkiye k\u00f6t\u00fc bir noktadan ba\u015fl\u0131yor, 2012-2013\u2019te zirveye ula\u015f\u0131p a\u015fa\u011f\u0131 d\u00fc\u015f\u00fcyor. Ekonomi i\u00e7in olmazsa olmaz iki kavram, hukuk ve e\u011fitim. T\u00fcrkiye\u2019nin zirvede oldu\u011fu y\u0131llarda bundan bahsediyorduk. Bir \u00f6nceki iktisat kongresinde \u0130zmir\u2019de \u2018E\u011fitim ve hukukta gerekenleri yapmazsak T\u00fcrkiye orta gelir tuza\u011f\u0131na d\u00fc\u015fer demi\u015ftim\u2019 ve d\u00fc\u015ft\u00fck. Bu tuzaktan \u00e7\u0131k\u0131\u015f m\u00fcmk\u00fcn. Endi\u015feye mahal yok. Do\u011frular\u0131 yapt\u0131\u011f\u0131m\u0131z s\u00fcrece T\u00fcrkiye y\u00fcksek gelirli \u00fclkeler s\u0131ralamas\u0131na girer. Ne kadar \u00e7ok demokrasi o kadar ekonomi. Ne kadar adalet o kadar ekonomi. Ne kadar liyakat o kadar ekonomi. Ne kadar e\u011fitim o kadar ekonomi\u201d s\u00f6zlerine yer verdi.<\/span><\/p>\n<p><span style=\"font-family: arial, helvetica, sans-serif; font-size: 14px;\"><strong>\u201cHer alanda haz\u0131r\u0131z\u201d<\/strong><\/span><br \/>\n<span style=\"font-family: arial, helvetica, sans-serif; font-size: 14px;\">6 parti olarak cumhuriyet tarihinde yap\u0131lmam\u0131\u015f i\u015f ba\u015fard\u0131klar\u0131n\u0131 kaydeden Babacan, \u201cOrtak politikalar mutabakat metnimizi haz\u0131rlad\u0131k. 6 birbirinden \u00e7ok farkl\u0131 parti, parlamenter sistem i\u00e7in bulu\u015ftu. 84 maddelik anayasa de\u011fi\u015fikli\u011fi paketi haz\u0131rlad\u0131k. Arkas\u0131ndan 6 imza ile 2 bin 300 maddelik eylem plan\u0131n\u0131n her kelimesinde mutab\u0131k kald\u0131k. Y\u00fczde 60\u2019\u0131n\u0131 5 y\u0131lda ger\u00e7ekle\u015ftirsek T\u00fcrkiye u\u00e7ar. Burada hazine var. Her alanda haz\u0131r\u0131z. Hi\u00e7bir siyasi partinin olmad\u0131\u011f\u0131 kadar bu \u00fclkeyi y\u00f6netmeye haz\u0131r\u0131z. \u00c7ok \u00f6nemli bir e\u015fikteyiz. B\u00fct\u00fcn bu \u00e7al\u0131\u015fmalarda en \u00f6nemli p\u00fcf noktas\u0131 ise \u00f6zg\u00fcrl\u00fckler. \u0130fade \u00f6zg\u00fcrl\u00fc\u011f\u00fc, bas\u0131n \u00f6zg\u00fcrl\u00fc\u011f\u00fc ve bunu yapmak o kadar h\u0131zl\u0131 olacak ki. Endi\u015feye mahal yok. T\u00fcm krizleri en h\u0131zl\u0131 \u00e7\u00f6zecek tak\u0131m burada. Haz\u0131r\u0131z. Gen\u00e7lerin ka\u00e7mak de\u011fil ya\u015famak istedi\u011fi bir T\u00fcrkiye\u2019yi ba\u015faraca\u011f\u0131z. 14 May\u0131s\u2019ta kazanaca\u011f\u0131m\u0131z zafer, demokrasi m\u00fccadelesi verenler i\u00e7in umut olacak. B\u00fcrokratlara ders kitab\u0131 olacak. Yapt\u0131klar\u0131m\u0131zla demokrasi tarihi yaz\u0131yoruz. Kitaplarda okutulacak bir ba\u015far\u0131y\u0131 in\u015fa ediyoruz\u201d dedi.<\/span><\/p>\n<p><span style=\"font-family: arial, helvetica, sans-serif; font-size: 14px;\"><strong>\u201cEn b\u00fcy\u00fck toplumsal bar\u0131\u015f projesi\u201d<\/strong><\/span><br \/>\n<span style=\"font-family: arial, helvetica, sans-serif; font-size: 14px;\">Gelecek Partisi Genel Ba\u015fkan\u0131 Ahmet Davuto\u011flu da \u015funlar\u0131 s\u00f6yledi: \u201cBug\u00fcn i\u00e7in &#8216;T\u00fcrkiye\u2019nin her kanad\u0131, her g\u00f6r\u00fc\u015f\u00fc, her siyasi ak\u0131m\u0131 bir masada topland\u0131, hakimiyeti milli i\u00e7in hakimiyeti iktisadi karar\u0131 ald\u0131lar&#8217; demeliler. Biz nesillerin \u00f6n\u00fcn\u00fc a\u00e7mak i\u00e7in 6 lider bir araya geldik. 6\u2019l\u0131 masa modernle\u015fme tarihimizin, meclis tarihimizin, cumhuriyet tarihimizin, demokrasi tarihimizin en b\u00fcy\u00fck toplumsal bar\u0131\u015f projesidir. Toplumu kutupla\u015ft\u0131ranlara kar\u015f\u0131 bulu\u015fturanlar, tekle\u015ftirmeye kar\u015f\u0131 birle\u015ftirmeyen \u00e7al\u0131\u015fan bir heyetiz.&#8221;<\/span><\/p>\n<p><span style=\"font-family: arial, helvetica, sans-serif; font-size: 14px;\"><strong>Mal beyan\u0131 \u00e7a\u011fr\u0131s\u0131<\/strong><\/span><br \/>\n<span style=\"font-family: arial, helvetica, sans-serif; font-size: 14px;\">Davuto\u011flu ayr\u0131ca mal beyan\u0131 \u00e7a\u011fr\u0131s\u0131nda bulunacak \u015f\u00f6yle devam etti: &#8220;Buradan \u00e7a\u011fr\u0131da bulunuyorum; ekonomiyi temizlemek istiyorsak ya\u015fayan t\u00fcm cumhurba\u015fkanlar\u0131, ba\u015fta ben olmak \u00fczere ba\u015fbakanlar, bakanlar mal varl\u0131\u011f\u0131 beyan\u0131nda bulunmal\u0131d\u0131rlar. G\u00f6rev yapt\u0131klar\u0131 s\u00fcrece kendi gelirleriyle sahip olduklar\u0131 mal aras\u0131nda izah edilmeyecek art\u0131\u015f varsa art\u0131\u015f Hazine\u2019ye intikal ettirilmeli, \u015fehit yak\u0131nlar\u0131na, gazilere, engellilere, ihtiya\u00e7 sahiplerine aktar\u0131lmal\u0131. Ben hesap vermeye haz\u0131r\u0131m. Hi\u00e7 merak etmeyin, siyasi ahlak kanunu mutlaka \u00e7\u0131kacak. Kimse siyasi pozisyon sayesinde mal m\u00fclk\u00fcn\u00fc asla art\u0131ramayacak.\u201d<\/span><\/p>\n<p><span style=\"font-family: arial, helvetica, sans-serif; font-size: 14px;\"><strong>\u201cO d\u00f6nemdeki hayal, ufuk bug\u00fcn maalesef yok\u201d<\/strong><\/span><br \/>\n<span style=\"font-family: arial, helvetica, sans-serif; font-size: 14px;\">Saadet Partisi Genel Ba\u015fkan\u0131 Temel Karamollao\u011flu, \u201cBirinci iktisat kongresinin maddelerini mutlaka bulun ve okuyun. 9 madde \u00f6ne \u00e7\u0131km\u0131\u015f ve ayr\u0131ca 12 ba\u015fl\u0131k var. O kongreden sonra T\u00fcrkiye\u2019de ciddi bir hamle ba\u015flat\u0131lm\u0131\u015f. Osmanl\u0131\u2019n\u0131n son d\u00f6nemlerinde bir tak\u0131m iktisadi faaliyetler ba\u015flad\u0131 ama bunlar \u00fclkemizi aya\u011fa kald\u0131racak seviyeye gelmedi. Neyimiz varsa d\u0131\u015far\u0131dan getiriyorduk. Kongreden sonra bir hamle ba\u015flat\u0131ld\u0131. \u0130kinci iktisat kongresinden sonra da bunlar \u015fekillenmeye ba\u015flad\u0131. \u0130\u015fin en garibi, \u015fahsi kanaatime g\u00f6re T\u00fcrkiye\u2019de yap\u0131lmas\u0131 gereken en \u00f6nemli i\u015flerden biri u\u00e7ak fabrikas\u0131d\u0131r. O d\u00f6nem u\u00e7ak imalat\u0131na hemen ba\u015flanm\u0131\u015ft\u0131r. Biz ise \u015fimdi havanda su d\u00f6v\u00fcyoruz. &#8216;O kadar u\u00e7may\u0131n deniyor&#8217;. Ne u\u00e7mas\u0131? Millet aya, Mars\u2019a gidiyor. Ben Vecihi H\u00fcrku\u015f\u2019u unutamam. B\u00f6yle bir vesileyi kendine dert etmi\u015f. O d\u00f6nemdeki hayal, ufuk bug\u00fcn maalesef yok. Karde\u015flerimiz, genel ba\u015fkanlar\u0131m\u0131z g\u00fczel ufuklar \u00e7izdi ama bug\u00fcne dek bu noktada bir \u015fey yapamam\u0131\u015f\u0131z. \u00c7eki\u015fmelerle u\u011fra\u015fm\u0131\u015f\u0131z. Problemleri \u00e7\u00f6zecek ad\u0131mlar atamam\u0131\u015f\u0131z\u201d diye konu\u015ftu.<\/span><\/p>\n<p><span style=\"font-family: arial, helvetica, sans-serif; font-size: 14px;\"><strong>Adalet vurgusu<\/strong><\/span><br \/>\n<span style=\"font-family: arial, helvetica, sans-serif; font-size: 14px;\">\u00dclkenin aya\u011fa kalkmas\u0131 i\u00e7in iktisaden kalk\u0131nma olmas\u0131n\u0131n \u015fart oldu\u011funu vurgulayan Karamollao\u011flu, \u015f\u00f6yle konu\u015ftu: \u201cProblemleri \u00e7\u00f6zmek i\u00e7in nereden ba\u015flayaca\u011f\u0131z dersek herkesin ittifak etti\u011fi konu adalet. Bir \u00fclkede adalet olmadan hi\u00e7bir \u015fey yapamazs\u0131n\u0131z. Biz ayr\u0131ca ahlaki ve manevi de\u011ferler ihya edilmeden huzur olmaz diyoruz. Bunun ba\u015f\u0131nda adaletin tesisi gelir. Devlet, adalet \u00fczerine in\u015fa edilir. Ondan sonra d\u00fcr\u00fcstl\u00fck gelir. \u0130\u015fi ehline vermezseniz o i\u015f istenildi\u011fi gibi in\u015fa edilemez. Yanda\u015f\u0131n\u0131za pas ge\u00e7erseniz burada adaletle d\u00fcr\u00fcstl\u00fck yoktur. \u015eu an ne adalete g\u00fcven kald\u0131 ne d\u00fcr\u00fcstl\u00fck var ne liyakata \u00f6nem veriliyor. Allah nasip eder de 15 May\u0131s\u2019ta yeni d\u00f6nem ba\u015flad\u0131\u011f\u0131nda ele al\u0131nacak ilk hususlar bunlar. Adalet tesisi, g\u00fcven ortam\u0131n\u0131n olu\u015fmas\u0131, liyakate \u00f6nem verilmesi, yanda\u015flara pe\u015fke\u015f \u00e7ekilmemesi.\u201d<\/span><\/p>\n<p><span style=\"font-family: arial, helvetica, sans-serif; font-size: 14px;\"><strong>&#8220;B\u00fcy\u00fck bir farkla bu se\u00e7imin al\u0131naca\u011f\u0131na inan\u0131yorum&#8221;<\/strong><\/span><br \/>\n<span style=\"font-family: arial, helvetica, sans-serif; font-size: 14px;\">CHP ve MSP koalisyonu d\u00f6nemini hat\u0131rlatan Karamollao\u011flu, s\u00f6zlerini \u015f\u00f6yle sonland\u0131rd\u0131: \u201cO koalisyon d\u00f6neminde K\u0131br\u0131s zaferi kazan\u0131ld\u0131. Farkl\u0131 g\u00f6r\u00fc\u015fmeler, \u00e7al\u0131\u015fmalar oldu ve 50 y\u0131l ge\u00e7ti. Yeniden bu meseleleri ele almay\u0131 ve farkl\u0131 g\u00f6r\u00fc\u015flere sahip olan partilerin bir araya gelerek T\u00fcrkiye\u2019nin problemlerini \u00e7\u00f6zmek \u00fczere yola koyulmam\u0131z gerekti\u011fini kabullendik. Cumhurba\u015fkanl\u0131\u011f\u0131 sisteminin de\u011fi\u015fmesini \u00f6nemsiyoruz. Cumhuriyet tarihinde yap\u0131lmam\u0131\u015f bir ad\u0131m\u0131 att\u0131k. Daha koalisyon olu\u015fmadan koalisyon protokol\u00fcn\u00fc imzalay\u0131p hayata ge\u00e7irdik. Bug\u00fcnk\u00fc \u015fartlar bunu gerektiriyor. B\u00fcy\u00fck bir farkla bu se\u00e7imin al\u0131naca\u011f\u0131na inan\u0131yorum. 6 siyasi parti bir araya geldi ve mutabakat sa\u011flad\u0131. Bunun ne kadar \u00f6nemli oldu\u011funu her birimiz ya\u015fayacak g\u00f6rece\u011fiz.&#8221;<\/span><\/p>\n<p><span style=\"font-family: arial, helvetica, sans-serif; font-size: 14px;\"><strong>\u201c100 y\u0131ll\u0131k bir muhasebeyi yapmak mecburiyetindeyiz\u201d<\/strong><\/span><br \/>\n<span style=\"font-family: arial, helvetica, sans-serif; font-size: 14px;\">Demokrat Parti Genel Ba\u015fkan\u0131 G\u00fcltekin Uysal da \u201cDe\u011fi\u015ftirip d\u00f6n\u00fc\u015ft\u00fcremeyece\u011fimiz d\u00fcn\u00fcn \u00fczerinden bir kavga yerine ortak yar\u0131nlar i\u00e7in bulu\u015ftuk. Tarihi bir kongre ger\u00e7ekle\u015ftiriyoruz. 100 y\u0131ll\u0131k bir muhasebeyi yapmak mecburiyetindeyiz. 100 y\u0131l sonra d\u00fczenlenen bu kongrenin de yeni bir at\u0131l\u0131m i\u00e7in ba\u015flang\u0131\u00e7 noktas\u0131 olmas\u0131n\u0131 \u00fcmit ediyorum. T\u00fcrkiye, yeniden d\u00fcnyaya entegre edecek kurumsal yap\u0131s\u0131n\u0131 yeniden kuracak. Meydan okumalar\u0131 ortadan kald\u0131racak siyasi akla ihtiyac\u0131m\u0131z var. \u00d6yle bir tarihi e\u015fikteyiz ki ekonomik olarak asimetrik m\u00fccadele vermek zorunda oldu\u011fumuz de\u011fi\u015fim h\u0131z\u0131n\u0131n y\u00fcksek oldu\u011fu \u00e7a\u011fda rekabette var olmak i\u00e7in t\u00fcm unsular\u0131m\u0131z\u0131 kullanmak mecburiyetindeyiz. Y\u00fckselen umudu daha da y\u00fckseltmeliyiz. Koydu\u011fumuz iradeyi, 14 May\u0131s\u2019ta milletin kendi kaderine hakim olaca\u011f\u0131 g\u00fcn olarak ifade etmek istiyoruz\u201d s\u00f6zlerine yer verdi.<\/span><\/p>\n<p><span style=\"font-family: arial, helvetica, sans-serif; font-size: 14px;\"><strong>\u201cD\u00fcnyaya ayak uydurmak de\u011fil onu y\u00f6netmek zorunday\u0131z\u201d<\/strong><\/span><br \/>\n<span style=\"font-family: arial, helvetica, sans-serif; font-size: 14px;\">\u0130Y\u0130 Parti Genel Ba\u015fkan Yard\u0131mc\u0131s\u0131 \u00dcmit \u00d6zlale, \u201c10 y\u0131lda on binlerce e\u011fitimli insan, \u00fclkeyi terk etmek zorunda kald\u0131. On binlerce e\u011fitimli insan\u0131m\u0131z, bat\u0131 \u00fclkelerine g\u00f6\u00e7 etti. Geli\u015fmi\u015f insan kayna\u011f\u0131, ba\u015fka \u00fclkelerin olu\u015fturaca\u011f\u0131 ekonomik kalk\u0131nmaya hediye edildi. Bat\u0131ya kafa tutar gibi yapan iktidar\u0131n \u00e7anak tuttu\u011fu \u015fey k\u00fcresel g\u00fc\u00e7 dengesizli\u011fine katk\u0131da bulunmak. Bug\u00fcn en \u00f6nemli becerinin bilgi oldu\u011fu bir d\u00fcnyada ya\u015f\u0131yoruz. Kontrol edemedi\u011fimiz b\u00fcy\u00fck de\u011fi\u015fimler, bizi d\u00fcnyaya \u00e7ok h\u0131zl\u0131 ayak uydurmak zorunda b\u0131rak\u0131yor. Bug\u00fcn d\u00fcnyaya ayak uydurmak de\u011fil onu y\u00f6netmek zorunday\u0131z\u201d ifadelerini kulland\u0131.<\/span><\/p>\n<p><span style=\"font-family: arial, helvetica, sans-serif; font-size: 14px;\"><strong>\u201cBir \u015fey de\u011fi\u015fecek, her \u015fey de\u011fi\u015fecek\u201d<\/strong><\/span><br \/>\n<span style=\"font-family: arial, helvetica, sans-serif; font-size: 14px;\">\u0130zmir B\u00fcy\u00fck\u015fehir Belediye Ba\u015fkan\u0131 Tun\u00e7 Soyer ise \u015funlar\u0131 s\u00f6yledi: \u201c100 y\u0131l, \u00fclkelerin tarihinde \u00e7ok \u00f6nemli kilometre ta\u015f\u0131d\u0131r. 100 y\u0131l \u00f6nce \u0130zmir\u2019de yang\u0131n\u0131n \u00fczerinden 5 ay ge\u00e7mi\u015f, bar\u0131\u015f g\u00f6r\u00fc\u015fmeleri Lozan\u2019da kesilmi\u015f, b\u00fct\u00fcn \u00fclke yanm\u0131\u015f y\u0131k\u0131lm\u0131\u015f, on binlerce insan hayat\u0131n\u0131 kaybetmi\u015f. 100 y\u0131l \u00f6nce neden \u0130zmir se\u00e7ilmi\u015f? Birlikte ya\u015fam konusunda b\u00fcy\u00fck birikime sahip olmas\u0131, bir\u00e7ok ilke imza atmas\u0131, farkl\u0131l\u0131klar\u0131n zenginlik unsuru olarak kullan\u0131lmas\u0131; \u0130zmirliler birlikte ya\u015faman\u0131n s\u0131rr\u0131n\u0131 bulmu\u015f ve \u00e7ok renkli bir ya\u015fam bi\u00e7imin refaha d\u00f6n\u00fc\u015ft\u00fcrm\u00fc\u015f. Bu y\u00fczden Mustafa Kemal Atat\u00fcrk \u0130zmir\u2019i se\u00e7mi\u015f. 100 y\u0131l sonra, 100 y\u0131l \u00f6ncesinden farkl\u0131 olarak do\u011fa da payda\u015f olarak ekonominin \u00f6nemli dinamiklerinden biri olarak masaya dahil edildi. Ortak ak\u0131lla in\u015fa edilen bu s\u00fcre\u00e7, \u00e7ok g\u00fc\u00e7l\u00fc bir i\u00e7erik de ortaya \u00e7\u0131kard\u0131. Ortaya \u00e7\u0131kacak kararlar ve ilkeler, gelece\u011fin T\u00fcrkiye\u2019sinin \u015fekillenmesinde \u00e7ok \u00f6nemli rol oynayacak. \u0130kinci Y\u00fczy\u0131l\u0131n \u0130ktisat Kongresi, T\u00fcrkiye\u2019nin i\u00e7inden ge\u00e7ti\u011fi kritik anlarda Millet \u0130ttifak\u0131\u2019n\u0131n ad\u0131mlar\u0131na \u0130zmir\u2019den yapt\u0131\u011f\u0131 katk\u0131d\u0131r. Art\u0131k \u00e7ok iyi biliyoruz; bir \u015fey de\u011fi\u015fecek, her \u015fey de\u011fi\u015fecek.\u201d<\/span><\/p>\n","protected":false},"excerpt":{"rendered":"<p>\u0130zmir&#8217;de d\u00fczenlenen &#8216;\u0130kinci Y\u00fczy\u0131l\u0131n \u0130ktisat Kongresi\u2019ne Millet \u0130ttifak\u0131&#8217;n\u0131 olu\u015fturan partilerin ba\u015fkanlar\u0131 ile kat\u0131lan Cumhuriyet Halk Partisi (CHP) Genel Ba\u015fkan\u0131 ve<\/p>\n","protected":false},"author":3,"featured_media":8088,"comment_status":"open","ping_status":"open","sticky":false,"template":"","format":"standard","meta":{"colormag_page_container_layout":"default_layout","colormag_page_sidebar_layout":"default_layout","footnotes":""},"categories":[3,1,5,8],"tags":[],"class_list":["post-8087","post","type-post","status-publish","format-standard","has-post-thumbnail","hentry","category-ekonomi","category-genel","category-gundem","category-siyaset"],"_links":{"self":[{"href":"https:\/\/marmarayerelhizmet.com\/index.php\/wp-json\/wp\/v2\/posts\/8087","targetHints":{"allow":["GET"]}}],"collection":[{"href":"https:\/\/marmarayerelhizmet.com\/index.php\/wp-json\/wp\/v2\/posts"}],"about":[{"href":"https:\/\/marmarayerelhizmet.com\/index.php\/wp-json\/wp\/v2\/types\/post"}],"author":[{"embeddable":true,"href":"https:\/\/marmarayerelhizmet.com\/index.php\/wp-json\/wp\/v2\/users\/3"}],"replies":[{"embeddable":true,"href":"https:\/\/marmarayerelhizmet.com\/index.php\/wp-json\/wp\/v2\/comments?post=8087"}],"version-history":[{"count":0,"href":"https:\/\/marmarayerelhizmet.com\/index.php\/wp-json\/wp\/v2\/posts\/8087\/revisions"}],"wp:featuredmedia":[{"embeddable":true,"href":"https:\/\/marmarayerelhizmet.com\/index.php\/wp-json\/wp\/v2\/media\/8088"}],"wp:attachment":[{"href":"https:\/\/marmarayerelhizmet.com\/index.php\/wp-json\/wp\/v2\/media?parent=8087"}],"wp:term":[{"taxonomy":"category","embeddable":true,"href":"https:\/\/marmarayerelhizmet.com\/index.php\/wp-json\/wp\/v2\/categories?post=8087"},{"taxonomy":"post_tag","embeddable":true,"href":"https:\/\/marmarayerelhizmet.com\/index.php\/wp-json\/wp\/v2\/tags?post=8087"}],"curies":[{"name":"wp","href":"https:\/\/api.w.org\/{rel}","templated":true}]}}