{"id":7842,"date":"2023-03-12T22:39:38","date_gmt":"2023-03-12T19:39:38","guid":{"rendered":"https:\/\/marmarayerelhizmet.com\/?p=7842"},"modified":"2023-03-12T22:39:38","modified_gmt":"2023-03-12T19:39:38","slug":"kirklarelide-toki-kurasi-heyecani","status":"publish","type":"post","link":"https:\/\/marmarayerelhizmet.com\/index.php\/2023\/03\/12\/kirklarelide-toki-kurasi-heyecani\/","title":{"rendered":"K\u0131rklareli&#8217;de TOK\u0130 Kuras\u0131 Heyecan\u0131"},"content":{"rendered":"<p><strong><span style=\"font-family: arial, helvetica, sans-serif; font-size: 14px;\">K\u0131rklareli&#8217;de Toplu Konut \u0130daresi (TOK\u0130) taraf\u0131ndan &#8216;\u0130lk Evim, \u0130lk \u0130\u015f Yerim&#8217; projesi \u00e7er\u00e7evesinde K\u0131rklareli&#8217;de merkez il\u00e7ede yap\u0131lacak bin 189 adet konutun kura \u00e7ekimi ger\u00e7ekle\u015fiyor.<br \/>\n<\/span><\/strong><br \/>\n<span style=\"font-family: arial, helvetica, sans-serif; font-size: 14px;\">\u00c7evre, \u015eehircilik ve \u0130klim De\u011fi\u015fikli\u011fi Bakanl\u0131\u011f\u0131 ile Toplu Konut \u0130daresi Ba\u015fkanl\u0131\u011f\u0131 i\u015f birli\u011finde ba\u015flat\u0131lan ve Kahramanmara\u015f depremleri sebebiyle ertelenen Cumhuriyet tarihinin en b\u00fcy\u00fck sosyal konut hamlesi kald\u0131\u011f\u0131 yerden devam ediyor.<\/span><br \/>\n<span style=\"font-family: arial, helvetica, sans-serif; font-size: 14px;\">Cumhurba\u015fkan\u0131 Recep Tayyip Erdo\u011fan&#8217;\u0131n talimatlar\u0131yla \u00c7evre, \u015eehircilik ve \u0130klim de\u011fi\u015fikli\u011fi Bakanl\u0131\u011f\u0131 koordinasyonunda Toplu Konut \u0130daresi Ba\u015fkanl\u0131\u011f\u0131nca (TOK\u0130) hayata ge\u00e7irilen &#8220;\u0130lk Evim, \u0130lk \u0130\u015f Yerim&#8221; projesi \u00e7er\u00e7evesinde K\u0131rklareli&#8217;de kura \u00e7ekimi Halk E\u011fitim Merkezinde ger\u00e7ekle\u015ftiriliyor.<\/span><br \/>\n<span style=\"font-family: arial, helvetica, sans-serif; font-size: 14px;\">K\u0131rklareli merkez 158, P\u0131narhisar 256, Demirk\u00f6y 114, Kof\u00e7az 80, Kavakl\u0131 beldesi 55, L\u00fcleburgaz il\u00e7esi Evrensekiz beldesi 100, L\u00fcleburgaz il\u00e7esi Ahmetbey beldesi 70, Babaeski il\u00e7esi Alpullu beldesi 91, Babaeski il\u00e7esi B\u00fcy\u00fckmand\u0131ra beldesi 111, \u00dcsk\u00fcp beldesi 154 olmak \u00fczere bin 189 konutun kuras\u0131 \u00e7ekiliyor.<\/span><br \/>\n<span style=\"font-family: arial, helvetica, sans-serif; font-size: 14px;\">Kura \u00e7ekimine Vali Vekili Yusuf G\u00fcler, Vali Yard\u0131mc\u0131s\u0131 Elif Canan Tuncer, AK Parti K\u0131rklareli Milletvekili Selahattin Minsolmaz, parti ve STK temsilcileri ile vatanda\u015flar kat\u0131ld\u0131. Sayg\u0131 duru\u015funda bulunmas\u0131 ve \u0130stiklal Mar\u015f\u0131&#8217;n\u0131n okunmas\u0131 ile ba\u015flayan kura \u00e7ekiminde Vali Vekili Yusuf G\u00fcler konu\u015fma yapt\u0131. G\u00fcler konu\u015fmas\u0131nda, \u015fansl\u0131 olup kurada \u00e7\u0131kacak olan vatanda\u015flara 2 y\u0131l sonra kavu\u015facaklar\u0131 evlerinde huzurlu ve mutlu ya\u015famalar\u0131 konusunda temennide bulundu.<\/span><br \/>\n<span style=\"font-family: arial, helvetica, sans-serif; font-size: 14px;\">Konu\u015fmalar\u0131n ard\u0131nda protokol \u00fcyelerinin de kat\u0131l\u0131mlar\u0131yla kura \u00e7ekimi ba\u015flad\u0131.<\/span><\/p>\n","protected":false},"excerpt":{"rendered":"<p>K\u0131rklareli&#8217;de Toplu Konut \u0130daresi (TOK\u0130) taraf\u0131ndan &#8216;\u0130lk Evim, \u0130lk \u0130\u015f Yerim&#8217; projesi \u00e7er\u00e7evesinde K\u0131rklareli&#8217;de merkez il\u00e7ede yap\u0131lacak bin 189 adet<\/p>\n","protected":false},"author":3,"featured_media":7843,"comment_status":"open","ping_status":"open","sticky":false,"template":"","format":"standard","meta":{"colormag_page_container_layout":"default_layout","colormag_page_sidebar_layout":"default_layout","footnotes":""},"categories":[1,5],"tags":[],"class_list":["post-7842","post","type-post","status-publish","format-standard","has-post-thumbnail","hentry","category-genel","category-gundem"],"_links":{"self":[{"href":"https:\/\/marmarayerelhizmet.com\/index.php\/wp-json\/wp\/v2\/posts\/7842","targetHints":{"allow":["GET"]}}],"collection":[{"href":"https:\/\/marmarayerelhizmet.com\/index.php\/wp-json\/wp\/v2\/posts"}],"about":[{"href":"https:\/\/marmarayerelhizmet.com\/index.php\/wp-json\/wp\/v2\/types\/post"}],"author":[{"embeddable":true,"href":"https:\/\/marmarayerelhizmet.com\/index.php\/wp-json\/wp\/v2\/users\/3"}],"replies":[{"embeddable":true,"href":"https:\/\/marmarayerelhizmet.com\/index.php\/wp-json\/wp\/v2\/comments?post=7842"}],"version-history":[{"count":0,"href":"https:\/\/marmarayerelhizmet.com\/index.php\/wp-json\/wp\/v2\/posts\/7842\/revisions"}],"wp:featuredmedia":[{"embeddable":true,"href":"https:\/\/marmarayerelhizmet.com\/index.php\/wp-json\/wp\/v2\/media\/7843"}],"wp:attachment":[{"href":"https:\/\/marmarayerelhizmet.com\/index.php\/wp-json\/wp\/v2\/media?parent=7842"}],"wp:term":[{"taxonomy":"category","embeddable":true,"href":"https:\/\/marmarayerelhizmet.com\/index.php\/wp-json\/wp\/v2\/categories?post=7842"},{"taxonomy":"post_tag","embeddable":true,"href":"https:\/\/marmarayerelhizmet.com\/index.php\/wp-json\/wp\/v2\/tags?post=7842"}],"curies":[{"name":"wp","href":"https:\/\/api.w.org\/{rel}","templated":true}]}}