{"id":7823,"date":"2023-03-12T13:13:51","date_gmt":"2023-03-12T10:13:51","guid":{"rendered":"https:\/\/marmarayerelhizmet.com\/?p=7823"},"modified":"2023-03-12T13:13:51","modified_gmt":"2023-03-12T10:13:51","slug":"secim-gunu-yasaklari-belli-oldu","status":"publish","type":"post","link":"https:\/\/marmarayerelhizmet.com\/index.php\/2023\/03\/12\/secim-gunu-yasaklari-belli-oldu\/","title":{"rendered":"Se\u00e7im G\u00fcn\u00fc Yasaklar\u0131 Belli Oldu"},"content":{"rendered":"<p><strong><span style=\"font-family: arial, helvetica, sans-serif; font-size: 14px;\">Y\u00fcksek Se\u00e7im Kurulu\u2019nun (YSK) 14 May\u0131s 2023 g\u00fcn\u00fc yap\u0131lacak Cumhurba\u015fkan\u0131 ve 28. D\u00f6nem Milletvekili Genel Se\u00e7imleri\u2019nde uygulayaca\u011f\u0131 se\u00e7im yasaklar\u0131 ve uygulamalar\u0131 Resmi Gazete\u2019de yay\u0131mland\u0131.<br \/>\n<\/span><\/strong><br \/>\n<span style=\"font-family: arial, helvetica, sans-serif; font-size: 14px;\">Resmi Gazete\u2019nin bug\u00fcnk\u00fc say\u0131s\u0131nda 14 May\u0131s 2023 Pazar g\u00fcn\u00fc yap\u0131lacak se\u00e7imlerde YSK taraf\u0131ndan uygulanacak olan yasaklar yay\u0131mland\u0131. Se\u00e7im g\u00fcn\u00fc sabah saat 06.00\u2019dan gece saat 24.00\u2019a kadar;<\/span><br \/>\n<span style=\"font-family: arial, helvetica, sans-serif; font-size: 14px;\">Alkoll\u00fc i\u00e7ki sat\u0131lmas\u0131, i\u00e7kili yerlerde ve umumi mahallelerde her \u00e7e\u015fit alkoll\u00fc i\u00e7ki sat\u0131lmas\u0131, verilmesi ve i\u00e7ilmesi yasak olacak.<\/span><br \/>\n<span style=\"font-family: arial, helvetica, sans-serif; font-size: 14px;\">Emniyet ve Asayi\u015fi korumakla g\u00f6revli olanlardan ba\u015fka hi\u00e7bir kimse ate\u015fli silah, patlay\u0131c\u0131 maddeler, her t\u00fcrl\u00fc kesici, delici vb aletleri k\u00f6y, kasaba ve \u015fehirlerde ta\u015f\u0131yamayacak.<\/span><br \/>\n<span style=\"font-family: arial, helvetica, sans-serif; font-size: 14px;\">Oy verme g\u00fcn\u00fc ve s\u00fcresince kahvehane, k\u0131raathane ve internet kafeler gibi b\u00fct\u00fcn umumi e\u011flence yerleri kapal\u0131 olacak. Yaln\u0131zca e\u011flence yeri niteli\u011fi ta\u015f\u0131yan lokantalarda yemek verilebilecek.<\/span><br \/>\n<span style=\"font-family: arial, helvetica, sans-serif; font-size: 14px;\">Se\u00e7im g\u00fcn\u00fc saat 18.00&#8217;dan sonra d\u00fc\u011f\u00fcnler yap\u0131labilecek.<\/span><br \/>\n<span style=\"font-family: arial, helvetica, sans-serif; font-size: 14px;\">Oy verme g\u00fcn\u00fc saat 18.00\u2019a kadar radyolar ve her t\u00fcrl\u00fc yay\u0131n organlar\u0131 taraf\u0131ndan se\u00e7imler ve se\u00e7im sonu\u00e7lar\u0131 ile ilgili haber, tahmin ve yorum yap\u0131lamayacak.<\/span><br \/>\n<span style=\"font-family: arial, helvetica, sans-serif; font-size: 14px;\">Saat 18.00 ile 21.00 aras\u0131nda radyolarda ve her t\u00fcrl\u00fc yay\u0131n organlar\u0131nda ancak YSK taraf\u0131ndan se\u00e7imlerle ilgili olarak verilecek haber ve tebli\u011fler yay\u0131nlanabilecek.<\/span><br \/>\n<span style=\"font-family: arial, helvetica, sans-serif; font-size: 14px;\">Saat 21.00\u2019dan sonra b\u00fct\u00fcn yay\u0131nlar\u0131n serbest olacak. Ancak gerek g\u00f6r\u00fclmesi halinde saat 21.00\u2019dan \u00f6nce de yay\u0131nlar\u0131n serbest b\u0131rak\u0131lmas\u0131na YSK taraf\u0131ndan karar verilebilecek.<\/span><br \/>\n<span style=\"font-family: arial, helvetica, sans-serif; font-size: 14px;\">\u00dclke genelinde oy verme ba\u015flang\u0131\u00e7 ve biti\u015f saatleri 08.00 ile 17.00 aras\u0131nda olacak.<\/span><br \/>\n<span style=\"font-family: arial, helvetica, sans-serif; font-size: 14px;\">Bir sand\u0131kta oy kullanacak se\u00e7men say\u0131s\u0131 il ve il\u00e7elerde 360 ila 380 ki\u015fi olacak. K\u00f6ylerde se\u00e7men say\u0131s\u0131n\u0131n 400&#8217;\u00fc a\u015fmamas\u0131 halinde bir sand\u0131kta oy kullan\u0131labilecek.<\/span><br \/>\n<span style=\"font-family: arial, helvetica, sans-serif; font-size: 14px;\">Cumhurba\u015fkan\u0131 se\u00e7iminin ikinci tura kalmas\u0131 halinde ayn\u0131 h\u00fck\u00fcmler 28 May\u0131s 2023 tarihinde de uygulanacak.<\/span><\/p>\n","protected":false},"excerpt":{"rendered":"<p>Y\u00fcksek Se\u00e7im Kurulu\u2019nun (YSK) 14 May\u0131s 2023 g\u00fcn\u00fc yap\u0131lacak Cumhurba\u015fkan\u0131 ve 28. D\u00f6nem Milletvekili Genel Se\u00e7imleri\u2019nde uygulayaca\u011f\u0131 se\u00e7im yasaklar\u0131 ve<\/p>\n","protected":false},"author":3,"featured_media":7824,"comment_status":"open","ping_status":"open","sticky":false,"template":"","format":"standard","meta":{"colormag_page_container_layout":"default_layout","colormag_page_sidebar_layout":"default_layout","footnotes":""},"categories":[3,1,5,8],"tags":[],"class_list":["post-7823","post","type-post","status-publish","format-standard","has-post-thumbnail","hentry","category-ekonomi","category-genel","category-gundem","category-siyaset"],"_links":{"self":[{"href":"https:\/\/marmarayerelhizmet.com\/index.php\/wp-json\/wp\/v2\/posts\/7823","targetHints":{"allow":["GET"]}}],"collection":[{"href":"https:\/\/marmarayerelhizmet.com\/index.php\/wp-json\/wp\/v2\/posts"}],"about":[{"href":"https:\/\/marmarayerelhizmet.com\/index.php\/wp-json\/wp\/v2\/types\/post"}],"author":[{"embeddable":true,"href":"https:\/\/marmarayerelhizmet.com\/index.php\/wp-json\/wp\/v2\/users\/3"}],"replies":[{"embeddable":true,"href":"https:\/\/marmarayerelhizmet.com\/index.php\/wp-json\/wp\/v2\/comments?post=7823"}],"version-history":[{"count":0,"href":"https:\/\/marmarayerelhizmet.com\/index.php\/wp-json\/wp\/v2\/posts\/7823\/revisions"}],"wp:featuredmedia":[{"embeddable":true,"href":"https:\/\/marmarayerelhizmet.com\/index.php\/wp-json\/wp\/v2\/media\/7824"}],"wp:attachment":[{"href":"https:\/\/marmarayerelhizmet.com\/index.php\/wp-json\/wp\/v2\/media?parent=7823"}],"wp:term":[{"taxonomy":"category","embeddable":true,"href":"https:\/\/marmarayerelhizmet.com\/index.php\/wp-json\/wp\/v2\/categories?post=7823"},{"taxonomy":"post_tag","embeddable":true,"href":"https:\/\/marmarayerelhizmet.com\/index.php\/wp-json\/wp\/v2\/tags?post=7823"}],"curies":[{"name":"wp","href":"https:\/\/api.w.org\/{rel}","templated":true}]}}