{"id":7784,"date":"2023-03-10T21:56:43","date_gmt":"2023-03-10T18:56:43","guid":{"rendered":"https:\/\/marmarayerelhizmet.com\/?p=7784"},"modified":"2023-03-10T21:56:43","modified_gmt":"2023-03-10T18:56:43","slug":"gelir-afetzedelere-bagislanacak","status":"publish","type":"post","link":"https:\/\/marmarayerelhizmet.com\/index.php\/2023\/03\/10\/gelir-afetzedelere-bagislanacak\/","title":{"rendered":"Gelir Afetzedelere Ba\u011f\u0131\u015flanacak"},"content":{"rendered":"<p><strong><span style=\"font-family: arial, helvetica, sans-serif;\">Esenler Belediyesi, \u00e7a\u011fda\u015f T\u00fcrk resminin \u00f6nemli isimlerinden \u0130lhami Atalay ve \u00f6\u011frencilerinin &#8220;Yeni Dinamizm Resim Sergisi&#8221;ndeki eserlerini m\u00fczayede ile sat\u0131\u015fa sunacak. Sat\u0131\u015ftan elde edilen gelir ise afetzedelere ba\u011f\u0131\u015flanacak. Eserler, m\u00fczayede \u00f6ncesi Dr. Kadir Topba\u015f K\u00fclt\u00fcr Sanat Merkezinde sanatseverlerin ilgisine sunuldu.<br \/>\n<\/span><\/strong><br \/>\n<span style=\"font-family: arial, helvetica, sans-serif;\">Esenler Belediyesi, &#8220;Dinamizmin Ressam\u0131&#8221; olarak tan\u0131nan \u00e7a\u011fda\u015f T\u00fcrk resminin \u00f6nemli ismi \u0130lhami Atalay ve \u00f6\u011frencilerinin eserlerinden olu\u015fan &#8220;Yeni Dinamizm&#8221; adl\u0131 resim sergisine ev sahipli\u011fi yap\u0131yor. Ressam Cemal Toy ile birlikte 36 sanat\u00e7\u0131n\u0131n kat\u0131ld\u0131\u011f\u0131 sergideki 73 eser, Kahramanmara\u015f merkezli depremlerden etkilenen afetzedeler i\u00e7in m\u00fczayede ile sat\u0131\u015fa sunulacak. A\u00e7\u0131l\u0131\u015f\u0131 d\u00fcn ak\u015fam Dr. Kadir Topba\u015f K\u00fclt\u00fcr Sanat Merkezinde ger\u00e7ekle\u015ftirilen sergi, 22 Mart tarihine kadar kap\u0131lar\u0131n\u0131 sanatseverlere a\u00e7\u0131k tutacak. Sergideki eserler, 17 Mart\u2019ta ger\u00e7ekle\u015fecek m\u00fczayede ile sat\u0131\u015fa sunulacak ve sat\u0131\u015ftan elde edilen gelirler afetzedelere ba\u011f\u0131\u015flanacak.<\/span><\/p>\n<p><strong><span style=\"font-family: arial, helvetica, sans-serif;\">&#8220;En g\u00fczel estetik hareket, bu resimleri paraya d\u00f6n\u00fc\u015ft\u00fcr\u00fcp insanlara yard\u0131m etmeyi ama\u00e7l\u0131yoruz&#8221;<\/span><\/strong><br \/>\n<span style=\"font-family: arial, helvetica, sans-serif;\">Sergide \u00f6\u011frencileriyle birlikte eserleri sergilenen \u0130lhami Atalay, &#8220;Depremde insanlar g\u00f6\u00e7\u00fck alt\u0131nda kal\u0131nca bizim de sanat\u0131m\u0131z, ilham\u0131m\u0131z g\u00f6\u00e7\u00fck alt\u0131nda kald\u0131. Millet felakete u\u011frad\u0131\u011f\u0131nda onlara sanattan estetikten bahsetmenin anlam\u0131 yok. Burada en g\u00fczel estetik hareket bu resimleri paraya d\u00f6n\u00fc\u015ft\u00fcr\u00fcp insanlara yard\u0131m etmeyi ama\u00e7l\u0131yoruz. K\u0131sa zamanda talebelerimden 40 ki\u015fi eserlerini m\u00fczayede i\u00e7in ba\u011f\u0131\u015flad\u0131. Umut ediyorum ki resimlerimiz sat\u0131lacak ve faydam\u0131z dokunacak depremzedelere. Hatay\u2019da 16 tane konteyner ev yapt\u0131rmak i\u00e7in anla\u015fma imzalad\u0131k. \u0130n\u015fallah burada kazanaca\u011f\u0131m\u0131z parayla o konteyner evleri yapt\u0131rabilece\u011fiz&#8221; dedi.<\/span><br \/>\n<span style=\"font-family: arial, helvetica, sans-serif;\">Sergide eserleri sergilenen sanat\u00e7\u0131lardan Muhammed Bilgehan Atalay ise, &#8220;Depremzedeler i\u00e7in faydam\u0131z olsun diye bir araya geldik. Asl\u0131nda sergimiz ba\u015fka ama\u00e7l\u0131 bir sergiydi, bunu buna d\u00f6n\u00fc\u015ft\u00fcrd\u00fck. M\u00fczayedeye e\u011fer g\u00fczel bir kat\u0131l\u0131m olursa bizim de depremzedeler i\u00e7in bir katk\u0131m\u0131z olur diye d\u00fc\u015f\u00fcn\u00fcyoruz&#8221; diye konu\u015ftu.<\/span><\/p>\n","protected":false},"excerpt":{"rendered":"<p>Esenler Belediyesi, \u00e7a\u011fda\u015f T\u00fcrk resminin \u00f6nemli isimlerinden \u0130lhami Atalay ve \u00f6\u011frencilerinin &#8220;Yeni Dinamizm Resim Sergisi&#8221;ndeki eserlerini m\u00fczayede ile sat\u0131\u015fa sunacak.<\/p>\n","protected":false},"author":3,"featured_media":7785,"comment_status":"open","ping_status":"open","sticky":false,"template":"","format":"standard","meta":{"colormag_page_container_layout":"default_layout","colormag_page_sidebar_layout":"default_layout","footnotes":""},"categories":[1,5,8],"tags":[],"class_list":["post-7784","post","type-post","status-publish","format-standard","has-post-thumbnail","hentry","category-genel","category-gundem","category-siyaset"],"_links":{"self":[{"href":"https:\/\/marmarayerelhizmet.com\/index.php\/wp-json\/wp\/v2\/posts\/7784","targetHints":{"allow":["GET"]}}],"collection":[{"href":"https:\/\/marmarayerelhizmet.com\/index.php\/wp-json\/wp\/v2\/posts"}],"about":[{"href":"https:\/\/marmarayerelhizmet.com\/index.php\/wp-json\/wp\/v2\/types\/post"}],"author":[{"embeddable":true,"href":"https:\/\/marmarayerelhizmet.com\/index.php\/wp-json\/wp\/v2\/users\/3"}],"replies":[{"embeddable":true,"href":"https:\/\/marmarayerelhizmet.com\/index.php\/wp-json\/wp\/v2\/comments?post=7784"}],"version-history":[{"count":0,"href":"https:\/\/marmarayerelhizmet.com\/index.php\/wp-json\/wp\/v2\/posts\/7784\/revisions"}],"wp:featuredmedia":[{"embeddable":true,"href":"https:\/\/marmarayerelhizmet.com\/index.php\/wp-json\/wp\/v2\/media\/7785"}],"wp:attachment":[{"href":"https:\/\/marmarayerelhizmet.com\/index.php\/wp-json\/wp\/v2\/media?parent=7784"}],"wp:term":[{"taxonomy":"category","embeddable":true,"href":"https:\/\/marmarayerelhizmet.com\/index.php\/wp-json\/wp\/v2\/categories?post=7784"},{"taxonomy":"post_tag","embeddable":true,"href":"https:\/\/marmarayerelhizmet.com\/index.php\/wp-json\/wp\/v2\/tags?post=7784"}],"curies":[{"name":"wp","href":"https:\/\/api.w.org\/{rel}","templated":true}]}}