{"id":7681,"date":"2023-03-07T16:26:24","date_gmt":"2023-03-07T13:26:24","guid":{"rendered":"https:\/\/marmarayerelhizmet.com\/?p=7681"},"modified":"2023-03-07T16:26:24","modified_gmt":"2023-03-07T13:26:24","slug":"basarandan-8-mart-mesaji","status":"publish","type":"post","link":"https:\/\/marmarayerelhizmet.com\/index.php\/2023\/03\/07\/basarandan-8-mart-mesaji\/","title":{"rendered":"Ba\u015faran&#8217;dan 8 Mart Mesaj\u0131"},"content":{"rendered":"<p><strong><span style=\"font-family: arial, helvetica, sans-serif; font-size: 14px;\">AK Parti Bal\u0131kesir \u0130l Ba\u015fkan\u0131 Dt. Ekrem Ba\u015faran, 8 Mart D\u00fcnya Kad\u0131n G\u00fcn\u00fc\u2019nde yapt\u0131\u011f\u0131 a\u00e7\u0131klamada kad\u0131nlar\u0131m\u0131z\u0131n inanc\u0131m\u0131zda ve toplumda \u00f6nemli bir yere sahip oldu\u011funu s\u00f6yledi.<br \/>\n<\/span><\/strong><br \/>\n<span style=\"font-family: arial, helvetica, sans-serif; font-size: 14px;\">Tarihte Kad\u0131n haklar\u0131 konusunda, kad\u0131na en b\u00fcy\u00fck de\u011feri T\u00fcrk t\u00f6resinin ve \u0130slam dinin verdi\u011finin alt\u0131n\u0131 \u00e7izen Ak Parti \u0130l Ba\u015fkan\u0131 Ekrem Ba\u015faran, \u201c\u0130nsanl\u0131k tarihini inceledi\u011fimizde bug\u00fcn medeni olduklar\u0131n\u0131 iddia eden toplumlar\u0131n ge\u00e7mi\u015finde kad\u0131na hi\u00e7 de\u011fer vermedi\u011fini g\u00f6r\u00fcr\u00fcz. Ne zaman ki d\u00fcnya \u0130slam dini ile tan\u0131\u015ft\u0131 i\u015fte o vakit Kad\u0131nlar\u0131m\u0131z ger\u00e7ek de\u011ferine, kutsall\u0131\u011f\u0131na kavu\u015ftu\u201d dedi.<br \/>\n<\/span><br \/>\n<strong><span style=\"font-family: arial, helvetica, sans-serif; font-size: 14px;\">Ba\u015faran, \u201cKad\u0131nlar\u0131m\u0131z\u0131n ba\u015far\u0131s\u0131 bizlere gurur veriyor\u201d<\/span><\/strong><br \/>\n<span style=\"font-family: arial, helvetica, sans-serif; font-size: 14px;\">Yak\u0131n tarihimizde Kad\u0131n haklar\u0131 konusuna, d\u00fcnya \u00e7ap\u0131nda verilen \u00f6nemin artmas\u0131n\u0131n sonu\u00e7lar\u0131ndan birisi olarak 1977 y\u0131l\u0131nda Birle\u015fmi\u015f Milletler Genel Kurulu, 8 Mart&#8217;\u0131n D\u00fcnya Kad\u0131nlar G\u00fcn\u00fc olarak kutlanmas\u0131n\u0131 kabul edildi\u011fini, T\u00fcrk Siyasetinde ve AK Parti\u2019de kad\u0131n\u0131n \u00f6nemli bir yerinin oldu\u011funu ve Cumhurba\u015fkan\u0131 Recep Tayyip Erdo\u011fan\u2019\u0131n Kad\u0131n\u0131 siyasetin bir nesnesi de\u011fil, \u00f6znesi olarak g\u00f6rd\u00fc\u011f\u00fcn\u00fc belirten Ba\u015fkan Ba\u015faran, \u201cKad\u0131nlar\u0131m\u0131z hayat\u0131m\u0131z\u0131 d\u00fczene sokan, ya\u015fad\u0131\u011f\u0131m\u0131z her alanda, i\u015f d\u00fcnyas\u0131nda varl\u0131klar\u0131yla kendilerini hissettirmeye devam ediyor. Onun i\u00e7in AK Parti olarak kad\u0131nlar\u0131m\u0131za, kad\u0131nlar\u0131m\u0131z\u0131n sorunlar\u0131n\u0131n \u00e7\u00f6z\u00fcm\u00fcne b\u00fcy\u00fck \u00f6nem veriyoruz ve bu konuda da \u00f6nemli ad\u0131mlar att\u0131k. \u00c7\u00fcnk\u00fc Kad\u0131nlar\u0131m\u0131z hayat\u0131m\u0131z\u0131n her alan\u0131nda ba\u015far\u0131l\u0131 \u00e7al\u0131\u015fmalar\u0131 ile bizlere gurur veriyor\u201d dedi.<br \/>\n<\/span><br \/>\n<strong><span style=\"font-family: arial, helvetica, sans-serif; font-size: 14px;\">\u201cTarihimizin her an\u0131nda kad\u0131nlar\u0131m\u0131z\u0131n etkisini g\u00f6r\u00fcyoruz\u201d<\/span><\/strong><br \/>\n<span style=\"font-family: arial, helvetica, sans-serif; font-size: 14px;\">\u201c\u0130nanc\u0131m\u0131zda ve toplumumuzda Kad\u0131n\u0131n yeri ayr\u0131d\u0131r ve kutsald\u0131r.\u201d Diyen AK Parti \u0130l Ba\u015fkan\u0131 Dt. Ekrem Ba\u015faran, \u201cPeygamber efendimizin hicretin onuncu y\u0131l\u0131nda, son hacc\u0131n\u0131n hutbesindeki s\u00f6zlerinden, son nas\u00eehatlar\u0131ndan biri, \u2018Kad\u0131nlar\u0131n\u0131za eziyet etmeyiniz! Onlar, Allah\u00fc te\u00e2l\u00e2n\u0131n sizlere em\u00e2netidir. Onlara yumu\u015fak olunuz, iyilik ediniz!\u2019 olmu\u015ftur. Yine Cumhuriyetimizin kurucusu Gazi Mustafa Kemal Atat\u00fcrk, Kurtulu\u015f Sava\u015f\u0131 s\u0131ras\u0131nda ve T\u00fcrkiye Cumhuriyeti\u2019nin ilk y\u0131llar\u0131nda fedakarl\u0131klar\u0131yla yeniden devlet kurma y\u00fck\u00fcn\u00fc payla\u015fan T\u00fcrk kad\u0131n\u0131n\u0131n d\u00fcnyaya \u00f6rnek te\u015fkil edecek \u015fekilde yeti\u015fmesi ve toplumsal hayat i\u00e7erisinde yerini almas\u0131 i\u00e7in d\u00f6neminin en ileri ad\u0131mlar\u0131n\u0131 atm\u0131\u015ft\u0131r. T\u00fcrk kad\u0131n\u0131na verilen haklar Cumhuriyetimizin \u00f6nemli kazan\u0131mlar\u0131ndan biri olmu\u015ftur. Ayr\u0131ca Genel Ba\u015fkan\u0131m\u0131z ve Cumhurba\u015fkan\u0131m\u0131z Say\u0131n Recep Tayyip Erdo\u011fan AK Parti\u2019de kad\u0131n\u0131m\u0131za verdi\u011fi de\u011feri, &#8220;Kad\u0131nlar\u0131m\u0131z\u0131 siyasetin bir nesnesi de\u011fil \u00f6znesi olarak g\u00f6rd\u00fc\u011f\u00fcn\u00fc ifade ederek, toplumun her alan\u0131nda desteklenmesini sa\u011flam\u0131\u015ft\u0131r. E\u011fitim, bilim, k\u00fclt\u00fcr, sanat, siyaset, ekonomi ve spor gibi her alanda b\u00fcy\u00fck ba\u015far\u0131lar ortaya koyan kad\u0131nlar\u0131m\u0131z, annelik gibi manevi rollerin yan\u0131nda, bu g\u00fcn toplum i\u00e7erisinde s\u00f6z sahibi olman\u0131n da hakl\u0131 onurunu ya\u015famaktad\u0131r. Aile kurumunun temeli, de\u011ferlerimizin temsilcisi, ta\u015f\u0131y\u0131c\u0131s\u0131 ve koruyucusu olan kad\u0131nlar\u0131m\u0131z\u0131n, hayat\u0131n b\u00fct\u00fcn alanlar\u0131na etkin bir \u015fekilde kat\u0131lmalar\u0131na imkan sa\u011flayacak \u015fartlar\u0131 haz\u0131rlamak, toplumumuzun temel ve ortak sorumlulu\u011fudur.<br \/>\n<\/span><br \/>\n<strong><span style=\"font-family: arial, helvetica, sans-serif; font-size: 14px;\">Kad\u0131nlar\u0131m\u0131z, bug\u00fcn her alanda ba\u015far\u0131l\u0131 \u00e7al\u0131\u015fmalara imza at\u0131yor<\/span><\/strong><br \/>\n<span style=\"font-family: arial, helvetica, sans-serif; font-size: 14px;\">Ak Parti olarak; insani, siyasi, sosyal, ekonomik her alanda kad\u0131nlar\u0131m\u0131z\u0131n \u00e7ok \u00f6nemli mesafeler kat etmesini sa\u011flad\u0131k. Sonu\u00e7ta kad\u0131nlar\u0131n i\u015f g\u00fcc\u00fcne kat\u0131l\u0131m\u0131n\u0131 y\u00fczde 27\u2019ler seviyesinden y\u00fczde 34\u2019ler seviyesine \u00e7\u0131kard\u0131k. Kad\u0131n istihdam\u0131n\u0131 6 milyondan 10 milyon s\u0131n\u0131r\u0131na getirdik. K\u0131z \u00e7ocuklar\u0131m\u0131z\u0131n tamam\u0131n\u0131 e\u011fitimle bulu\u015fturarak her seviyede onlar\u0131n e\u011fitim \u00f6\u011fretimlerini destekleyip kolayla\u015ft\u0131rarak art\u0131k bu ba\u015fl\u0131\u011f\u0131 sorunlar\u0131m\u0131z aras\u0131ndan neredeyse tamamen \u00e7\u0131kard\u0131k. Karar mercilerinde kad\u0131nlar\u0131m\u0131z\u0131n varl\u0131\u011f\u0131nda g\u00f6zle g\u00f6r\u00fcl\u00fcr bir art\u0131\u015f ya\u015fanmas\u0131n\u0131 temin ettik. Mesela kad\u0131nlar\u0131n parlamentodaki temsil oran\u0131 y\u00fczde 4 iken y\u00fczde 17\u2019lerin \u00fczerine y\u00fckseldi. \u00dcniversitelerimizdeki \u00f6\u011fretim elemanlar\u0131 aras\u0131nda kad\u0131nlar\u0131n oran\u0131 y\u00fczde 51\u2019e yakla\u015ft\u0131. Mimarlardan avukatlara, \u00f6\u011fretmenlerden sa\u011fl\u0131k\u00e7\u0131lara kadar pek \u00e7ok meslek dal\u0131nda kad\u0131n erkek oran\u0131 b\u00fcy\u00fck \u00f6l\u00e7\u00fcde dengelenmi\u015f durumdad\u0131r.<\/span><br \/>\n<span style=\"font-family: arial, helvetica, sans-serif; font-size: 14px;\">Bu \u00f6zel g\u00fcnde t\u00fcm kad\u0131nlar\u0131m\u0131za hak ettikleri sayg\u0131 ve de\u011ferin g\u00f6sterildi\u011fi, g\u00fczel g\u00fcnler temenni ediyor; \u015eehrimiz, \u00fclkemiz ve d\u00fcnya kad\u0131nlar\u0131n\u0131n 8 Mart D\u00fcnya Kad\u0131nlar G\u00fcn\u00fc\u2019n\u00fc en i\u00e7ten dileklerimle kutluyorum\u201d dedi.<\/span><\/p>\n","protected":false},"excerpt":{"rendered":"<p>AK Parti Bal\u0131kesir \u0130l Ba\u015fkan\u0131 Dt. Ekrem Ba\u015faran, 8 Mart D\u00fcnya Kad\u0131n G\u00fcn\u00fc\u2019nde yapt\u0131\u011f\u0131 a\u00e7\u0131klamada kad\u0131nlar\u0131m\u0131z\u0131n inanc\u0131m\u0131zda ve toplumda \u00f6nemli<\/p>\n","protected":false},"author":3,"featured_media":7682,"comment_status":"open","ping_status":"open","sticky":false,"template":"","format":"standard","meta":{"colormag_page_container_layout":"default_layout","colormag_page_sidebar_layout":"default_layout","footnotes":""},"categories":[1,5,8],"tags":[],"class_list":["post-7681","post","type-post","status-publish","format-standard","has-post-thumbnail","hentry","category-genel","category-gundem","category-siyaset"],"_links":{"self":[{"href":"https:\/\/marmarayerelhizmet.com\/index.php\/wp-json\/wp\/v2\/posts\/7681","targetHints":{"allow":["GET"]}}],"collection":[{"href":"https:\/\/marmarayerelhizmet.com\/index.php\/wp-json\/wp\/v2\/posts"}],"about":[{"href":"https:\/\/marmarayerelhizmet.com\/index.php\/wp-json\/wp\/v2\/types\/post"}],"author":[{"embeddable":true,"href":"https:\/\/marmarayerelhizmet.com\/index.php\/wp-json\/wp\/v2\/users\/3"}],"replies":[{"embeddable":true,"href":"https:\/\/marmarayerelhizmet.com\/index.php\/wp-json\/wp\/v2\/comments?post=7681"}],"version-history":[{"count":0,"href":"https:\/\/marmarayerelhizmet.com\/index.php\/wp-json\/wp\/v2\/posts\/7681\/revisions"}],"wp:featuredmedia":[{"embeddable":true,"href":"https:\/\/marmarayerelhizmet.com\/index.php\/wp-json\/wp\/v2\/media\/7682"}],"wp:attachment":[{"href":"https:\/\/marmarayerelhizmet.com\/index.php\/wp-json\/wp\/v2\/media?parent=7681"}],"wp:term":[{"taxonomy":"category","embeddable":true,"href":"https:\/\/marmarayerelhizmet.com\/index.php\/wp-json\/wp\/v2\/categories?post=7681"},{"taxonomy":"post_tag","embeddable":true,"href":"https:\/\/marmarayerelhizmet.com\/index.php\/wp-json\/wp\/v2\/tags?post=7681"}],"curies":[{"name":"wp","href":"https:\/\/api.w.org\/{rel}","templated":true}]}}