{"id":7660,"date":"2023-03-06T18:17:38","date_gmt":"2023-03-06T15:17:38","guid":{"rendered":"https:\/\/marmarayerelhizmet.com\/?p=7660"},"modified":"2023-03-06T18:17:38","modified_gmt":"2023-03-06T15:17:38","slug":"esenyurt-gencleri-akademiye-hazirliyor","status":"publish","type":"post","link":"https:\/\/marmarayerelhizmet.com\/index.php\/2023\/03\/06\/esenyurt-gencleri-akademiye-hazirliyor\/","title":{"rendered":"Esenyurt Gen\u00e7leri Akademiye Haz\u0131rl\u0131yor"},"content":{"rendered":"<p><strong><span style=\"font-family: arial, helvetica, sans-serif; font-size: 14px;\">Esenyurtlu gen\u00e7ler, Esenyurt Belediyesi\u2019nin a\u00e7t\u0131\u011f\u0131 \u201cSpor Akademisi Haz\u0131rl\u0131k\u201d kursunda fiziksel yeterlilik s\u0131navlar\u0131na haz\u0131rlan\u0131yor.<br \/>\n<\/span><\/strong><br \/>\n<span style=\"font-family: arial, helvetica, sans-serif; font-size: 14px;\">Esenyurt Belediyesi Gen\u00e7lik ve Spor Hizmetleri M\u00fcd\u00fcrl\u00fc\u011f\u00fc\u2019n\u00fcn hayata ge\u00e7irdi\u011fi \u201cSpor Akademisi Haz\u0131rl\u0131k\u201d kursunda, y\u00fcksek\u00f6\u011frenimlerine \u00fcniversitelerin Beden E\u011fitimi ve Spor Y\u00fcksekokulu\u2019nda, Milli Savunma \u00dcniversitesi\u2019nde, bek\u00e7ilik veya polis akademisinde devam etmek isteyen \u00f6\u011frenciler, fiziksel yeterlilik s\u0131nav\u0131na haz\u0131rlan\u0131yor. Haftan\u0131n 6 g\u00fcn\u00fc gruplar halinde yap\u0131lan derslerde, her \u00fcniversitenin s\u0131nav\u0131na uygun parkurlar kuruluyor. 8. ve 12. s\u0131n\u0131f \u00f6\u011frencileri ile mezun gruplar\u0131n e\u011fitim ald\u0131\u011f\u0131 kursta, uygulamal\u0131 olarak verilen e\u011fitimin yan\u0131 s\u0131ra \u00f6\u011frencilere rehberlik hizmeti de sunuluyor.<br \/>\n<\/span><br \/>\n<strong><span style=\"font-family: arial, helvetica, sans-serif; font-size: 14px;\">\u201cGen\u00e7ler umut veriyor\u201d<\/span><\/strong><br \/>\n<span style=\"font-family: arial, helvetica, sans-serif; font-size: 14px;\">Esenyurt Belediyesi\u2019nde spor antren\u00f6r\u00fc olan Serkan Aman, gen\u00e7lerin umut verdi\u011fini belirterek, \u201cBESYO ve Milli Savunma Bakanl\u0131\u011f\u0131n\u0131n s\u0131navlar\u0131 i\u00e7in 8. ve 12. s\u0131n\u0131f \u00f6\u011frencilerinin yan\u0131 s\u0131ra mezun adaylara da e\u011fitim veriyoruz. Polislik ve bek\u00e7ilik i\u00e7in kurumlar\u0131n belirledi\u011fi ya\u015f aral\u0131\u011f\u0131ndaki adaylar\u0131 \u00e7al\u0131\u015ft\u0131r\u0131yoruz. Haftan\u0131n 6 g\u00fcn\u00fc verilen e\u011fitimde, fiziksel yeterlilik s\u0131navlar\u0131n\u0131n b\u00fct\u00fcn teknik a\u015famalar\u0131n\u0131; genel kuvvet ve \u00f6zel kuvvet \u00e7al\u0131\u015fmalar\u0131n\u0131 yap\u0131yoruz. E\u011fitimlerimizin i\u00e7eri\u011fi her kurum i\u00e7in ayr\u0131 ayr\u0131 oluyor. Gen\u00e7lerimiz Esenyurt Belediyesi Spor \u0130\u015fleri M\u00fcd\u00fcrl\u00fc\u011f\u00fcnden ba\u015fvurular hakk\u0131nda bilgi alabilir.\u201d diye konu\u015ftu.<br \/>\n<\/span><br \/>\n<strong><span style=\"font-family: arial, helvetica, sans-serif; font-size: 14px;\">\u201c\u0130stedi\u011fimiz \u015fehirlerin \u00fcniversitelerine gidebilmeyi planl\u0131yoruz\u201d<\/span><\/strong><br \/>\n<span style=\"font-family: arial, helvetica, sans-serif; font-size: 14px;\">Belediye\u2019nin kendilerinin yan\u0131nda oldu\u011funu s\u00f6yleyen Esenyurt Belediyesi spor akademisinde PMYO s\u0131navlar\u0131na haz\u0131rlanan kursiyer Umut Can, \u201cEsenyurt Belediyesi spor akademisinde PMYO\u2019ya haz\u0131rlan\u0131yorum. Yakla\u015f\u0131k 2 ayd\u0131r burada antrenmanlar\u0131ma devam ediyorum. Bu antrenmanlar\u0131 \u00fccretsiz bir \u015fekilde yap\u0131yoruz. E\u011fitimler yakla\u015f\u0131k 9 ay s\u00fcrecek. Bu akademi sayesinde istedi\u011fimiz \u015fehirlerin \u00fcniversitelerine gidebilmeyi planl\u0131yoruz. Her zaman yan\u0131m\u0131zda olan Belediye Ba\u015fkan\u0131\u2019m\u0131z Say\u0131n Kemal Deniz Bozkurt\u2019a \u00e7ok te\u015fekk\u00fcr ediyoruz.\u201d Dedi.<\/span><\/p>\n","protected":false},"excerpt":{"rendered":"<p>Esenyurtlu gen\u00e7ler, Esenyurt Belediyesi\u2019nin a\u00e7t\u0131\u011f\u0131 \u201cSpor Akademisi Haz\u0131rl\u0131k\u201d kursunda fiziksel yeterlilik s\u0131navlar\u0131na haz\u0131rlan\u0131yor. Esenyurt Belediyesi Gen\u00e7lik ve Spor Hizmetleri M\u00fcd\u00fcrl\u00fc\u011f\u00fc\u2019n\u00fcn<\/p>\n","protected":false},"author":3,"featured_media":7661,"comment_status":"open","ping_status":"open","sticky":false,"template":"","format":"standard","meta":{"colormag_page_container_layout":"default_layout","colormag_page_sidebar_layout":"default_layout","footnotes":""},"categories":[1,5,8,9],"tags":[],"class_list":["post-7660","post","type-post","status-publish","format-standard","has-post-thumbnail","hentry","category-genel","category-gundem","category-siyaset","category-spor"],"_links":{"self":[{"href":"https:\/\/marmarayerelhizmet.com\/index.php\/wp-json\/wp\/v2\/posts\/7660","targetHints":{"allow":["GET"]}}],"collection":[{"href":"https:\/\/marmarayerelhizmet.com\/index.php\/wp-json\/wp\/v2\/posts"}],"about":[{"href":"https:\/\/marmarayerelhizmet.com\/index.php\/wp-json\/wp\/v2\/types\/post"}],"author":[{"embeddable":true,"href":"https:\/\/marmarayerelhizmet.com\/index.php\/wp-json\/wp\/v2\/users\/3"}],"replies":[{"embeddable":true,"href":"https:\/\/marmarayerelhizmet.com\/index.php\/wp-json\/wp\/v2\/comments?post=7660"}],"version-history":[{"count":0,"href":"https:\/\/marmarayerelhizmet.com\/index.php\/wp-json\/wp\/v2\/posts\/7660\/revisions"}],"wp:featuredmedia":[{"embeddable":true,"href":"https:\/\/marmarayerelhizmet.com\/index.php\/wp-json\/wp\/v2\/media\/7661"}],"wp:attachment":[{"href":"https:\/\/marmarayerelhizmet.com\/index.php\/wp-json\/wp\/v2\/media?parent=7660"}],"wp:term":[{"taxonomy":"category","embeddable":true,"href":"https:\/\/marmarayerelhizmet.com\/index.php\/wp-json\/wp\/v2\/categories?post=7660"},{"taxonomy":"post_tag","embeddable":true,"href":"https:\/\/marmarayerelhizmet.com\/index.php\/wp-json\/wp\/v2\/tags?post=7660"}],"curies":[{"name":"wp","href":"https:\/\/api.w.org\/{rel}","templated":true}]}}