{"id":7651,"date":"2023-03-05T21:30:50","date_gmt":"2023-03-05T18:30:50","guid":{"rendered":"https:\/\/marmarayerelhizmet.com\/?p=7651"},"modified":"2023-03-05T21:30:50","modified_gmt":"2023-03-05T18:30:50","slug":"yunanistan-yardimlara-devam-ediyor","status":"publish","type":"post","link":"https:\/\/marmarayerelhizmet.com\/index.php\/2023\/03\/05\/yunanistan-yardimlara-devam-ediyor\/","title":{"rendered":"Yunanistan Yard\u0131mlara Devam Ediyor"},"content":{"rendered":"<p><span style=\"font-family: arial, helvetica, sans-serif; font-size: 14px;\"><strong>Kahramanmara\u015f ve Hatay merkezli depremlerden etkilenen 11 kentteki afetzedeler i\u00e7in T\u00fcrkiye tek y\u00fcrek olurken, depremzedelere \u00fclke d\u0131\u015f\u0131ndan da destekler s\u00fcr\u00fcyor. Deprem sonras\u0131 b\u00f6lgeye gelip arama kurtarma \u00e7al\u0131\u015fmalar\u0131na destek veren Yunanistan, deprem b\u00f6lgesinde kurulan \u00e7ad\u0131r ve konteynerlerde ya\u015fayan afetzedelere insani yard\u0131mlar\u0131na devam ediyor.<br \/>\n<\/strong><\/span><br \/>\n<span style=\"font-family: arial, helvetica, sans-serif; font-size: 14px;\">Yunanistan\u2019\u0131n Midilli Adas\u0131 Kuzey Ege Valili\u011fi ile Midilli Adas\u0131\u2019ndaki Halandri Belediyesi\u2019nin \u00f6nc\u00fcl\u00fc\u011f\u00fcnde Solidarity For All Derne\u011fi ve Yunanistan Arama Kurtarma Derne\u011fi Lesvos \u015eubesi yetkilileri, yakla\u015f\u0131k iki t\u0131r yard\u0131m malzemesi ile Ayval\u0131kDeniz&#8217;taki Hudut Kap\u0131s\u0131\u2019ndan T\u00fcrkiye\u2019ye giri\u015f yapt\u0131. Halandri Belediye Ba\u015fkan Yard\u0131mc\u0131lar\u0131 Elena Christouli ile Christina Maxxira, Solidarity For All Derne\u011fi y\u00f6neticileri Manolis Sazzis ve Georgos Sazdedakis\u2019in yan\u0131 s\u0131ra Yunanistan Arama Kurtarma Derne\u011fi Lesvos \u015eube Ba\u015fkan\u0131 Zoi Livalitou \u00f6nc\u00fcl\u00fc\u011f\u00fcndeki heyeti Ayval\u0131k Belediye Ba\u015fkan Vekili T\u00fclay \u00c7ankaya kar\u015f\u0131lad\u0131.<\/span><br \/>\n<span style=\"font-family: arial, helvetica, sans-serif; font-size: 14px;\">Halandri Belediye Ba\u015fkan Yard\u0131mc\u0131s\u0131 Elena Christouli, Ege\u2019de \u0130leti\u015fim Derne\u011fi\u2019nin de katk\u0131da bulundu\u011fu malzemelerin toplan\u0131as\u0131na Yunan halk\u0131n\u0131n \u00e7ok yo\u011fun bir destek verdi\u011fini vurgulad\u0131. Solidarity For All Derne\u011fi y\u00f6neticisi Manolis Sazzis ise, \u201cT\u00fcrk-Yunan halklar\u0131 birbirine \u00e7ok yak\u0131nd\u0131r. Ege\u2019nin her iki k\u0131y\u0131s\u0131ndaki halklar\u0131n payla\u015famad\u0131klar\u0131 hi\u00e7bir \u015fey yok ve her iki halk da birbirine sevgi doludur. \u015eunu \u00e7ok net bir \u015fekilde g\u00f6rd\u00fck ki, Yunanistan ve Midilli\u2019deki okullarda veliler yard\u0131mlar\u0131n\u0131 g\u00f6n\u00fclden topluyorlar ve bu toplanan malzemeleri T\u00fcrkiye\u2019ye hangi organizasyonla g\u00f6nderebiliriz diye birbirlerine soruyorlar. Yunan halk\u0131 olarak bu desteklerimiz s\u00fcrecek\u201d dedi.<\/span><br \/>\n<span style=\"font-family: arial, helvetica, sans-serif; font-size: 14px;\">Yunanistan Arama Kurtarma Derne\u011fi Lesvos \u015eubesi Ba\u015fkan\u0131 Zoi Livalitou de, T\u00fcrkiye\u2019de son d\u00f6nemlerde ya\u015fanan deprem ve maden kazalar\u0131ndan duydu\u011fu b\u00fcy\u00fck \u00fcz\u00fcnt\u00fcy\u00fc dile getirerek, \u201cBu ya\u015fan\u0131lan felaketlerde keder var, h\u00fcz\u00fcn var. Bu y\u00fczden de biz \u00e7ok \u00fcz\u00fcnt\u00fcl\u00fcy\u00fcz ve her iki \u00fclkenin halk\u0131 i\u00e7in a\u011fl\u0131yoruz. Biz daha \u00f6nceki Van-Erci\u015f depremi ve sonras\u0131nda Soma\u2019da ya\u015fan\u0131lan maden kazas\u0131nda oldu\u011fu gibi Kahramanmara\u015f ve Hatay merkezli depremler i\u00e7in de buraday\u0131z. Afetzedelerin yan\u0131nda olmak ve onlara yard\u0131mc\u0131 olabilmek i\u00e7in buraday\u0131z. \u015eu anda o b\u00f6lgede yak\u0131nlar\u0131n\u0131 kaybedenlerin b\u00fcy\u00fck ac\u0131lar\u0131, evsiz kalanlar\u0131n ya\u015fad\u0131klar\u0131 \u00e7ok zor ya\u015fam \u015fartlar\u0131 var. Bu sebeple de bizler, orada zor \u015fartlardaki dost T\u00fcrk halk\u0131na destek verebilmek i\u00e7in elimizden geleni yapmaya \u00e7al\u0131\u015f\u0131yoruz\u201d dedi.<\/span><br \/>\n<span style=\"font-family: arial, helvetica, sans-serif; font-size: 14px;\">Ayval\u0131k Belediye Ba\u015fkan Vekili T\u00fclay \u00c7ankaya, Yunanistan&#8217;\u0131n Larissa kenti yak\u0131nlar\u0131nda 1 Mart gecesi ya\u015fanan tren kazas\u0131ndan duydu\u011fu derin \u00fcz\u00fcnt\u00fcy\u00fc belirterek, \u201cEge\u2019nin her iki yakas\u0131ndaki dostlu\u011fa biz de \u00e7ok \u00f6nem veriyoruz. Bu vesile ile Ayval\u0131k Belediye Ba\u015fkan\u0131m\u0131z Say\u0131n Mesut Ergin\u2019in de selamlar\u0131n\u0131 sizlere getirdim. Yard\u0131mlar\u0131n\u0131zdan dolay\u0131 sizlere ve Yunanistan halk\u0131na \u00e7ok te\u015fekk\u00fcr ediyorum. Bu dostluk hi\u00e7 bitmesin\u201d ifadelerini kulland\u0131.<\/span><br \/>\n<span style=\"font-family: arial, helvetica, sans-serif; font-size: 14px;\">Yunanl\u0131 kafilenin beraberinde getirdikleri \u00e7ad\u0131r, giysi, ila\u00e7, hijyen ve dayan\u0131kl\u0131 g\u0131da malzemeleri gibi insani yard\u0131mlar, Bal\u0131kesir B\u00fcy\u00fck\u015fehir Belediyesi ile Ayval\u0131k Sebze ve Meyveciler Odas\u0131 Ba\u015fkan\u0131 Elmas \u00d6zmen taraf\u0131ndan tahsis edilen iki t\u0131ra y\u00fcklenerek deprem b\u00f6lgesine g\u00f6nderildi.<\/span><\/p>\n","protected":false},"excerpt":{"rendered":"<p>Kahramanmara\u015f ve Hatay merkezli depremlerden etkilenen 11 kentteki afetzedeler i\u00e7in T\u00fcrkiye tek y\u00fcrek olurken, depremzedelere \u00fclke d\u0131\u015f\u0131ndan da destekler s\u00fcr\u00fcyor.<\/p>\n","protected":false},"author":3,"featured_media":7652,"comment_status":"open","ping_status":"open","sticky":false,"template":"","format":"standard","meta":{"colormag_page_container_layout":"default_layout","colormag_page_sidebar_layout":"default_layout","footnotes":""},"categories":[1,5],"tags":[],"class_list":["post-7651","post","type-post","status-publish","format-standard","has-post-thumbnail","hentry","category-genel","category-gundem"],"_links":{"self":[{"href":"https:\/\/marmarayerelhizmet.com\/index.php\/wp-json\/wp\/v2\/posts\/7651","targetHints":{"allow":["GET"]}}],"collection":[{"href":"https:\/\/marmarayerelhizmet.com\/index.php\/wp-json\/wp\/v2\/posts"}],"about":[{"href":"https:\/\/marmarayerelhizmet.com\/index.php\/wp-json\/wp\/v2\/types\/post"}],"author":[{"embeddable":true,"href":"https:\/\/marmarayerelhizmet.com\/index.php\/wp-json\/wp\/v2\/users\/3"}],"replies":[{"embeddable":true,"href":"https:\/\/marmarayerelhizmet.com\/index.php\/wp-json\/wp\/v2\/comments?post=7651"}],"version-history":[{"count":0,"href":"https:\/\/marmarayerelhizmet.com\/index.php\/wp-json\/wp\/v2\/posts\/7651\/revisions"}],"wp:featuredmedia":[{"embeddable":true,"href":"https:\/\/marmarayerelhizmet.com\/index.php\/wp-json\/wp\/v2\/media\/7652"}],"wp:attachment":[{"href":"https:\/\/marmarayerelhizmet.com\/index.php\/wp-json\/wp\/v2\/media?parent=7651"}],"wp:term":[{"taxonomy":"category","embeddable":true,"href":"https:\/\/marmarayerelhizmet.com\/index.php\/wp-json\/wp\/v2\/categories?post=7651"},{"taxonomy":"post_tag","embeddable":true,"href":"https:\/\/marmarayerelhizmet.com\/index.php\/wp-json\/wp\/v2\/tags?post=7651"}],"curies":[{"name":"wp","href":"https:\/\/api.w.org\/{rel}","templated":true}]}}