{"id":7633,"date":"2023-03-04T20:13:32","date_gmt":"2023-03-04T17:13:32","guid":{"rendered":"https:\/\/marmarayerelhizmet.com\/?p=7633"},"modified":"2023-03-04T20:13:32","modified_gmt":"2023-03-04T17:13:32","slug":"beykozun-ilk-kentsel-donusum-projesi","status":"publish","type":"post","link":"https:\/\/marmarayerelhizmet.com\/index.php\/2023\/03\/04\/beykozun-ilk-kentsel-donusum-projesi\/","title":{"rendered":"Beykoz&#8217;un \u0130lk Kentsel D\u00f6n\u00fc\u015f\u00fcm Projesi"},"content":{"rendered":"<p><strong><span style=\"font-family: arial, helvetica, sans-serif; font-size: 14px;\">Beykoz\u2019un ilk kentsel d\u00f6n\u00fc\u015f\u00fcm projesi olan, il\u00e7e sakinlerini depreme dayan\u0131kl\u0131 g\u00fcvenli konutlara ve d\u00fczenli sosyal alanlara kavu\u015fturacak \u201cTokatk\u00f6y Kentsel D\u00f6n\u00fc\u015f\u00fcm\u201d Projesi\u2019nde bloklar y\u00fckselmeye ba\u015flad\u0131.<br \/>\n<\/span><\/strong><br \/>\n<span style=\"font-family: arial, helvetica, sans-serif; font-size: 14px;\">Beykoz Belediyesi ile \u00c7evre, \u015eehircilik ve \u0130klim De\u011fi\u015fikli\u011fi Bakanl\u0131\u011f\u0131 taraf\u0131ndan haz\u0131rlanan, in\u015faatlar\u0131n TOK\u0130 taraf\u0131ndan yap\u0131ld\u0131\u011f\u0131 \u201cTokatk\u00f6y Kentsel D\u00f6n\u00fc\u015f\u00fcm Projesi\u201dyle 82 bin 792 m2\u2019lik alanda toplam 776 yeni konut in\u015fa edilecek ve 47 de i\u015f yeri yap\u0131lacak. Temeli 4 ay \u00f6nce, \u00c7evre, \u015eehircilik ve \u0130klim De\u011fi\u015fikli\u011fi Bakan\u0131 Murat Kurum\u2019un kat\u0131ld\u0131\u011f\u0131 t\u00f6renle at\u0131lan projede hak sahipleri yeni evlerine 2 y\u0131l\u0131k s\u00fcre sonunda 20 y\u0131la varan uygun \u00f6deme \u015fartlar\u0131yla kavu\u015facak. Depreme Dayan\u0131kl\u0131 87 Blok TOK\u0130 taraf\u0131ndan, yatay mimariye uygun depreme dayan\u0131kl\u0131l\u0131k i\u00e7in gerekli m\u00fchendislik teknikleri ve statik hesaplamalar\u0131 ve zemin iyile\u015ftirmeleri yap\u0131larak, fore kaz\u0131k, perde beton kullan\u0131larak in\u015fas\u0131 ba\u015flayan 87 bloktan bir k\u0131sm\u0131n\u0131n temeli at\u0131l\u0131rken bir k\u0131sm\u0131 da zemin ve \u00fcst kat seviyesine geldi.<\/span><\/p>\n<p><strong><span style=\"font-family: arial, helvetica, sans-serif; font-size: 14px;\">Provokasyon ba\u015flang\u0131c\u0131 geciktirdi<\/span><\/strong><br \/>\n<span style=\"font-family: arial, helvetica, sans-serif; font-size: 14px;\">Tokatk\u00f6yl\u00fclerin depreme dayan\u0131kl\u0131 konutlara kavu\u015fmas\u0131 i\u00e7in haz\u0131rlanan ve mahalledeki hak sahipleriyle y\u00fczde 91 oran\u0131nda anla\u015fma sa\u011flanan proje zaman zaman \u00e7e\u015fitli gruplar\u0131n ve siyasi akt\u00f6rlerin sahadaki provokasyonlar\u0131 dolas\u0131yla gecikti. Kentsel d\u00f6n\u00fc\u015f\u00fcm\u00fc \u201czul\u00fcm\u201d olarak nitelendiren siyasi akt\u00f6rlerin yan\u0131 s\u0131ra, kentsel d\u00f6n\u00fc\u015f\u00fcme kar\u015f\u0131 \u201corganize olma\u201d talimatlar\u0131 da kameralara yans\u0131yan g\u00f6r\u00fcnt\u00fclerden oldu. T\u00fcm tahriklere ra\u011fmen temeli at\u0131lan proje sahada h\u0131zla ilerliyor.<\/span><br \/>\n<span style=\"font-family: arial, helvetica, sans-serif; font-size: 14px;\">Beykoz i\u00e7in d\u00f6n\u00fcm noktas\u0131 olacak projede bloklar tamamland\u0131\u011f\u0131nda depreme dayan\u0131kl\u0131 modern konutlar ve tapular\u0131na kavu\u015fan vatanda\u015flar gelece\u011fe g\u00fcvenle bakacak.<\/span><\/p>\n","protected":false},"excerpt":{"rendered":"<p>Beykoz\u2019un ilk kentsel d\u00f6n\u00fc\u015f\u00fcm projesi olan, il\u00e7e sakinlerini depreme dayan\u0131kl\u0131 g\u00fcvenli konutlara ve d\u00fczenli sosyal alanlara kavu\u015fturacak \u201cTokatk\u00f6y Kentsel D\u00f6n\u00fc\u015f\u00fcm\u201d<\/p>\n","protected":false},"author":3,"featured_media":7634,"comment_status":"open","ping_status":"open","sticky":false,"template":"","format":"standard","meta":{"colormag_page_container_layout":"default_layout","colormag_page_sidebar_layout":"default_layout","footnotes":""},"categories":[1,5,8],"tags":[],"class_list":["post-7633","post","type-post","status-publish","format-standard","has-post-thumbnail","hentry","category-genel","category-gundem","category-siyaset"],"_links":{"self":[{"href":"https:\/\/marmarayerelhizmet.com\/index.php\/wp-json\/wp\/v2\/posts\/7633","targetHints":{"allow":["GET"]}}],"collection":[{"href":"https:\/\/marmarayerelhizmet.com\/index.php\/wp-json\/wp\/v2\/posts"}],"about":[{"href":"https:\/\/marmarayerelhizmet.com\/index.php\/wp-json\/wp\/v2\/types\/post"}],"author":[{"embeddable":true,"href":"https:\/\/marmarayerelhizmet.com\/index.php\/wp-json\/wp\/v2\/users\/3"}],"replies":[{"embeddable":true,"href":"https:\/\/marmarayerelhizmet.com\/index.php\/wp-json\/wp\/v2\/comments?post=7633"}],"version-history":[{"count":0,"href":"https:\/\/marmarayerelhizmet.com\/index.php\/wp-json\/wp\/v2\/posts\/7633\/revisions"}],"wp:featuredmedia":[{"embeddable":true,"href":"https:\/\/marmarayerelhizmet.com\/index.php\/wp-json\/wp\/v2\/media\/7634"}],"wp:attachment":[{"href":"https:\/\/marmarayerelhizmet.com\/index.php\/wp-json\/wp\/v2\/media?parent=7633"}],"wp:term":[{"taxonomy":"category","embeddable":true,"href":"https:\/\/marmarayerelhizmet.com\/index.php\/wp-json\/wp\/v2\/categories?post=7633"},{"taxonomy":"post_tag","embeddable":true,"href":"https:\/\/marmarayerelhizmet.com\/index.php\/wp-json\/wp\/v2\/tags?post=7633"}],"curies":[{"name":"wp","href":"https:\/\/api.w.org\/{rel}","templated":true}]}}