{"id":7515,"date":"2023-02-27T12:51:30","date_gmt":"2023-02-27T09:51:30","guid":{"rendered":"https:\/\/marmarayerelhizmet.com\/?p=7515"},"modified":"2023-02-27T12:51:30","modified_gmt":"2023-02-27T09:51:30","slug":"karesi-zirveyi-temsil-ediyor","status":"publish","type":"post","link":"https:\/\/marmarayerelhizmet.com\/index.php\/2023\/02\/27\/karesi-zirveyi-temsil-ediyor\/","title":{"rendered":"&#8216;Karesi Zirveyi Temsil Ediyor&#8217;"},"content":{"rendered":"<p><span style=\"font-size: 14px;\"><strong><span style=\"font-family: arial, helvetica, sans-serif;\">Karesi Belediyesi, Avrupa Birli\u011fi projeleri dahilinde \u00e7al\u0131\u015fmalar\u0131n\u0131 s\u00fcrd\u00fcr\u00fcyor. \u201cAvrupa\u2019da S\u0131f\u0131r At\u0131k D\u00f6ng\u00fcsel Ekonomi Konsepti ile Yeti\u015fkin Becerilerinin Geli\u015ftirilmesi\u201d projesinin \u00e7o\u011falt\u0131c\u0131 etkinlik faaliyetleri ger\u00e7ekle\u015ftirildi.<br \/>\n<\/span><\/strong><\/span><br \/>\n<span style=\"font-family: arial, helvetica, sans-serif; font-size: 14px;\">Avrupa Birli\u011fi E\u011fitim ve Gen\u00e7lik Programlar\u0131 Merkezi Ba\u015fkanl\u0131\u011f\u0131 T\u00fcrkiye Ulusal Ajans\u0131\u2019na \u0130zmir Demokrasi \u00dcniversitesi taraf\u0131ndan sunulan ve kabul edilen 2020-1-TR01-KA204-093013 referans numaral\u0131 \u201cBuilding adult competences in Zero Waste circular economy in Europe-Avrupa\u2019da S\u0131f\u0131r At\u0131k D\u00f6ng\u00fcsel Ekonomi Konsepti ile Yeti\u015fkin Becerilerinin Geli\u015ftirilmesi\u201d projesinin \u00e7o\u011falt\u0131c\u0131 etkinlik faaliyetleri ger\u00e7ekle\u015ftirildi. Karesi Belediyesi Meclis Salonu\u2019nda ger\u00e7ekle\u015ftirilen toplant\u0131ya, Bal\u0131kesir \u00dcniversitesi Veterinerlik Fak\u00fcltesinden Prof. Dr. Erg\u00fcn Demir, ilgili kurumlar\u0131n, STK ve derneklerin kat\u0131l\u0131m\u0131yla belediye meclis toplant\u0131 salonunda yararlan\u0131c\u0131lara y\u00f6nelik at\u00f6lye \u00e7al\u0131\u015fmalar\u0131n\u0131n detayl\u0131 \u015fekilde sunuldu. Demir, &#8220;24 ay s\u00fcren olan proje dahilinde \u00e7ift\u00e7ilere bitkisel ve hayvansal g\u0131dalar\u0131n ekolojik \u00fcretim, organik hayvansal ve bitkisel \u00fcretim ile \u00e7evre koruma i\u00e7in yeni mekanizasyon teknikleri, pestisit ve antibiyotiklerin kullan\u0131mlar\u0131n\u0131n azalt\u0131lmas\u0131 konusunda yenilik\u00e7i bir e\u011fitim modeli olu\u015fturuldu. Proje ile yenilik\u00e7i ekolojik \u00fcretim modelleri, ekolojik \u00fcretim i\u00e7in yeni mekanizasyon teknikleri, insan ve hayvan sa\u011fl\u0131\u011f\u0131 gibi konularda Karesi\u2019ye ve \u00fcreticilere \u00f6nemli katk\u0131lar sa\u011fland\u0131\u201d dedi.<\/span><br \/>\n<span style=\"font-family: arial, helvetica, sans-serif; font-size: 14px;\">Program ak\u0131\u015f\u0131nda sunumunu ger\u00e7ekle\u015ftiren Karesi Belediyesi Strateji Geli\u015ftirme M\u00fcd\u00fcr\u00fc \u00d6zg\u00fcr Aycil, \u201cTR22 D\u00fczey 2 b\u00f6lgesinde en fazla Avrupa Birli\u011fi projesi y\u00fcr\u00fcten yerel y\u00f6netim olarak zirveyi temsil ediyoruz. Ak\u0131ll\u0131 \u015fehircilik, s\u0131f\u0131r at\u0131k y\u00f6netimi ve organik tar\u0131m projelerini y\u00fcr\u00fct\u00fcyoruz. Bu ger\u00e7ekle\u015ftirdi\u011fimiz projeler ile ilimizin ve il\u00e7emizin marka de\u011ferini artt\u0131r\u0131yoruz\u201d dedi.<\/span><br \/>\n<span style=\"font-family: arial, helvetica, sans-serif; font-size: 14px;\">Ger\u00e7ekle\u015ftirilen toplant\u0131da kat\u0131l\u0131mc\u0131lara Proje fikri \u00e7\u0131kt\u0131lar\u0131n\u0131n de\u011ferlendirilmesine y\u00f6nelik anket ve geribildirim testleri uyguland\u0131.<br \/>\n<\/span><br \/>\n<strong><span style=\"font-family: arial, helvetica, sans-serif; font-size: 14px;\">Ba\u015fkan Orkan: \u201cGeri d\u00f6n\u00fc\u015f\u00fcm oran\u0131n\u0131 artt\u0131raca\u011f\u0131z\u201d<\/span><\/strong><br \/>\n<span style=\"font-family: arial, helvetica, sans-serif; font-size: 14px;\">Karesi Belediye Ba\u015fkan\u0131 Din\u00e7er Orkan, projenin hayata ge\u00e7irilmesiyle birlikte \u00fclkemizdeki t\u00fcm belediyelerinde kullanabilece\u011fi dijital bir s\u0131f\u0131r at\u0131k rehberi olu\u015fturacaklar\u0131n\u0131 s\u00f6yledi.<\/span><br \/>\n<span style=\"font-family: arial, helvetica, sans-serif; font-size: 14px;\">Karesi Belediyesi\u2019nin uluslar aras\u0131 \u00e7al\u0131\u015fmalara imza atmaya devam edece\u011fini ifade eden Ba\u015fkan Orkan, \u201cAvrupa Birli\u011fi \u00fclkelerinde at\u0131klar\u0131n geri d\u00f6n\u00fc\u015f\u00fcm oran\u0131 y\u00fczde 46 iken T\u00fcrkiye&#8217;de y\u00fczde 13. T\u00fcrkiye\u2019de de Cumhurba\u015fkan\u0131m\u0131z Recep Tayyip Erdo\u011fan\u2019\u0131n e\u015fi Emine Erdo\u011fan Han\u0131mefendinin \u00f6nderli\u011finde S\u0131f\u0131r At\u0131k Projesi y\u00fcr\u00fct\u00fcl\u00fcyor. Proje, 2023 y\u0131l\u0131na kadar T\u00fcrkiye&#8217;de at\u0131klar\u0131n geri d\u00f6n\u00fc\u015f\u00fcm oran\u0131n\u0131 y\u00fczde 35&#8217;e \u00e7\u0131karmay\u0131 d\u00fc\u015f\u00fcn\u00fcyor. Uluslar aras\u0131 alanda \u00e7evre ve tar\u0131m konular\u0131nda yap\u0131lacak \u00e7al\u0131\u015fmalarla Belediyemize yeni birikimler kazand\u0131rd\u0131k.. Karesi Belediyesi olarak bilgilerimizi yurtd\u0131\u015f\u0131 ortaklar\u0131m\u0131zla kar\u015f\u0131l\u0131kl\u0131 payla\u015fmay\u0131 planlar\u0131m\u0131z\u0131 payla\u015ft\u0131k\u201d dedi.<\/span><\/p>\n","protected":false},"excerpt":{"rendered":"<p>Karesi Belediyesi, Avrupa Birli\u011fi projeleri dahilinde \u00e7al\u0131\u015fmalar\u0131n\u0131 s\u00fcrd\u00fcr\u00fcyor. \u201cAvrupa\u2019da S\u0131f\u0131r At\u0131k D\u00f6ng\u00fcsel Ekonomi Konsepti ile Yeti\u015fkin Becerilerinin Geli\u015ftirilmesi\u201d projesinin \u00e7o\u011falt\u0131c\u0131<\/p>\n","protected":false},"author":3,"featured_media":7516,"comment_status":"open","ping_status":"open","sticky":false,"template":"","format":"standard","meta":{"colormag_page_container_layout":"default_layout","colormag_page_sidebar_layout":"default_layout","footnotes":""},"categories":[1,5,8],"tags":[],"class_list":["post-7515","post","type-post","status-publish","format-standard","has-post-thumbnail","hentry","category-genel","category-gundem","category-siyaset"],"_links":{"self":[{"href":"https:\/\/marmarayerelhizmet.com\/index.php\/wp-json\/wp\/v2\/posts\/7515","targetHints":{"allow":["GET"]}}],"collection":[{"href":"https:\/\/marmarayerelhizmet.com\/index.php\/wp-json\/wp\/v2\/posts"}],"about":[{"href":"https:\/\/marmarayerelhizmet.com\/index.php\/wp-json\/wp\/v2\/types\/post"}],"author":[{"embeddable":true,"href":"https:\/\/marmarayerelhizmet.com\/index.php\/wp-json\/wp\/v2\/users\/3"}],"replies":[{"embeddable":true,"href":"https:\/\/marmarayerelhizmet.com\/index.php\/wp-json\/wp\/v2\/comments?post=7515"}],"version-history":[{"count":0,"href":"https:\/\/marmarayerelhizmet.com\/index.php\/wp-json\/wp\/v2\/posts\/7515\/revisions"}],"wp:featuredmedia":[{"embeddable":true,"href":"https:\/\/marmarayerelhizmet.com\/index.php\/wp-json\/wp\/v2\/media\/7516"}],"wp:attachment":[{"href":"https:\/\/marmarayerelhizmet.com\/index.php\/wp-json\/wp\/v2\/media?parent=7515"}],"wp:term":[{"taxonomy":"category","embeddable":true,"href":"https:\/\/marmarayerelhizmet.com\/index.php\/wp-json\/wp\/v2\/categories?post=7515"},{"taxonomy":"post_tag","embeddable":true,"href":"https:\/\/marmarayerelhizmet.com\/index.php\/wp-json\/wp\/v2\/tags?post=7515"}],"curies":[{"name":"wp","href":"https:\/\/api.w.org\/{rel}","templated":true}]}}