{"id":7099,"date":"2023-02-19T19:37:41","date_gmt":"2023-02-19T16:37:41","guid":{"rendered":"https:\/\/marmarayerelhizmet.com\/?p=7099"},"modified":"2023-02-19T19:38:59","modified_gmt":"2023-02-19T16:38:59","slug":"7099","status":"publish","type":"post","link":"https:\/\/marmarayerelhizmet.com\/index.php\/2023\/02\/19\/7099\/","title":{"rendered":"G\u00f6n\u00fcll\u00fc Kuryeler Yard\u0131ma Ko\u015fuyor"},"content":{"rendered":"<p><strong><span style=\"font-size: 14px; font-family: arial, helvetica, sans-serif;\">Deprem sonras\u0131 Beylikd\u00fcz\u00fc Belediyesi taraf\u0131ndan olu\u015fturulan ve \u0130stanbul\u2019dan Hatay\u2019\u0131n \u0130skenderun il\u00e7esine g\u00f6n\u00fcll\u00fc olarak gelen kuryeler, yard\u0131mlara ula\u015fma g\u00fc\u00e7l\u00fc\u011f\u00fc \u00e7eken depremzedelere motorlarla ihtiya\u00e7lar\u0131n\u0131 ula\u015ft\u0131rarak \u00f6nemli bir destek sa\u011fl\u0131yor.<br \/>\n<\/span><\/strong><br \/>\n<span style=\"font-size: 14px; font-family: arial, helvetica, sans-serif;\">Kahramanmara\u015f merkezli iki depremin derinden etkiledi\u011fi Hatay\u2019\u0131n \u0130skenderun il\u00e7esinde y\u00fczlerce bina y\u0131k\u0131ld\u0131 ve hasar ald\u0131. Kentte kurulan yard\u0131m noktalar\u0131ndan vatanda\u015flar g\u0131da, k\u0131yafet ve ki\u015fisel hijyen malzemelerini temin edebiliyor. Kente uzak noktalarda bulunan ve yard\u0131m noktas\u0131na ula\u015fmakta g\u00fc\u00e7l\u00fck \u00e7eken depremzedelerin yard\u0131m\u0131na da motorlu kuryeler ko\u015fuyor. Beylikd\u00fcz\u00fc Belediyesi taraf\u0131ndan olu\u015fturulan ve \u0130stanbul\u2019dan kente g\u00f6n\u00fcll\u00fc olarak gelen kuryeler, depremzedelere yard\u0131m g\u00f6t\u00fcr\u00fcyor. Yard\u0131m noktas\u0131na gelen kuryeler motosikletlerine g\u0131da ve hijyen \u00fcr\u00fcnlerini y\u00fckleyerek k\u00f6ylere yard\u0131m g\u00f6t\u00fcr\u00fcyor. 45 ki\u015fiden olu\u015fan g\u00f6n\u00fcll\u00fc kuryeler, havan\u0131n kararmas\u0131yla kent merkezindeki adreslere yard\u0131mlar\u0131 ula\u015ft\u0131r\u0131yor.<\/span><\/p>\n<p><strong><span style=\"font-size: 14px; font-family: arial, helvetica, sans-serif;\">&#8220;Kendi arkada\u015flar\u0131m\u0131zla duygusal anlar ya\u015fad\u0131k&#8221;<\/span><\/strong><br \/>\n<span style=\"font-size: 14px; font-family: arial, helvetica, sans-serif;\">Depremzedeleri yard\u0131m g\u00f6t\u00fcrd\u00fc\u011f\u00fc s\u0131rada ya\u015fad\u0131\u011f\u0131 duygusal anlar\u0131 anlatan kuryelerden Bulut Ulucan, &#8220;Burada \u00f6nemli olan bizim \u00e7ocuklara ula\u015fabilmemiz. Yakla\u015f\u0131k 4 bin rak\u0131m y\u00fcksekli\u011fe kadar \u00e7\u0131kt\u0131k. Burada elimizden geldi\u011fince k\u00f6ylere gitmeye \u00e7al\u0131\u015f\u0131yoruz. Yeti\u015fkinler kendilerini birazda olsa idare edebiliyor. Bizim \u00f6nceli\u011fimiz burada biraz daha \u00e7ocuklar ve kad\u0131nlar oldu. Elimizden geldi\u011fince yard\u0131mlar\u0131 ihtiya\u00e7 sahiplerine da\u011f\u0131tmaya \u00e7al\u0131\u015f\u0131yoruz. \u00d6nceli\u011fimiz hijyen malzemeleri daha sonra g\u0131da \u00fcr\u00fcnleri geliyor. Abdullah isminde bir \u00e7ocukla tan\u0131\u015ft\u0131m. Babalar\u0131 Osmaniye\u2019de enkaz alt\u0131nda kalm\u0131\u015f. Ba\u015flar\u0131nda bir anneleri var. Annesi babas\u0131n\u0131n evine s\u0131\u011f\u0131nm\u0131\u015f. Orada Abdullah\u2019\u0131n ve karde\u015flerinin durumunu g\u00f6r\u00fcnce biraz zorland\u0131k. Kendi arkada\u015flar\u0131m\u0131zla duygusal anlar ya\u015fad\u0131k. \u0130\u00e7imizde f\u0131rt\u0131nalar kopuyor. Enkazdaki arama \u00e7al\u0131\u015fmalar\u0131n\u0131 g\u00f6rd\u00fc\u011f\u00fcm\u00fcz zaman i\u00e7imizden bir can gidiyor&#8221; dedi.<\/span><br \/>\n<span style=\"font-size: 14px; font-family: arial, helvetica, sans-serif;\">Kurye ekibinin y\u00f6netimini sa\u011flayan H\u00fcrriyet S\u0131ms\u0131k\u0131 ise, &#8220;Arkada\u015flar\u0131m\u0131z canla ba\u015fla \u00e7al\u0131\u015f\u0131yorlar. Gecelerini g\u00fcnd\u00fczlerine kat\u0131yorlar. Baz\u0131 zamanlar yemek bile yiyemediklerini d\u00fc\u015f\u00fcnebiliriz. Her arkada\u015f\u0131m\u0131z bireysel olarak motosikletlerini dolduruyor. \u0130htiya\u00e7 sahiplerine ula\u015ft\u0131rmaya \u00e7al\u0131\u015f\u0131yorlar. Kendi aralar\u0131nda da koordine olarak ihtiya\u00e7 sahiplerini tespit ederek malzeme alarak o adrese gidiyorlar&#8221; \u015feklinde konu\u015ftu.<\/span><\/p>\n<p><strong><span style=\"font-size: 14px; font-family: arial, helvetica, sans-serif;\">&#8220;Bezlerini, mamalar\u0131n\u0131, s\u00fctlerini ta\u015f\u0131maya \u00e7al\u0131\u015f\u0131yoruz&#8221;<\/span><\/strong><br \/>\n<span style=\"font-size: 14px; font-family: arial, helvetica, sans-serif;\">Her depremzedenin yard\u0131m\u0131na ko\u015fmaya \u00e7al\u0131\u015ft\u0131klar\u0131n\u0131 vurgulayan kuryelerden \u00d6mer \u00c7at\u0131kka\u015fl\u0131 da, &#8220;Buraya gelmeden \u00f6nce gruplarda yard\u0131m i\u00e7in kurye arand\u0131\u011f\u0131n\u0131 duyduk. Biz de teredd\u00fct etmeden kendi isimlerimizi verdik. Allah raz\u0131 olsun bizimle beraber buraya \u00e7ok arkada\u015f\u0131m\u0131z geldi. \u0130nsan baz\u0131 zamanlarda ister istemez yutkunam\u0131yor. Baz\u0131lar\u0131n\u0131n aya\u011f\u0131nda ayakkab\u0131 yok, baz\u0131lar\u0131n\u0131n \u00e7oraplar\u0131 yoktu. Bedenen yorgunlu\u011fu d\u00fc\u015f\u00fcnm\u00fcyoruz art\u0131k. Bu enkazlar\u0131 g\u00f6r\u00fcnce, alt\u0131ndaki canlar\u0131 d\u00fc\u015f\u00fcnd\u00fck\u00e7e ruhsal bir \u00e7\u00f6k\u00fcnt\u00fc ba\u015flad\u0131. Bazen kahvalt\u0131 yapmadan \u00e7evre k\u00f6ylere yard\u0131ma gitmek istiyoruz. Yetimler, \u00f6ks\u00fczler var; ya\u015fl\u0131 olanlar, bak\u0131ma ihtiyac\u0131 olanlar var. Biz elimizden geldi\u011fi kadar bunlar\u0131n bezlerini, mamalar\u0131n\u0131, s\u00fctlerini ta\u015f\u0131maya \u00e7al\u0131\u015f\u0131yoruz&#8221; ifadelerini kulland\u0131.<\/span><\/p>\n","protected":false},"excerpt":{"rendered":"<p>Deprem sonras\u0131 Beylikd\u00fcz\u00fc Belediyesi taraf\u0131ndan olu\u015fturulan ve \u0130stanbul\u2019dan Hatay\u2019\u0131n \u0130skenderun il\u00e7esine g\u00f6n\u00fcll\u00fc olarak gelen kuryeler, yard\u0131mlara ula\u015fma g\u00fc\u00e7l\u00fc\u011f\u00fc \u00e7eken depremzedelere<\/p>\n","protected":false},"author":3,"featured_media":7100,"comment_status":"open","ping_status":"open","sticky":false,"template":"","format":"standard","meta":{"colormag_page_container_layout":"default_layout","colormag_page_sidebar_layout":"default_layout","footnotes":""},"categories":[1,5,8],"tags":[],"class_list":["post-7099","post","type-post","status-publish","format-standard","has-post-thumbnail","hentry","category-genel","category-gundem","category-siyaset"],"_links":{"self":[{"href":"https:\/\/marmarayerelhizmet.com\/index.php\/wp-json\/wp\/v2\/posts\/7099","targetHints":{"allow":["GET"]}}],"collection":[{"href":"https:\/\/marmarayerelhizmet.com\/index.php\/wp-json\/wp\/v2\/posts"}],"about":[{"href":"https:\/\/marmarayerelhizmet.com\/index.php\/wp-json\/wp\/v2\/types\/post"}],"author":[{"embeddable":true,"href":"https:\/\/marmarayerelhizmet.com\/index.php\/wp-json\/wp\/v2\/users\/3"}],"replies":[{"embeddable":true,"href":"https:\/\/marmarayerelhizmet.com\/index.php\/wp-json\/wp\/v2\/comments?post=7099"}],"version-history":[{"count":0,"href":"https:\/\/marmarayerelhizmet.com\/index.php\/wp-json\/wp\/v2\/posts\/7099\/revisions"}],"wp:featuredmedia":[{"embeddable":true,"href":"https:\/\/marmarayerelhizmet.com\/index.php\/wp-json\/wp\/v2\/media\/7100"}],"wp:attachment":[{"href":"https:\/\/marmarayerelhizmet.com\/index.php\/wp-json\/wp\/v2\/media?parent=7099"}],"wp:term":[{"taxonomy":"category","embeddable":true,"href":"https:\/\/marmarayerelhizmet.com\/index.php\/wp-json\/wp\/v2\/categories?post=7099"},{"taxonomy":"post_tag","embeddable":true,"href":"https:\/\/marmarayerelhizmet.com\/index.php\/wp-json\/wp\/v2\/tags?post=7099"}],"curies":[{"name":"wp","href":"https:\/\/api.w.org\/{rel}","templated":true}]}}