{"id":7089,"date":"2023-02-18T12:09:11","date_gmt":"2023-02-18T09:09:11","guid":{"rendered":"https:\/\/marmarayerelhizmet.com\/?p=7089"},"modified":"2023-02-19T19:39:15","modified_gmt":"2023-02-19T16:39:15","slug":"sehit-oglunun-kiyafetlerini-gonderdi","status":"publish","type":"post","link":"https:\/\/marmarayerelhizmet.com\/index.php\/2023\/02\/18\/sehit-oglunun-kiyafetlerini-gonderdi\/","title":{"rendered":"\u015eehit O\u011flunun K\u0131yafetlerini G\u00f6nderdi"},"content":{"rendered":"<p><span style=\"font-size: 14px;\"><strong><span style=\"font-family: arial, helvetica, sans-serif;\">\u00c7ekmek\u00f6y Belediyesi taraf\u0131ndan, Kahramanmara\u015f merkezli iki b\u00fcy\u00fck deprem sonras\u0131nda d\u00fczenlenen yard\u0131m kampanyas\u0131na destek olan \u015fehit\u00a0annesi, o\u011flunun g\u00f6z\u00fc gibi bakt\u0131\u011f\u0131 e\u015fyalar\u0131 depremzedelere g\u00f6nderdi.\u00a0Anne\u00a0Nihal Mehmethan, \u201cDaha \u00f6nce kimseye k\u0131y\u0131pta veremiyordum. Bu zamana kadar muhafaza ettim, Allah hay\u0131rl\u0131s\u0131 ile giymelerini nasip etsin\u201d dedi.<\/span><\/strong><\/span><\/p>\n<p><span style=\"font-family: arial, helvetica, sans-serif; font-size: 14px;\">5 y\u0131l \u00f6nce Afrin\u2019e d\u00fczenlenen Zeytin Dal\u0131 Harekat\u0131\u2019nda \u015fehit olan \u00c7ekmek\u00f6yl\u00fc Piyade \u00dcst\u00e7avu\u015f Fatih Mehmethan\u2019\u0131n\u00a0annesi Nihal Mehmethan, y\u0131llard\u0131r saklad\u0131\u011f\u0131 ve kimseye vermedi\u011fi o\u011flunun e\u015fyalar\u0131n\u0131 depremzedelere g\u00f6nderdi. Depremzede vatanda\u015flara ula\u015ft\u0131rmak \u00fczere o\u011flunun e\u015fyalar\u0131n\u0131, \u00c7ekmek\u00f6y Belediyesi yard\u0131m toplama noktas\u0131na getiren Nihal Mehmethan, o\u011flunu depremden 1 hafta \u00f6nce r\u00fcyas\u0131nda g\u00f6rd\u00fc\u011f\u00fcn\u00fc \u201cAnne\u00a0ben \u00e7ok \u00fc\u015f\u00fcd\u00fcm\u201d demesi \u00fczerine e\u015fyalar\u0131 so\u011fuk hava \u015fartlar\u0131nda bulunan depremzedelere g\u00f6nderdi\u011fini belirtti.<\/span><\/p>\n<p><span style=\"font-family: arial, helvetica, sans-serif; font-size: 14px;\">Piyade \u00dcst\u00e7avu\u015f Fatih Mehmethan\u2019\u0131n\u00a0annesi Nihal Mehmethan, \u201cBen Nihal Mehmethan Fatih Mehmethan\u2019\u0131n\u00a0annesiyim. Fatih\u2019i deprem olmadan 1 hafta \u00f6nce r\u00fcyamda g\u00f6rd\u00fcm, \u2018Anne\u00a0ben \u00e7ok \u00fc\u015f\u00fcd\u00fcm, \u00e7ok \u00fc\u015f\u00fcd\u00fcm\u2019 dedi. Bende onun i\u00e7in depremzedelere k\u0131yafetlerini g\u00f6ndermek istedim. Daha \u00f6nce kimseye k\u0131y\u0131pta veremiyordum. Bu zamana kadar muhafaza ettim, Allah hay\u0131rl\u0131s\u0131 ile giymelerini nasip etsin. Allah bir daha g\u00f6stermesin. Rabbimden, \u00f6lenlere rahmet, kalanlara selamet yaral\u0131lara \u015fifa diliyorum. Allah\u2019\u0131mdan kalan sa\u011fl\u0131kl\u0131 ve s\u0131hhatli olanlara da Rabbimden sab\u0131r diliyorum\u201d dedi.<\/span><\/p>\n","protected":false},"excerpt":{"rendered":"<p>\u00c7ekmek\u00f6y Belediyesi taraf\u0131ndan, Kahramanmara\u015f merkezli iki b\u00fcy\u00fck deprem sonras\u0131nda d\u00fczenlenen yard\u0131m kampanyas\u0131na destek olan \u015fehit\u00a0annesi, o\u011flunun g\u00f6z\u00fc gibi bakt\u0131\u011f\u0131 e\u015fyalar\u0131<\/p>\n","protected":false},"author":3,"featured_media":7090,"comment_status":"open","ping_status":"open","sticky":false,"template":"","format":"standard","meta":{"colormag_page_container_layout":"default_layout","colormag_page_sidebar_layout":"default_layout","footnotes":""},"categories":[1,5,8],"tags":[],"class_list":["post-7089","post","type-post","status-publish","format-standard","has-post-thumbnail","hentry","category-genel","category-gundem","category-siyaset"],"_links":{"self":[{"href":"https:\/\/marmarayerelhizmet.com\/index.php\/wp-json\/wp\/v2\/posts\/7089","targetHints":{"allow":["GET"]}}],"collection":[{"href":"https:\/\/marmarayerelhizmet.com\/index.php\/wp-json\/wp\/v2\/posts"}],"about":[{"href":"https:\/\/marmarayerelhizmet.com\/index.php\/wp-json\/wp\/v2\/types\/post"}],"author":[{"embeddable":true,"href":"https:\/\/marmarayerelhizmet.com\/index.php\/wp-json\/wp\/v2\/users\/3"}],"replies":[{"embeddable":true,"href":"https:\/\/marmarayerelhizmet.com\/index.php\/wp-json\/wp\/v2\/comments?post=7089"}],"version-history":[{"count":0,"href":"https:\/\/marmarayerelhizmet.com\/index.php\/wp-json\/wp\/v2\/posts\/7089\/revisions"}],"wp:featuredmedia":[{"embeddable":true,"href":"https:\/\/marmarayerelhizmet.com\/index.php\/wp-json\/wp\/v2\/media\/7090"}],"wp:attachment":[{"href":"https:\/\/marmarayerelhizmet.com\/index.php\/wp-json\/wp\/v2\/media?parent=7089"}],"wp:term":[{"taxonomy":"category","embeddable":true,"href":"https:\/\/marmarayerelhizmet.com\/index.php\/wp-json\/wp\/v2\/categories?post=7089"},{"taxonomy":"post_tag","embeddable":true,"href":"https:\/\/marmarayerelhizmet.com\/index.php\/wp-json\/wp\/v2\/tags?post=7089"}],"curies":[{"name":"wp","href":"https:\/\/api.w.org\/{rel}","templated":true}]}}