{"id":6982,"date":"2023-02-13T21:45:52","date_gmt":"2023-02-13T18:45:52","guid":{"rendered":"https:\/\/marmarayerelhizmet.com\/?p=6982"},"modified":"2023-02-19T19:45:55","modified_gmt":"2023-02-19T16:45:55","slug":"cadir-uretimi-suruyor","status":"publish","type":"post","link":"https:\/\/marmarayerelhizmet.com\/index.php\/2023\/02\/13\/cadir-uretimi-suruyor\/","title":{"rendered":"\u00c7ad\u0131r \u00dcretimi S\u00fcr\u00fcyor"},"content":{"rendered":"<header>\n<p class=\"summary\"><strong><span style=\"font-family: arial, helvetica, sans-serif; font-size: 14px;\">K\u0131z\u0131lay\u2019\u0131n Ankara ve Erzincan\u2019da bulunan \u00e7ad\u0131r \u00fcretim fabrikalar\u0131nda deprem b\u00f6lgesi i\u00e7in mesai s\u00fcr\u00fcyor. K\u0131z\u0131lay yakla\u015f\u0131k 550 i\u015f\u00e7i ile her g\u00fcn 500\u2019e yak\u0131n \u00e7ad\u0131r \u00fcreterek afet b\u00f6lgesinde AFAD emrine g\u00f6nderiyor.<\/span><\/strong><\/p>\n<\/header>\n<div class=\"content\">\n<p><span style=\"font-family: arial, helvetica, sans-serif; font-size: 14px;\">K\u0131z\u0131lay ekipleri, deprem b\u00f6lgesindeki AFAD&#8217;\u0131n koordinasyonunda y\u00fcr\u00fct\u00fclen bar\u0131nma ihtiyac\u0131n\u0131n giderilmesine destek olmak i\u00e7in at\u00f6lye ve fabrikalar\u0131nda AFAD \u00e7ad\u0131rlar\u0131n\u0131n \u00fcretimini gece g\u00fcnd\u00fcz s\u00fcrd\u00fcr\u00fcyor. 16,5 metrekare olarak \u00fcretilen \u00e7ad\u0131rlar k\u0131\u015f \u015fartlar\u0131na uygun olarak \u00e7ift katmanl\u0131 olarak imal ediliyor. Zemin ve tavan su itme \u00f6zellikli PVC materyalden \u00fcretilirken, i\u00e7 katmanda ise ke\u00e7e kullan\u0131l\u0131yor. Ebeveyn alan\u0131 ve \u00e7ocuk alan\u0131 olmak \u00fczere iki b\u00f6lmeden olu\u015fan \u00e7ad\u0131rlar\u0131n giri\u015finde, mutfak olarak kullan\u0131lan ve soba kurmaya da uygun bir alan yer al\u0131yor. K\u0131z\u0131lay, Ankara ve Erzincan&#8217;da bulunun fabrikalar\u0131nda yakla\u015f\u0131k 550 \u00e7al\u0131\u015fan\u0131yla her g\u00fcn 500 \u00e7ad\u0131r \u00fcreterek afet b\u00f6lgesinde AFAD kullan\u0131m\u0131na sevk ediyor.<\/span><\/p>\n<p><span style=\"font-family: arial, helvetica, sans-serif; font-size: 14px;\"><strong>Beslenme hizmetleri yayg\u0131nla\u015ft\u0131r\u0131l\u0131yor<\/strong><\/span><\/p>\n<p><span style=\"font-family: arial, helvetica, sans-serif; font-size: 14px;\">T\u00fcrkiye Afet M\u00fcdahale Plan\u0131na g\u00f6re sekt\u00f6r\u00fcn ana sorumlusu olan K\u0131z\u0131lay koordinasyonunda y\u00fcr\u00fct\u00fclen beslenme hizmetleri ise yayg\u0131nla\u015farak s\u00fcr\u00fcyor. K\u0131z\u0131lay koordinasyonunda, AFAD, MSB, Jandarma ve Sivil Toplum Kurulu\u015flar\u0131ndan olu\u015fan beslenme grubu, b\u00f6lgeye toplam 334 mobil mutfak, 86 ikram arac\u0131, 33 mobil f\u0131r\u0131n ve 252 hizmet arac\u0131 sevk etti.<\/span><\/p>\n<p><span style=\"font-family: arial, helvetica, sans-serif; font-size: 14px;\">Afet b\u00f6lgesinde 16 milyon 208 bin 638 s\u0131cak yemek, 3 milyon 648 bin 10 \u00e7orba, 13 milyon 295 bin 356 su, 18 milyon 909 bin 911 ekmek, 9 milyon 506 bin 375 ikraml\u0131k malzeme, 1 milyon 787 bin 341 i\u00e7ecek da\u011f\u0131t\u0131m\u0131 yap\u0131ld\u0131.<\/span><\/p>\n<\/div>\n","protected":false},"excerpt":{"rendered":"<p>K\u0131z\u0131lay\u2019\u0131n Ankara ve Erzincan\u2019da bulunan \u00e7ad\u0131r \u00fcretim fabrikalar\u0131nda deprem b\u00f6lgesi i\u00e7in mesai s\u00fcr\u00fcyor. K\u0131z\u0131lay yakla\u015f\u0131k 550 i\u015f\u00e7i ile her g\u00fcn<\/p>\n","protected":false},"author":3,"featured_media":6983,"comment_status":"open","ping_status":"open","sticky":false,"template":"","format":"standard","meta":{"colormag_page_container_layout":"default_layout","colormag_page_sidebar_layout":"default_layout","footnotes":""},"categories":[1,5],"tags":[],"class_list":["post-6982","post","type-post","status-publish","format-standard","has-post-thumbnail","hentry","category-genel","category-gundem"],"_links":{"self":[{"href":"https:\/\/marmarayerelhizmet.com\/index.php\/wp-json\/wp\/v2\/posts\/6982","targetHints":{"allow":["GET"]}}],"collection":[{"href":"https:\/\/marmarayerelhizmet.com\/index.php\/wp-json\/wp\/v2\/posts"}],"about":[{"href":"https:\/\/marmarayerelhizmet.com\/index.php\/wp-json\/wp\/v2\/types\/post"}],"author":[{"embeddable":true,"href":"https:\/\/marmarayerelhizmet.com\/index.php\/wp-json\/wp\/v2\/users\/3"}],"replies":[{"embeddable":true,"href":"https:\/\/marmarayerelhizmet.com\/index.php\/wp-json\/wp\/v2\/comments?post=6982"}],"version-history":[{"count":0,"href":"https:\/\/marmarayerelhizmet.com\/index.php\/wp-json\/wp\/v2\/posts\/6982\/revisions"}],"wp:featuredmedia":[{"embeddable":true,"href":"https:\/\/marmarayerelhizmet.com\/index.php\/wp-json\/wp\/v2\/media\/6983"}],"wp:attachment":[{"href":"https:\/\/marmarayerelhizmet.com\/index.php\/wp-json\/wp\/v2\/media?parent=6982"}],"wp:term":[{"taxonomy":"category","embeddable":true,"href":"https:\/\/marmarayerelhizmet.com\/index.php\/wp-json\/wp\/v2\/categories?post=6982"},{"taxonomy":"post_tag","embeddable":true,"href":"https:\/\/marmarayerelhizmet.com\/index.php\/wp-json\/wp\/v2\/tags?post=6982"}],"curies":[{"name":"wp","href":"https:\/\/api.w.org\/{rel}","templated":true}]}}