{"id":6975,"date":"2023-02-13T13:37:50","date_gmt":"2023-02-13T10:37:50","guid":{"rendered":"https:\/\/marmarayerelhizmet.com\/?p=6975"},"modified":"2023-02-19T19:46:12","modified_gmt":"2023-02-19T16:46:12","slug":"karesiden-depremzedelere-gonul-koprusu","status":"publish","type":"post","link":"https:\/\/marmarayerelhizmet.com\/index.php\/2023\/02\/13\/karesiden-depremzedelere-gonul-koprusu\/","title":{"rendered":"Ba\u015fkan Orkan&#8217;dan Destek \u00c7a\u011fr\u0131s\u0131"},"content":{"rendered":"<p><strong><span style=\"font-family: arial, helvetica, sans-serif; font-size: 14px;\">Karesi Belediyesi, Bal\u0131kesir\u2019e gelerek yerle\u015fen depremzedelerin ev e\u015fyas\u0131 ihtiya\u00e7lar\u0131n\u0131 gidermelerini sa\u011flamak i\u00e7in g\u00f6n\u00fcl k\u00f6pr\u00fcs\u00fc kuruyor. Kullan\u0131labilir ev e\u015fyalar\u0131n\u0131 ba\u011f\u0131\u015flamak isteyen yard\u0131mseverlerin ba\u011f\u0131\u015flar\u0131 belediye ekipleri taraf\u0131ndan al\u0131narak ihtiya\u00e7 sahiplerine ula\u015ft\u0131r\u0131l\u0131yor.<br \/>\n<\/span><\/strong><br \/>\n<span style=\"font-family: arial, helvetica, sans-serif; font-size: 14px;\">Karesi Belediyesi, Bal\u0131kesir\u2019e gelecek yerle\u015fen depremzedelerin ihtiya\u00e7lar\u0131n\u0131 kar\u015f\u0131lamak i\u00e7in \u201cEv E\u015fyas\u0131 Toplama Kampanyas\u0131\u201d ba\u015flatt\u0131. \u201cYaralar\u0131 birlikte sar\u0131yoruz\u201d slogan\u0131yla yola \u00e7\u0131kan Karesi Belediyesi, kullan\u0131labilir ve ihtiya\u00e7 fazlas\u0131 olan ev e\u015fyalar\u0131n\u0131 yard\u0131mseverlerin evlerinden alarak, depremzedelere ula\u015ft\u0131r\u0131yor. E\u015fya ba\u011f\u0131\u015f\u0131 i\u00e7in Karesi Belediyesi \u00c7a\u011fr\u0131 Merkezi numaras\u0131 444 99 10\u2019u arayan Karesililer, ekiplerle randevu g\u00fcn\u00fc ve saati olu\u015fturarak, e\u015fyalar\u0131n\u0131n al\u0131nmas\u0131n\u0131 sa\u011flayabiliyorlar.<br \/>\n<\/span><br \/>\n<strong><span style=\"font-family: arial, helvetica, sans-serif; font-size: 14px;\">Ba\u015fkan Orkan\u2019dan destek \u00e7a\u011fr\u0131s\u0131<\/span><\/strong><br \/>\n<span style=\"font-family: arial, helvetica, sans-serif; font-size: 14px;\">Yard\u0131m kampanyas\u0131na destek olan ve olmak isteyen vatanda\u015flara \u00e7a\u011fr\u0131da bulunan Karesi Belediye Ba\u015fkan\u0131 Din\u00e7er Orkan, \u201cBug\u00fcn birbirimize sahip \u00e7\u0131kma g\u00fcn\u00fcd\u00fcr. Depremzede vatanda\u015flar\u0131m\u0131z\u0131n yaralar\u0131na az da olsa merhem olma g\u00fcn\u00fcd\u00fcr. Karesi Belediyesi olarak ba\u015flatt\u0131k Ev E\u015fyas\u0131 Toplama Kampanyas\u0131 ba\u015flatt\u0131k. Kullan\u0131lmayan fazla ikinci el e\u015fyalar\u0131 olan varsa onlar\u0131 da alaca\u011f\u0131z. S\u0131f\u0131r e\u015fya ba\u011f\u0131\u015flamak isteyen vatanda\u015f\u0131m\u0131z olabilir, onlar\u0131 da alaca\u011f\u0131z. Bu konuda Karesi ve Bal\u0131kesirliler\u2019den ilgi ve destek bekliyoruz. Belediye olarak t\u00fcm imk\u00e2nlar\u0131m\u0131z\u0131 seferber ettik, etmeye de devam ediyoruz. Bug\u00fcn yapaca\u011f\u0131m\u0131z tek \u015fey, karde\u015flerimize kucak a\u00e7makt\u0131r. Gelin yaralar\u0131 birlikte saral\u0131m\u201d dedi.<\/span><br \/>\n<span style=\"font-family: arial, helvetica, sans-serif; font-size: 14px;\">Afet b\u00f6lgelerinden Karesi\u2019ye gelen ve evlere yerle\u015ftirilen depremzedelere verilmek \u00fczere ba\u015fta beyaz e\u015fya, mobilya, mutfak e\u015fyas\u0131, uyku seti gibi \u00fcr\u00fcnleri ba\u011f\u0131\u015flamak isteyenler 444 99 10 numaral\u0131 telefondan Karesi Belediyesine ula\u015fabiliyor.<\/span><\/p>\n","protected":false},"excerpt":{"rendered":"<p>Karesi Belediyesi, Bal\u0131kesir\u2019e gelerek yerle\u015fen depremzedelerin ev e\u015fyas\u0131 ihtiya\u00e7lar\u0131n\u0131 gidermelerini sa\u011flamak i\u00e7in g\u00f6n\u00fcl k\u00f6pr\u00fcs\u00fc kuruyor. Kullan\u0131labilir ev e\u015fyalar\u0131n\u0131 ba\u011f\u0131\u015flamak isteyen<\/p>\n","protected":false},"author":3,"featured_media":6976,"comment_status":"open","ping_status":"open","sticky":false,"template":"","format":"standard","meta":{"colormag_page_container_layout":"default_layout","colormag_page_sidebar_layout":"default_layout","footnotes":""},"categories":[1,5,8],"tags":[],"class_list":["post-6975","post","type-post","status-publish","format-standard","has-post-thumbnail","hentry","category-genel","category-gundem","category-siyaset"],"_links":{"self":[{"href":"https:\/\/marmarayerelhizmet.com\/index.php\/wp-json\/wp\/v2\/posts\/6975","targetHints":{"allow":["GET"]}}],"collection":[{"href":"https:\/\/marmarayerelhizmet.com\/index.php\/wp-json\/wp\/v2\/posts"}],"about":[{"href":"https:\/\/marmarayerelhizmet.com\/index.php\/wp-json\/wp\/v2\/types\/post"}],"author":[{"embeddable":true,"href":"https:\/\/marmarayerelhizmet.com\/index.php\/wp-json\/wp\/v2\/users\/3"}],"replies":[{"embeddable":true,"href":"https:\/\/marmarayerelhizmet.com\/index.php\/wp-json\/wp\/v2\/comments?post=6975"}],"version-history":[{"count":0,"href":"https:\/\/marmarayerelhizmet.com\/index.php\/wp-json\/wp\/v2\/posts\/6975\/revisions"}],"wp:featuredmedia":[{"embeddable":true,"href":"https:\/\/marmarayerelhizmet.com\/index.php\/wp-json\/wp\/v2\/media\/6976"}],"wp:attachment":[{"href":"https:\/\/marmarayerelhizmet.com\/index.php\/wp-json\/wp\/v2\/media?parent=6975"}],"wp:term":[{"taxonomy":"category","embeddable":true,"href":"https:\/\/marmarayerelhizmet.com\/index.php\/wp-json\/wp\/v2\/categories?post=6975"},{"taxonomy":"post_tag","embeddable":true,"href":"https:\/\/marmarayerelhizmet.com\/index.php\/wp-json\/wp\/v2\/tags?post=6975"}],"curies":[{"name":"wp","href":"https:\/\/api.w.org\/{rel}","templated":true}]}}