{"id":6968,"date":"2023-02-12T22:53:57","date_gmt":"2023-02-12T19:53:57","guid":{"rendered":"https:\/\/marmarayerelhizmet.com\/?p=6968"},"modified":"2023-02-19T19:46:39","modified_gmt":"2023-02-19T16:46:39","slug":"depremden-zarar-goren-ciftcilere-destek","status":"publish","type":"post","link":"https:\/\/marmarayerelhizmet.com\/index.php\/2023\/02\/12\/depremden-zarar-goren-ciftcilere-destek\/","title":{"rendered":"Depremden Zarar G\u00f6ren \u00c7ift\u00e7ilere Destek"},"content":{"rendered":"<p><strong><span style=\"font-size: 14px; font-family: arial, helvetica, sans-serif;\">Tar\u0131m\u00a0ve\u00a0Orman Bakan\u0131 Vahit Kiri\u015fci, <span style=\"font-family: arial, helvetica, sans-serif;\">g\u0131da g\u00fcvenli\u011fini temin etmek i\u00e7in 27 farkl\u0131 ilde deprem b\u00f6lgesinde bar\u0131naklar\u0131 zarar g\u00f6ren \u00e7ift\u00e7ilere destek verdiklerini ve hayvan yemi da\u011f\u0131t\u0131ld\u0131\u011f\u0131n\u0131 belirtti.<br \/>\n<\/span><\/span><\/strong><br \/>\n<span style=\"font-size: 14px; font-family: arial, helvetica, sans-serif;\">Bakan Kiri\u015fci, DS\u0130 6. B\u00f6lge M\u00fcd\u00fcrl\u00fc\u011f\u00fcnde depremin 7. g\u00fcn\u00fcnde bas\u0131n mensuplar\u0131na son duruma ili\u015fkin a\u00e7\u0131klamalarda bulundu. Kiri\u015fci yapt\u0131\u011f\u0131 a\u00e7\u0131klamada, deprem uzmanlar\u0131na g\u00f6re d\u00fcnya \u00fczerinde bu zamana kadar b\u00f6ylesine bir depremin ya\u015fanmad\u0131\u011f\u0131n\u0131 belirterek, &#8220;G\u00f6\u00e7men m\u00fccadelesinin yan\u0131nda dezenformasyonla da m\u00fccadele ediyoruz. Deprem b\u00f6lgesi ve \u00e7evresinde 140 adet baraj ve g\u00f6letimiz var. Bunlar\u0131n 110&#8217;u baraj. Hi\u00e7bir tesisimizde g\u00fcvenlik a\u00e7\u0131s\u0131ndan riskli bir durum yoktur. \u00d6zel sekt\u00f6r taraf\u0131ndan i\u015fletilen 162 adet tesiste de herhangi bir sorun yok. Barajlar\u0131m\u0131z DS\u0130 ekipleri taraf\u0131ndan her g\u00fcn kontrol edilmektedir. 132&#8217;sinde acil durumu gerektirecek bir duruma rastlanmam\u0131\u015ft\u0131r. 8 baraj\u0131m\u0131z da takip alt\u0131ndad\u0131r. Barajlarla ilgili iddialar as\u0131ls\u0131z. 3 g\u00fcn \u00f6nce Atat\u00fcrk Baraj\u0131\u2019n\u0131 yerinde inceledik. Duvarlarda \u00e7atlaklar var. Her zaman olan \u015feyler. Bu \u00e7atlaklar barajda herhangi bir tehlike ya da risk olu\u015fturmuyor&#8221; dedi.<\/span><br \/>\n<span style=\"font-size: 14px; font-family: arial, helvetica, sans-serif;\">Kiri\u015fci, s\u0131n\u0131r d\u0131\u015f\u0131ndaki barajlar\u0131 da takip ettiklerinin alt\u0131n\u0131 \u00e7izerek \u015f\u00f6yle devam etti:<\/span><br \/>\n<span style=\"font-size: 14px; font-family: arial, helvetica, sans-serif;\">&#8220;Suriye\u2019deki barajdaki \u00e7al\u0131\u015fmalar nedeniyle baraj kapaklar\u0131 a\u00e7\u0131lm\u0131\u015f; nehrin debisi saniyede 15 metrek\u00fcpken, 16 metrek\u00fcpe y\u00fckselmi\u015f. DS\u0130 ekiplerinin m\u00fcdahalesiyle su seviyesi geriletilmi\u015ftir. Asi Nehri\u2019nin debisi d\u00fc\u015f\u00fcr\u00fclm\u00fc\u015ft\u00fcr. Herhangi bir risk s\u00f6z konusu de\u011fildir.&#8221;<\/span><br \/>\n<span style=\"font-size: 14px; font-family: arial, helvetica, sans-serif;\">Bakan Kiri\u015fci, Adana\u2019da y\u0131k\u0131lan 13 binan\u0131n ard\u0131ndan, \u015fehrin depremi en az hasarla atlatan il oldu\u011funu ifade ederek, &#8220;Bu binalar\u0131m\u0131zda arama-kurtarma \u00e7al\u0131\u015fmalar\u0131 tamamland\u0131. Sadece Kubilay Apartman\u0131&#8217;nda devam ediyor. Halihaz\u0131rda bir ki\u015fi de olsa bir can bizim i\u00e7in \u00f6nemlidir. \u015eu ana kadar 33 vatanda\u015f\u0131m\u0131z enkazdan sa\u011f olarak kurtar\u0131ld\u0131. 33\u2019\u00fcn\u00fcn hastanedeki tedavisi s\u00fcr\u00fcyor. 378 vatanda\u015f\u0131m\u0131z hayat\u0131n\u0131 kaybetti. Depremin hemen ard\u0131ndan hasarl\u0131 binalar bo\u015falt\u0131ld\u0131. AFAD koordinasyonunda 350 personel arama-kurtarma \u00e7al\u0131\u015fmalar\u0131n\u0131 aral\u0131ks\u0131z s\u00fcrd\u00fcr\u00fcyor. Hasarl\u0131 binalarda kalan 13 bin vatanda\u015f\u0131m\u0131z kurumlar\u0131m\u0131z\u0131n misafirhaneleri ba\u015fta olmak \u00fczere konaklama merkezlerine yerle\u015ftirilmi\u015ftir. 4 bin \u00e7ad\u0131rda 22 bin vatanda\u015f\u0131m\u0131z bar\u0131nmaktad\u0131r. Adana\u2019da 35 bin vatanda\u015f\u0131m\u0131z\u0131n g\u00fcvenli olarak bar\u0131nmas\u0131 sa\u011flanm\u0131\u015ft\u0131r&#8221; diye konu\u015ftu.<\/span><br \/>\n<span style=\"font-size: 14px; font-family: arial, helvetica, sans-serif;\">Hasar tespit \u00e7al\u0131\u015fmalar\u0131 sonucunda Adana genelinde 17 a\u011f\u0131r, 79 orta hasar, 4 bin 60 binan\u0131n az hasarl\u0131, bin 235 binan\u0131n hasars\u0131z oldu\u011funun alt\u0131n\u0131 \u00e7izen Kiri\u015fci, \u015funlar\u0131 kaydetti:<\/span><br \/>\n<span style=\"font-size: 14px; font-family: arial, helvetica, sans-serif;\">&#8220;Bu rakamlar \u00e7ok \u00f6nemlidir. Burada alt\u0131n\u0131 \u00e7izmek istedi\u011fim husus; az hasarl\u0131 ve hasars\u0131z olan binalar\u0131n say\u0131s\u0131 bin 700 civar\u0131nda. Vatanda\u015flar\u0131m\u0131za \u015fu \u00e7a\u011fr\u0131y\u0131 yap\u0131yoruz: E-devlet \u00fczerinden kendi binalar\u0131yla ilgili bilgileri g\u00f6rebilirler. Binalar\u0131 hakk\u0131nda en sa\u011fl\u0131kl\u0131 bilgiyi alabilirler.\u00a0Tar\u0131m\u00a0ve\u00a0Orman\u00a0Bakanl\u0131\u011f\u0131\u00a0olarak, AFAD koordinasyonunda 11 bin 938 personelimiz, bir u\u00e7a\u011f\u0131m\u0131z, bir helikopterle 4 bin 376 ekipmanla arama-kurtarma \u00e7al\u0131\u015fmalar\u0131nda g\u00f6rev ald\u0131. 3 yang\u0131n s\u00f6nd\u00fcrme u\u00e7a\u011f\u0131, 3 helikopterle \u0130skenderun Liman\u0131\u2019ndaki yang\u0131n s\u00f6nd\u00fcr\u00fclerek, so\u011futma ve temizlik \u00e7al\u0131\u015fmalar\u0131na ba\u015flanm\u0131\u015ft\u0131r. \u00dclke olarak bu ac\u0131 ve felaketin i\u00e7erisinde T\u00fcrkiye genelinde 6 bin 700 adet yatak kapasitesine sahibiz. Depremzedelere tahsis edildi bu tesisler. 11 bin 110 \u00e7ad\u0131r da\u011f\u0131t\u0131lm\u0131\u015ft\u0131r.&#8221;<\/span><br \/>\n<span style=\"font-size: 14px; font-family: arial, helvetica, sans-serif;\">Kiri\u015fci, g\u0131da g\u00fcvenli\u011fini temin etmek i\u00e7in 27 farkl\u0131 ilde deprem b\u00f6lgesinde bar\u0131naklar\u0131 zarar g\u00f6ren \u00e7ift\u00e7ilere destek verdiklerini ve hayvan yemi da\u011f\u0131t\u0131ld\u0131\u011f\u0131n\u0131, yaral\u0131 hayvanlar\u0131n kesilmesi i\u00e7in et ve s\u00fct kurumu koordinasyonunda ekiplerin \u00e7al\u0131\u015fma y\u00fcr\u00fctt\u00fc\u011f\u00fcn\u00fc, kesilen etlerin de deprem b\u00f6lgelerine teslim edildi\u011fini s\u00f6yledi. Kiri\u015fci, b\u00f6lgede halen art\u00e7\u0131 sars\u0131nt\u0131lar\u0131n devam eti\u011fini, hasar g\u00f6ren binalara girilmemesi gerekti\u011fini belirterek, &#8220;Bu yap\u0131lara yakla\u015fmay\u0131n. Hasar tespit \u00e7al\u0131\u015fmalar\u0131 tamamlan\u0131ncaya kadar bu yap\u0131lara girmeyin. Yard\u0131m kampanyalar\u0131 ve AFAD taraf\u0131ndan y\u00fcr\u00fct\u00fclmesi \u00e7ok \u00f6nemli. \u00dclkemizin bir\u00e7ok b\u00f6lgesinden gelen yard\u0131mlar\u0131, insanlar\u0131m\u0131za ula\u015ft\u0131rma \u00e7aba ve gayretindeyiz. Bu depremi Adana, olabildi\u011fince az hasarla atlatm\u0131\u015ft\u0131r. T\u00fcm birimlerimiz \u015fu anda teyakkuz halinde. Biz millet olarak, ac\u0131n\u0131n payla\u015f\u0131ld\u0131\u011f\u0131nda azalaca\u011f\u0131na y\u00fcrekten inanan kadim bir milletiz. Bu ac\u0131lar\u0131 dindirme, hafifletme noktas\u0131nda \u00e7aba ve \u00e7al\u0131\u015fmalar\u0131m\u0131z da s\u00fcr\u00fcyor. Rabbim bir daha bize b\u00f6ylesi ac\u0131lar g\u00f6stermesin&#8221; \u015feklinde konu\u015ftu.<\/span><\/p>\n","protected":false},"excerpt":{"rendered":"<p>Tar\u0131m\u00a0ve\u00a0Orman Bakan\u0131 Vahit Kiri\u015fci, g\u0131da g\u00fcvenli\u011fini temin etmek i\u00e7in 27 farkl\u0131 ilde deprem b\u00f6lgesinde bar\u0131naklar\u0131 zarar g\u00f6ren \u00e7ift\u00e7ilere destek verdiklerini<\/p>\n","protected":false},"author":3,"featured_media":6969,"comment_status":"open","ping_status":"open","sticky":false,"template":"","format":"standard","meta":{"colormag_page_container_layout":"default_layout","colormag_page_sidebar_layout":"default_layout","footnotes":""},"categories":[3,1,5],"tags":[],"class_list":["post-6968","post","type-post","status-publish","format-standard","has-post-thumbnail","hentry","category-ekonomi","category-genel","category-gundem"],"_links":{"self":[{"href":"https:\/\/marmarayerelhizmet.com\/index.php\/wp-json\/wp\/v2\/posts\/6968","targetHints":{"allow":["GET"]}}],"collection":[{"href":"https:\/\/marmarayerelhizmet.com\/index.php\/wp-json\/wp\/v2\/posts"}],"about":[{"href":"https:\/\/marmarayerelhizmet.com\/index.php\/wp-json\/wp\/v2\/types\/post"}],"author":[{"embeddable":true,"href":"https:\/\/marmarayerelhizmet.com\/index.php\/wp-json\/wp\/v2\/users\/3"}],"replies":[{"embeddable":true,"href":"https:\/\/marmarayerelhizmet.com\/index.php\/wp-json\/wp\/v2\/comments?post=6968"}],"version-history":[{"count":0,"href":"https:\/\/marmarayerelhizmet.com\/index.php\/wp-json\/wp\/v2\/posts\/6968\/revisions"}],"wp:featuredmedia":[{"embeddable":true,"href":"https:\/\/marmarayerelhizmet.com\/index.php\/wp-json\/wp\/v2\/media\/6969"}],"wp:attachment":[{"href":"https:\/\/marmarayerelhizmet.com\/index.php\/wp-json\/wp\/v2\/media?parent=6968"}],"wp:term":[{"taxonomy":"category","embeddable":true,"href":"https:\/\/marmarayerelhizmet.com\/index.php\/wp-json\/wp\/v2\/categories?post=6968"},{"taxonomy":"post_tag","embeddable":true,"href":"https:\/\/marmarayerelhizmet.com\/index.php\/wp-json\/wp\/v2\/tags?post=6968"}],"curies":[{"name":"wp","href":"https:\/\/api.w.org\/{rel}","templated":true}]}}