{"id":6926,"date":"2023-02-11T18:43:31","date_gmt":"2023-02-11T15:43:31","guid":{"rendered":"https:\/\/marmarayerelhizmet.com\/?p=6926"},"modified":"2023-02-19T19:49:11","modified_gmt":"2023-02-19T16:49:11","slug":"sinir-35-yil-sonra-acildi","status":"publish","type":"post","link":"https:\/\/marmarayerelhizmet.com\/index.php\/2023\/02\/11\/sinir-35-yil-sonra-acildi\/","title":{"rendered":"S\u0131n\u0131r 35 Y\u0131l Sonra A\u00e7\u0131ld\u0131"},"content":{"rendered":"<header>\n<h3 class=\"summary\"><span style=\"font-family: arial, helvetica, sans-serif; font-size: 14px;\">I\u011fd\u0131r&#8217;\u0131n Karayonlu il\u00e7esinde bulunan, Ermenistan ile T\u00fcrkiye aras\u0131ndaki Alican S\u0131n\u0131r Kap\u0131s\u0131, Kahramanmara\u015f merkezli depremlerden etkilenen illere yard\u0131m i\u00e7in 35 y\u0131l sonra t\u0131r ge\u00e7i\u015fi i\u00e7in a\u00e7\u0131ld\u0131.<\/span><\/h3>\n<\/header>\n<div class=\"content\">\n<p><span style=\"font-family: arial, helvetica, sans-serif; font-size: 14px;\">Kahramanmara\u015f&#8217;ta meydana gelen ve 10 ili etkileyen depremin ard\u0131ndan afet b\u00f6lgesine \u00fclkelerden de yard\u0131mlar devam ediyor. 1988&#8217;de Sovyetler Birli\u011fi b\u00fcnyesinde bulunan Ermenistan&#8217;\u0131n Spitak b\u00f6lgesinde 7 Aral\u0131k 1988 g\u00fcn\u00fc yerel saatle 11:41&#8217;de (UTC itibar\u0131yla 07:41) 7.2 b\u00fcy\u00fckl\u00fc\u011f\u00fcnde bir deprem meydan gelmi\u015fti. Spitak depremi olarak tarihe ge\u00e7en depremde T\u00fcrk K\u0131z\u0131lay taraf\u0131ndan toplanan yard\u0131mlar\u0131n b\u00f6lgeye g\u00f6nderilmesi i\u00e7in Ermenistan ile T\u00fcrkiye aras\u0131ndaki Alican S\u0131n\u0131r Kap\u0131s\u0131&#8217;ndan t\u0131rlar\u0131n yard\u0131m\u0131 ge\u00e7mi\u015fti. Aradan ge\u00e7en 35 y\u0131l sonra T\u00fcrkiye&#8217;de meydana gelen deprem i\u00e7in Ermenistan kollar\u0131 s\u0131vad\u0131. Afet b\u00f6lgesi i\u00e7in Ermenistan&#8217;da haz\u0131rlanan 5 t\u0131rl\u0131k yard\u0131m malzemesi, Ermenistan heyeti ile Alican K\u00f6pr\u00fcs\u00fc&#8217;ne getirildi. Burada T\u00fcrk heyeti taraf\u0131ndan kar\u015f\u0131lanan Ermenistan t\u0131rlar\u0131, resmi i\u015flemlerin ard\u0131ndan deprem b\u00f6lgesine hareket etti.<\/span><\/p>\n<\/div>\n","protected":false},"excerpt":{"rendered":"<p>I\u011fd\u0131r&#8217;\u0131n Karayonlu il\u00e7esinde bulunan, Ermenistan ile T\u00fcrkiye aras\u0131ndaki Alican S\u0131n\u0131r Kap\u0131s\u0131, Kahramanmara\u015f merkezli depremlerden etkilenen illere yard\u0131m i\u00e7in 35 y\u0131l<\/p>\n","protected":false},"author":3,"featured_media":6927,"comment_status":"open","ping_status":"open","sticky":false,"template":"","format":"standard","meta":{"colormag_page_container_layout":"default_layout","colormag_page_sidebar_layout":"default_layout","footnotes":""},"categories":[1,5,8],"tags":[],"class_list":["post-6926","post","type-post","status-publish","format-standard","has-post-thumbnail","hentry","category-genel","category-gundem","category-siyaset"],"_links":{"self":[{"href":"https:\/\/marmarayerelhizmet.com\/index.php\/wp-json\/wp\/v2\/posts\/6926","targetHints":{"allow":["GET"]}}],"collection":[{"href":"https:\/\/marmarayerelhizmet.com\/index.php\/wp-json\/wp\/v2\/posts"}],"about":[{"href":"https:\/\/marmarayerelhizmet.com\/index.php\/wp-json\/wp\/v2\/types\/post"}],"author":[{"embeddable":true,"href":"https:\/\/marmarayerelhizmet.com\/index.php\/wp-json\/wp\/v2\/users\/3"}],"replies":[{"embeddable":true,"href":"https:\/\/marmarayerelhizmet.com\/index.php\/wp-json\/wp\/v2\/comments?post=6926"}],"version-history":[{"count":0,"href":"https:\/\/marmarayerelhizmet.com\/index.php\/wp-json\/wp\/v2\/posts\/6926\/revisions"}],"wp:featuredmedia":[{"embeddable":true,"href":"https:\/\/marmarayerelhizmet.com\/index.php\/wp-json\/wp\/v2\/media\/6927"}],"wp:attachment":[{"href":"https:\/\/marmarayerelhizmet.com\/index.php\/wp-json\/wp\/v2\/media?parent=6926"}],"wp:term":[{"taxonomy":"category","embeddable":true,"href":"https:\/\/marmarayerelhizmet.com\/index.php\/wp-json\/wp\/v2\/categories?post=6926"},{"taxonomy":"post_tag","embeddable":true,"href":"https:\/\/marmarayerelhizmet.com\/index.php\/wp-json\/wp\/v2\/tags?post=6926"}],"curies":[{"name":"wp","href":"https:\/\/api.w.org\/{rel}","templated":true}]}}