{"id":6906,"date":"2023-02-11T13:34:03","date_gmt":"2023-02-11T10:34:03","guid":{"rendered":"https:\/\/marmarayerelhizmet.com\/?p=6906"},"modified":"2023-02-19T19:50:18","modified_gmt":"2023-02-19T16:50:18","slug":"adak-enkaz-altinda-kaldi","status":"publish","type":"post","link":"https:\/\/marmarayerelhizmet.com\/index.php\/2023\/02\/11\/adak-enkaz-altinda-kaldi\/","title":{"rendered":"ADAK Enkaz Alt\u0131nda Kald\u0131"},"content":{"rendered":"<p><strong><span style=\"font-size: 14px; font-family: arial, helvetica, sans-serif;\">Hatay-K\u0131r\u0131khan Kurtulu\u015f Mahallesi&#8217;ndeki \u00f6\u011fretmenevi enkaz\u0131nda kurtarma \u00e7al\u0131\u015fmas\u0131 yapan Ayval\u0131k Do\u011fal Afetler Arama ve Kurtarma (ADAK) ekibi kurtarma ekibinden birki\u015fi olu\u015fan \u00e7\u00f6kme ile enkaz alt\u0131nda kald\u0131. Kurtarma g\u00f6revlisi arkada\u015flar\u0131n\u0131n \u00e7al\u0131\u015fmas\u0131 ile enkaz alt\u0131ndan kurtar\u0131ld\u0131.<\/span><\/strong><\/p>\n<p><span style=\"font-size: 14px; font-family: arial, helvetica, sans-serif;\">Ayval\u0131k&#8217;tan deprem b\u00f6lgesine giden ADAK Kurtarma Ekibi depremin ilk g\u00fcn\u00fcnden itibaren bir\u00e7ok kurtulu\u015fa imza att\u0131. Ekip son olarak Hatay K\u0131r\u0131khan Kurtulu\u015f Mahallesi&#8217;nde \u00f6\u011fretmen evi enkaz\u0131nda \u00e7al\u0131\u015fma yaparken bir \u00e7\u00f6kme olu\u015ftu. Kurtarma \u00e7al\u0131\u015fmas\u0131 s\u0131ras\u0131nda meydana gelen \u00e7\u00f6kmede Kurtarma Ekibi G\u00f6revlisi Batuhan T\u00fcgen enkaz alt\u0131nda kald\u0131. \u00c7\u00f6kme ve g\u00f6revlinin enkaz alt\u0131nda kalma anlar\u0131 kameraya yans\u0131d\u0131. Enkaz alt\u0131nda kalan kurtarma g\u00f6revlisi ekip arkada\u015flar\u0131 taraf\u0131ndan k\u0131sa s\u00fcrede kurtar\u0131ld\u0131. Kurtarma G\u00f6revlisi Batuhan T\u00fcgen\u2019in sa\u011fl\u0131k durumunun iyi oldu\u011fu ve kurtarma \u00e7al\u0131\u015fmalar\u0131na devam etti\u011fi \u00f6\u011frenildi.<\/span><\/p>\n","protected":false},"excerpt":{"rendered":"<p>Hatay-K\u0131r\u0131khan Kurtulu\u015f Mahallesi&#8217;ndeki \u00f6\u011fretmenevi enkaz\u0131nda kurtarma \u00e7al\u0131\u015fmas\u0131 yapan Ayval\u0131k Do\u011fal Afetler Arama ve Kurtarma (ADAK) ekibi kurtarma ekibinden birki\u015fi olu\u015fan<\/p>\n","protected":false},"author":3,"featured_media":6907,"comment_status":"open","ping_status":"open","sticky":false,"template":"","format":"standard","meta":{"colormag_page_container_layout":"default_layout","colormag_page_sidebar_layout":"default_layout","footnotes":""},"categories":[1,5],"tags":[],"class_list":["post-6906","post","type-post","status-publish","format-standard","has-post-thumbnail","hentry","category-genel","category-gundem"],"_links":{"self":[{"href":"https:\/\/marmarayerelhizmet.com\/index.php\/wp-json\/wp\/v2\/posts\/6906","targetHints":{"allow":["GET"]}}],"collection":[{"href":"https:\/\/marmarayerelhizmet.com\/index.php\/wp-json\/wp\/v2\/posts"}],"about":[{"href":"https:\/\/marmarayerelhizmet.com\/index.php\/wp-json\/wp\/v2\/types\/post"}],"author":[{"embeddable":true,"href":"https:\/\/marmarayerelhizmet.com\/index.php\/wp-json\/wp\/v2\/users\/3"}],"replies":[{"embeddable":true,"href":"https:\/\/marmarayerelhizmet.com\/index.php\/wp-json\/wp\/v2\/comments?post=6906"}],"version-history":[{"count":0,"href":"https:\/\/marmarayerelhizmet.com\/index.php\/wp-json\/wp\/v2\/posts\/6906\/revisions"}],"wp:featuredmedia":[{"embeddable":true,"href":"https:\/\/marmarayerelhizmet.com\/index.php\/wp-json\/wp\/v2\/media\/6907"}],"wp:attachment":[{"href":"https:\/\/marmarayerelhizmet.com\/index.php\/wp-json\/wp\/v2\/media?parent=6906"}],"wp:term":[{"taxonomy":"category","embeddable":true,"href":"https:\/\/marmarayerelhizmet.com\/index.php\/wp-json\/wp\/v2\/categories?post=6906"},{"taxonomy":"post_tag","embeddable":true,"href":"https:\/\/marmarayerelhizmet.com\/index.php\/wp-json\/wp\/v2\/tags?post=6906"}],"curies":[{"name":"wp","href":"https:\/\/api.w.org\/{rel}","templated":true}]}}