{"id":6883,"date":"2023-02-13T00:02:33","date_gmt":"2023-02-12T21:02:33","guid":{"rendered":"https:\/\/marmarayerelhizmet.com\/?p=6883"},"modified":"2023-02-19T19:46:31","modified_gmt":"2023-02-19T16:46:31","slug":"karesi-calismalarini-surduruyor","status":"publish","type":"post","link":"https:\/\/marmarayerelhizmet.com\/index.php\/2023\/02\/13\/karesi-calismalarini-surduruyor\/","title":{"rendered":"Karesi \u00c7al\u0131\u015fmalar\u0131n\u0131 S\u00fcrd\u00fcr\u00fcyor"},"content":{"rendered":"<p><strong><span style=\"font-size: 14px; font-family: arial, helvetica, sans-serif;\">T\u00fcrkiye\u2019yi etkileyen \u015fiddetli depremler sonras\u0131 AFAD koordinesinde Hatay\u2019da \u00e7al\u0131\u015fmalar\u0131n\u0131 s\u00fcrd\u00fcren Karesi Belediyesi arama kurtarma timi \u00e7al\u0131\u015fmalar\u0131n\u0131 aral\u0131ks\u0131z s\u00fcrd\u00fcr\u00fcyor.<br \/>\n<\/span><\/strong><br \/>\n<span style=\"font-size: 14px; font-family: arial, helvetica, sans-serif;\">T\u00fcrkiye\u2019nin g\u00fcney do\u011fusunu etkileyen \u015fiddetli depremin ard\u0131ndan b\u00f6lgeye hareket eden Karesi Belediyesi e\u011fitimli 10 personel ile b\u00f6lgede \u00e7al\u0131\u015fmalar\u0131n\u0131 s\u00fcrd\u00fcr\u00fcyor. Karesi Belediye Ba\u015fkan\u0131 Din\u00e7er Orkan\u2019\u0131n talimat\u0131 ile deprem b\u00f6lgesindeki afet seferberli\u011fine destek olan arama kurtarma ekibi, Afet ve Acil Durum Y\u00f6netimi Ba\u015fkanl\u0131\u011f\u0131 (AFAD) koordinesinde \u00e7al\u0131\u015fmalar\u0131n\u0131 s\u00fcrd\u00fcr\u00fcyor.<\/span><br \/>\n<span style=\"font-size: 14px; font-family: arial, helvetica, sans-serif;\">10 ili etkisi alt\u0131na alan depremlerin ard\u0131ndan t\u00fcm imk\u00e2nlar\u0131n\u0131 b\u00f6lge i\u00e7in seferber ettiklerini belirten Belediye Ba\u015fkan\u0131 Orkan, \u201cDualar\u0131m\u0131z deprem b\u00f6lgesindeki vatanda\u015flar\u0131m\u0131zla. Karesililer olarak bu zor g\u00fcnlerde vatanda\u015flar\u0131m\u0131z\u0131n yan\u0131nda olmaya yaralar\u0131m\u0131z\u0131 hep birlikte sarmak i\u00e7in gayret g\u00f6stermeye devam edece\u011fiz\u201d dedi.<br \/>\n<\/span><br \/>\n<span style=\"font-size: 14px;\"><strong><span style=\"font-family: arial, helvetica, sans-serif;\">Bal\u0131kesirliler yard\u0131m i\u00e7in seferber<\/span><\/strong><\/span><br \/>\n<span style=\"font-size: 14px; font-family: arial, helvetica, sans-serif;\">Kahramanmara\u015f\u2019\u0131n Pazarc\u0131k ve Elbistan il\u00e7eleri merkezli meydana gelen depremlerin ard\u0131ndan b\u00f6lge i\u00e7in seferberlik ilan edildi. Bal\u0131kesirlilerde deprem b\u00f6lgesine ula\u015ft\u0131rmak istedikleri yard\u0131m malzemelerini belirlenen toplama alanlar\u0131 olan BM 75. Y\u0131l Gen\u00e7lik Merkezi ve Kurtdereli Spor Salonuna teslim ediyor. Karesi Belediyesi Zab\u0131ta M\u00fcd\u00fcrl\u00fc\u011f\u00fc ekipleri de hava muhalefeti nedeniyle yard\u0131mlar\u0131n\u0131 g\u00f6t\u00fcremeyen vatanda\u015flarla, merkez aras\u0131nda k\u00f6pr\u00fc g\u00f6revi g\u00f6r\u00fcyor. Gerek muhtarl\u0131klara b\u0131rak\u0131lan, gerekse de vatanda\u015flar\u0131n talepleri ile evlere giden ekipler yard\u0131m malzemelerini teslim alarak merkezlere ula\u015ft\u0131r\u0131yor. Ekipler yo\u011fun yard\u0131m taleplerine kimi zaman yeti\u015fmekte zorlan\u0131yor.<\/span><\/p>\n","protected":false},"excerpt":{"rendered":"<p>T\u00fcrkiye\u2019yi etkileyen \u015fiddetli depremler sonras\u0131 AFAD koordinesinde Hatay\u2019da \u00e7al\u0131\u015fmalar\u0131n\u0131 s\u00fcrd\u00fcren Karesi Belediyesi arama kurtarma timi \u00e7al\u0131\u015fmalar\u0131n\u0131 aral\u0131ks\u0131z s\u00fcrd\u00fcr\u00fcyor. T\u00fcrkiye\u2019nin g\u00fcney<\/p>\n","protected":false},"author":3,"featured_media":6884,"comment_status":"open","ping_status":"open","sticky":false,"template":"","format":"standard","meta":{"colormag_page_container_layout":"default_layout","colormag_page_sidebar_layout":"default_layout","footnotes":""},"categories":[1,5,8],"tags":[],"class_list":["post-6883","post","type-post","status-publish","format-standard","has-post-thumbnail","hentry","category-genel","category-gundem","category-siyaset"],"_links":{"self":[{"href":"https:\/\/marmarayerelhizmet.com\/index.php\/wp-json\/wp\/v2\/posts\/6883","targetHints":{"allow":["GET"]}}],"collection":[{"href":"https:\/\/marmarayerelhizmet.com\/index.php\/wp-json\/wp\/v2\/posts"}],"about":[{"href":"https:\/\/marmarayerelhizmet.com\/index.php\/wp-json\/wp\/v2\/types\/post"}],"author":[{"embeddable":true,"href":"https:\/\/marmarayerelhizmet.com\/index.php\/wp-json\/wp\/v2\/users\/3"}],"replies":[{"embeddable":true,"href":"https:\/\/marmarayerelhizmet.com\/index.php\/wp-json\/wp\/v2\/comments?post=6883"}],"version-history":[{"count":0,"href":"https:\/\/marmarayerelhizmet.com\/index.php\/wp-json\/wp\/v2\/posts\/6883\/revisions"}],"wp:featuredmedia":[{"embeddable":true,"href":"https:\/\/marmarayerelhizmet.com\/index.php\/wp-json\/wp\/v2\/media\/6884"}],"wp:attachment":[{"href":"https:\/\/marmarayerelhizmet.com\/index.php\/wp-json\/wp\/v2\/media?parent=6883"}],"wp:term":[{"taxonomy":"category","embeddable":true,"href":"https:\/\/marmarayerelhizmet.com\/index.php\/wp-json\/wp\/v2\/categories?post=6883"},{"taxonomy":"post_tag","embeddable":true,"href":"https:\/\/marmarayerelhizmet.com\/index.php\/wp-json\/wp\/v2\/tags?post=6883"}],"curies":[{"name":"wp","href":"https:\/\/api.w.org\/{rel}","templated":true}]}}