{"id":6834,"date":"2023-02-11T00:06:24","date_gmt":"2023-02-10T21:06:24","guid":{"rendered":"https:\/\/marmarayerelhizmet.com\/?p=6834"},"modified":"2023-02-19T19:50:45","modified_gmt":"2023-02-19T16:50:45","slug":"kareside-karla-mucadele-calismalari-suruyor","status":"publish","type":"post","link":"https:\/\/marmarayerelhizmet.com\/index.php\/2023\/02\/11\/kareside-karla-mucadele-calismalari-suruyor\/","title":{"rendered":"Karesi&#8217;de Karla M\u00fccadele \u00c7al\u0131\u015fmalar\u0131 s\u00fcr\u00fcyor"},"content":{"rendered":"<p><strong><span style=\"font-size: 14px; font-family: arial, helvetica, sans-serif;\">Yo\u011fun kar ya\u011f\u0131\u015f\u0131 i\u00e7in g\u00fcnler \u00f6ncesi haz\u0131rl\u0131klar\u0131n\u0131 tamamlayan Karesi Belediyesi ekipleri ya\u011f\u0131\u015f\u0131n ba\u015flamas\u0131 ile birlikte karla m\u00fccadele \u00e7al\u0131\u015fmalar\u0131n\u0131 s\u00fcrd\u00fcr\u00fcyor. Ekipler evlerinden \u00e7\u0131kamayan ya\u015fl\u0131 vatanda\u015flara erzak, sokak hayvanlar\u0131na ise mama da\u011f\u0131t\u0131m\u0131n\u0131 s\u0131kla\u015ft\u0131rd\u0131.<br \/>\n<\/span><\/strong><br \/>\n<span style=\"font-size: 14px; font-family: arial, helvetica, sans-serif;\">T\u00fcrkiye\u2019nin b\u00fcy\u00fck b\u00f6l\u00fcm\u00fc ve Bal\u0131kesir\u2019i etkisi alt\u0131na alan kar ya\u011f\u0131\u015f\u0131 \u00f6ncesi Karesi Belediyesi Fen \u0130\u015fleri M\u00fcd\u00fcrl\u00fc\u011f\u00fc ekipleri haz\u0131rl\u0131klar\u0131n\u0131 yapt\u0131. Karla m\u00fccadele ekiplerinin kar ya\u011f\u0131\u015f\u0131n\u0131n ard\u0131ndan ba\u015flatt\u0131\u011f\u0131 \u00e7al\u0131\u015fmalar 24 saat esas\u0131na g\u00f6re s\u00fcr\u00fcyor. Belediye ekipleri, ya\u011f\u0131\u015f s\u00fcresince Karesi&#8217;de kar ve buzlanma ile m\u00fccadele etmeye devam edecek.<br \/>\n<\/span><br \/>\n<span style=\"font-size: 14px;\"><strong><span style=\"font-family: arial, helvetica, sans-serif;\">Ekipler 24 saat g\u00f6revde<\/span><\/strong><\/span><br \/>\n<span style=\"font-size: 14px; font-family: arial, helvetica, sans-serif;\">Karla m\u00fccadele dahilinde k\u0131rsal mahalle yollar\u0131 i\u00e7in belirlenen g\u00fczergahlarda 4 greyder, 2 adet loader 24 saat \u00e7al\u0131\u015f\u0131yor. Bunun yan\u0131nda \u015fehri\u00e7i karla m\u00fccadele \u00e7al\u0131\u015fmalar\u0131 ise 4 greyder, 2 loader, 5 kaz\u0131c\u0131 y\u00fckleyici, 1 tuzlama robotu, 6 transit \u00fczeri elle tuzlama arac\u0131 aktif olarak \u00e7al\u0131\u015f\u0131yor. Fen \u0130\u015fleri M\u00fcd\u00fcrl\u00fc\u011f\u00fc ekiplerinin karla m\u00fccadele \u00e7al\u0131\u015fmalar\u0131na Park ve Bah\u00e7eler M\u00fcd\u00fcrl\u00fc\u011f\u00fc personeli de takviye edilirken, toplamda 200\u2019e yak\u0131n Karesi Belediyesi personeli \u00e7al\u0131\u015fmalar\u0131n\u0131 kesintisiz s\u00fcrd\u00fcr\u00fcyor.<\/span><br \/>\n<span style=\"font-size: 14px; font-family: arial, helvetica, sans-serif;\">Bunlar\u0131n yan\u0131nda k\u0131rsal mahalle yollar\u0131ndaki \u00e7al\u0131\u015fmalarda Bal\u0131kesir B\u00fcy\u00fck\u015fehir Belediyesi ekipman ve ekipleri de destek veriyor. K\u0131rsal mahalle yollar\u0131nda anl\u0131k kapanmalar olsa da ekipler yollar\u0131 yar\u0131m saat gibi k\u0131sa bir s\u00fcrede a\u00e7arak yeniden kullan\u0131ma sunuyor. Karesi Belediyesi ay\u0131ca yolda kalan vatanda\u015flar i\u00e7in kurtarma hizmeti i\u00e7inde bir ekibini haz\u0131rda tutuyor.<br \/>\n<\/span><br \/>\n<span style=\"font-size: 14px;\"><strong><span style=\"font-family: arial, helvetica, sans-serif;\">Kar k\u00fcreme ve tuzlama \u00e7al\u0131\u015fmas\u0131 yap\u0131l\u0131yor<\/span><\/strong><\/span><br \/>\n<span style=\"font-size: 14px; font-family: arial, helvetica, sans-serif;\">Yollar\u0131n kapanmamas\u0131, kayma ve buzlanman\u0131n olu\u015fmamas\u0131 i\u00e7in 24 saat g\u00f6rev yapan kar timi, ana arterler ba\u015fta olmak \u00fczere k\u00f6y yollar\u0131nda da gece boyunca \u00e7al\u0131\u015ft\u0131. Yaya g\u00fcvenli\u011fini sa\u011flayacak tedbirleri de alan ekipler, buzlanmadan dolay\u0131 olu\u015fabilecek tehlikelerin \u00f6n\u00fcne ge\u00e7mek, ula\u015f\u0131m ve g\u00fcnl\u00fck ya\u015fam\u0131n aksamamas\u0131 noktas\u0131nda ya\u011f\u0131\u015f\u0131n ba\u015flad\u0131\u011f\u0131 saatlerden itibaren vatanda\u015flar\u0131n yo\u011fun olarak kulland\u0131\u011f\u0131 noktalarda da kar k\u00fcreme ve tuzlama \u00e7al\u0131\u015fmas\u0131 yapt\u0131.<\/span><br \/>\n<span style=\"font-size: 14px; font-family: arial, helvetica, sans-serif;\">Ekipler ayr\u0131ca buzlanma ve kaymaya kar\u015f\u0131 vatanda\u015flar\u0131n yo\u011fun olarak kulland\u0131\u011f\u0131 cadde ve sokaklarda tuzlama \u00e7al\u0131\u015fma yapt\u0131. Belediye yetkilileri vatanda\u015flar\u0131n ya\u011f\u0131\u015f boyunca ya\u015fanacak olumsuz durumlar\u0131 Karesi Belediyesi&#8217;nin 444 99 10 numaral\u0131 \u00c7a\u011fr\u0131 Merkezi&#8217;ne iletmelerini istedi. Karesi Belediyesi, vatanda\u015flar\u0131 kar ya\u011f\u0131\u015f\u0131n\u0131n yo\u011fun oldu\u011fu durumlarda toplu ta\u015f\u0131ma vas\u0131talar\u0131n\u0131 kullanmalar\u0131, zorunlu olmad\u0131k\u00e7a \u00f6zel ara\u00e7lar\u0131yla trafi\u011fe \u00e7\u0131kmamalar\u0131 konusunda uyard\u0131.<br \/>\n<\/span><br \/>\n<span style=\"font-size: 14px;\"><strong><span style=\"font-family: arial, helvetica, sans-serif;\">Evden \u00e7\u0131kamayan ya\u015fl\u0131lara erzak paketi<\/span><\/strong><\/span><br \/>\n<span style=\"font-size: 14px; font-family: arial, helvetica, sans-serif;\">Karesi Belediyesi yo\u011fun kar ya\u011f\u0131\u015f\u0131 ve buzlanma nedeniyle evlerinde \u00e7\u0131kamayan ya\u015fl\u0131lara da talepleri ile erzak yard\u0131m\u0131nda bulunuyor. Ekipler 444 99 10 numaral\u0131 \u00c7a\u011fr\u0131 Merkezi yada muhtarl\u0131klar arac\u0131l\u0131\u011f\u0131yla ula\u015fan vatanda\u015flara zeytin, peynir, ekmek ve sudan olu\u015fan erzak paketleri ula\u015ft\u0131r\u0131yor.<br \/>\n<\/span><br \/>\n<span style=\"font-size: 14px;\"><strong><span style=\"font-family: arial, helvetica, sans-serif;\">Sokak hayvanlar\u0131 unutulmad\u0131<\/span><\/strong><\/span><br \/>\n<span style=\"font-size: 14px; font-family: arial, helvetica, sans-serif;\">Karesi Belediyesi so\u011fuk k\u0131\u015f aylar\u0131nda sokak hayvanlar\u0131n\u0131 unutmuyor. Belediye ekipleri, yemek bulamayan sokak hayvanlar\u0131 i\u00e7in mama da\u011f\u0131t\u0131mlar\u0131n\u0131 s\u0131kla\u015ft\u0131rd\u0131. Sokak hayvanlar\u0131n\u0131n taze mama ve temiz su ile bulu\u015fmas\u0131 sa\u011flayan Karesi Belediyesi, &#8216;Kap\u0131m\u0131z\u0131n \u00f6n\u00fcnde bir kap yemek bulundural\u0131m&#8217; slogan\u0131yla yola \u00e7\u0131karak hayvanlar\u0131n so\u011fuk k\u0131\u015f g\u00fcnlerinde a\u00e7 kalmalar\u0131n\u0131 engelliyor.<\/span><br \/>\n<span style=\"font-size: 14px; font-family: arial, helvetica, sans-serif;\">\u00d6zellikle hava \u015fartlar\u0131n\u0131n sokak hayvanlar\u0131n\u0131 zorlad\u0131\u011f\u0131 k\u0131\u015f aylar\u0131nda Karesi Belediyesi taraf\u0131ndan belirlenen beslenme noktalar\u0131na sokak hayvanlar\u0131 i\u00e7in kuru mama b\u0131rak\u0131l\u0131yor. Karesi Belediyesi yetkilileri, Karesi \u0130l\u00e7esi&#8217;nde ya\u015fayan herkesi evlerinin \u00f6nlerine so\u011fuk k\u0131\u015f g\u00fcnlerinde bir kap su ve bir miktar yiyecek b\u0131rakmaya davet ediyor.<\/span><\/p>\n","protected":false},"excerpt":{"rendered":"<p>Yo\u011fun kar ya\u011f\u0131\u015f\u0131 i\u00e7in g\u00fcnler \u00f6ncesi haz\u0131rl\u0131klar\u0131n\u0131 tamamlayan Karesi Belediyesi ekipleri ya\u011f\u0131\u015f\u0131n ba\u015flamas\u0131 ile birlikte karla m\u00fccadele \u00e7al\u0131\u015fmalar\u0131n\u0131 s\u00fcrd\u00fcr\u00fcyor. Ekipler<\/p>\n","protected":false},"author":3,"featured_media":6835,"comment_status":"open","ping_status":"open","sticky":false,"template":"","format":"standard","meta":{"colormag_page_container_layout":"default_layout","colormag_page_sidebar_layout":"default_layout","footnotes":""},"categories":[1,5,8],"tags":[],"class_list":["post-6834","post","type-post","status-publish","format-standard","has-post-thumbnail","hentry","category-genel","category-gundem","category-siyaset"],"_links":{"self":[{"href":"https:\/\/marmarayerelhizmet.com\/index.php\/wp-json\/wp\/v2\/posts\/6834","targetHints":{"allow":["GET"]}}],"collection":[{"href":"https:\/\/marmarayerelhizmet.com\/index.php\/wp-json\/wp\/v2\/posts"}],"about":[{"href":"https:\/\/marmarayerelhizmet.com\/index.php\/wp-json\/wp\/v2\/types\/post"}],"author":[{"embeddable":true,"href":"https:\/\/marmarayerelhizmet.com\/index.php\/wp-json\/wp\/v2\/users\/3"}],"replies":[{"embeddable":true,"href":"https:\/\/marmarayerelhizmet.com\/index.php\/wp-json\/wp\/v2\/comments?post=6834"}],"version-history":[{"count":0,"href":"https:\/\/marmarayerelhizmet.com\/index.php\/wp-json\/wp\/v2\/posts\/6834\/revisions"}],"wp:featuredmedia":[{"embeddable":true,"href":"https:\/\/marmarayerelhizmet.com\/index.php\/wp-json\/wp\/v2\/media\/6835"}],"wp:attachment":[{"href":"https:\/\/marmarayerelhizmet.com\/index.php\/wp-json\/wp\/v2\/media?parent=6834"}],"wp:term":[{"taxonomy":"category","embeddable":true,"href":"https:\/\/marmarayerelhizmet.com\/index.php\/wp-json\/wp\/v2\/categories?post=6834"},{"taxonomy":"post_tag","embeddable":true,"href":"https:\/\/marmarayerelhizmet.com\/index.php\/wp-json\/wp\/v2\/tags?post=6834"}],"curies":[{"name":"wp","href":"https:\/\/api.w.org\/{rel}","templated":true}]}}