{"id":6721,"date":"2023-02-06T12:36:38","date_gmt":"2023-02-06T09:36:38","guid":{"rendered":"https:\/\/marmarayerelhizmet.com\/?p=6721"},"modified":"2023-02-19T20:02:54","modified_gmt":"2023-02-19T17:02:54","slug":"spor-organizasyonlari-durduruldu","status":"publish","type":"post","link":"https:\/\/marmarayerelhizmet.com\/index.php\/2023\/02\/06\/spor-organizasyonlari-durduruldu\/","title":{"rendered":"Spor Organizasyonlar\u0131 Durduruldu"},"content":{"rendered":"<p class=\"detail__spot\"><strong><span style=\"font-size: 14px; font-family: arial, helvetica, sans-serif;\">Gen\u00e7lik ve Spor Bakan\u0131 Mehmet Muharrem Kasapo\u011flu, &#8220;\u00dclkemizde yap\u0131lacak t\u00fcm ulusal spor organizasyonlar\u0131 ikinci bir a\u00e7\u0131klamaya kadar durdurulmu\u015ftur&#8221; a\u00e7\u0131klamas\u0131n\u0131 yapt\u0131.<\/span><\/strong><\/p>\n<div class=\"category-line\">\n<p><span style=\"font-size: 14px; font-family: arial, helvetica, sans-serif;\">Gen\u00e7lik ve Spor Bakan\u0131 Mehmet Muharrem Kasapo\u011flu, merkez \u00fcss\u00fc Kahramanmara\u015f&#8217;\u0131n Pazarc\u0131k il\u00e7esi olan ve toplamda 10 ili etkileyen 7,4 b\u00fcy\u00fckl\u00fc\u011f\u00fcndeki deprem t\u00fcm ulusal spor organizasyonlar\u0131n\u0131n ikinci bir duyuruya kadar durduruldu\u011funu a\u00e7\u0131klad\u0131.<\/span><\/p>\n<div id=\"feedbannerslot2\" data-google-query-id=\"CIS_w-PLgP0CFdziuwgdmc8KHQ\">\n<p><span style=\"font-size: 14px; font-family: arial, helvetica, sans-serif;\">Kasapo\u011flu, Twitter hesab\u0131ndan yapt\u0131\u011f\u0131 a\u00e7\u0131klamada, &#8220;\u00dclkemizde yap\u0131lacak t\u00fcm ulusal spor organizasyonlar\u0131 ikinci bir a\u00e7\u0131klamaya kadar durdurulmu\u015ftur&#8221; dedi.<\/span><\/p>\n<p><span style=\"font-size: 14px; font-family: arial, helvetica, sans-serif;\">Bakan Kasapo\u011flu, &#8220;\u0130lgili t\u00fcm birimlerimiz AFAD koordinasyonunda teyakkuz halindedir. Aziz milletimize bir kez daha ge\u00e7mi\u015f olsun dileklerimi iletiyorum&#8221; ifadelerini kulland\u0131.<\/span><\/p>\n<\/div>\n<\/div>\n","protected":false},"excerpt":{"rendered":"<p>Gen\u00e7lik ve Spor Bakan\u0131 Mehmet Muharrem Kasapo\u011flu, &#8220;\u00dclkemizde yap\u0131lacak t\u00fcm ulusal spor organizasyonlar\u0131 ikinci bir a\u00e7\u0131klamaya kadar durdurulmu\u015ftur&#8221; a\u00e7\u0131klamas\u0131n\u0131 yapt\u0131.<\/p>\n","protected":false},"author":3,"featured_media":6722,"comment_status":"open","ping_status":"open","sticky":false,"template":"","format":"standard","meta":{"colormag_page_container_layout":"default_layout","colormag_page_sidebar_layout":"default_layout","footnotes":""},"categories":[1,5,9],"tags":[],"class_list":["post-6721","post","type-post","status-publish","format-standard","has-post-thumbnail","hentry","category-genel","category-gundem","category-spor"],"_links":{"self":[{"href":"https:\/\/marmarayerelhizmet.com\/index.php\/wp-json\/wp\/v2\/posts\/6721","targetHints":{"allow":["GET"]}}],"collection":[{"href":"https:\/\/marmarayerelhizmet.com\/index.php\/wp-json\/wp\/v2\/posts"}],"about":[{"href":"https:\/\/marmarayerelhizmet.com\/index.php\/wp-json\/wp\/v2\/types\/post"}],"author":[{"embeddable":true,"href":"https:\/\/marmarayerelhizmet.com\/index.php\/wp-json\/wp\/v2\/users\/3"}],"replies":[{"embeddable":true,"href":"https:\/\/marmarayerelhizmet.com\/index.php\/wp-json\/wp\/v2\/comments?post=6721"}],"version-history":[{"count":0,"href":"https:\/\/marmarayerelhizmet.com\/index.php\/wp-json\/wp\/v2\/posts\/6721\/revisions"}],"wp:featuredmedia":[{"embeddable":true,"href":"https:\/\/marmarayerelhizmet.com\/index.php\/wp-json\/wp\/v2\/media\/6722"}],"wp:attachment":[{"href":"https:\/\/marmarayerelhizmet.com\/index.php\/wp-json\/wp\/v2\/media?parent=6721"}],"wp:term":[{"taxonomy":"category","embeddable":true,"href":"https:\/\/marmarayerelhizmet.com\/index.php\/wp-json\/wp\/v2\/categories?post=6721"},{"taxonomy":"post_tag","embeddable":true,"href":"https:\/\/marmarayerelhizmet.com\/index.php\/wp-json\/wp\/v2\/tags?post=6721"}],"curies":[{"name":"wp","href":"https:\/\/api.w.org\/{rel}","templated":true}]}}