{"id":6718,"date":"2023-02-06T12:33:16","date_gmt":"2023-02-06T09:33:16","guid":{"rendered":"https:\/\/marmarayerelhizmet.com\/?p=6718"},"modified":"2023-02-19T20:03:04","modified_gmt":"2023-02-19T17:03:04","slug":"okullarimiz-10-ilimizde-bir-hafta-tatil","status":"publish","type":"post","link":"https:\/\/marmarayerelhizmet.com\/index.php\/2023\/02\/06\/okullarimiz-10-ilimizde-bir-hafta-tatil\/","title":{"rendered":"&#8216;Okullar\u0131m\u0131z 10 \u0130limizde Bir Hafta Tatil&#8217;"},"content":{"rendered":"<div class=\"news-content__inf\">\n<header>\n<p class=\"summary\"><strong><span style=\"font-family: arial, helvetica, sans-serif; font-size: 14px;\">Milli E\u011fitim Bakan\u0131 Mahmut \u00d6zer, Kahramanmara\u015f merkezli 7,4 depreme ili\u015fkin olarak, \u201cKahramanmara\u015f, Hatay, Ad\u0131yaman ve Malatya illerimizde bug\u00fcn itibar\u0131yla e\u011fitim \u00f6\u011fretime iki hafta ara veriyoruz. Diyarbak\u0131r, \u015eanl\u0131urfa, Adana, Osmaniye, Gaziantep ve Kilis illerimizde de sadece e\u011fitim \u00f6\u011fretime bir hafta ara verece\u011fiz\u201d dedi.<\/span><\/strong><\/p>\n<\/header>\n<div class=\"contenttitlebar video\">\n<p><span style=\"font-family: arial, helvetica, sans-serif; font-size: 14px;\">Bakan \u00d6zer, Malatya Valilik Kriz Merkezinde a\u00e7\u0131klamalarda bulundu. 10 ili etkileyen \u015fiddetli bir deprem ya\u015fand\u0131\u011f\u0131n\u0131 s\u00f6yleyen Bakan \u00d6zer, hayat\u0131n\u0131 kaybedenlere Allah&#8217;tan rahmet, yaral\u0131lara acil \u015fifalar diledi. Malatya&#8217;da ger\u00e7ekle\u015ftirilen koordinasyon toplant\u0131s\u0131n\u0131n devam etti\u011fi bilgisini payla\u015fan Milli E\u011fitim Bakan\u0131 Mahmut \u00d6zer, \u201cAllah&#8217;a \u015f\u00fck\u00fcr, \u015fu ana kadar okullar\u0131m\u0131zdan hi\u00e7bir olumsuz haber almad\u0131k. Pansiyonlarda kalan \u00f6\u011frencilerimiz ve \u00f6\u011fretmenlerimizle ilgili bir yaralanma veya \u00f6l\u00fcm hadisesi ger\u00e7ekle\u015fmedi&#8221; diye konu\u015ftu.<\/span><br \/>\n<span style=\"font-family: arial, helvetica, sans-serif; font-size: 14px;\">Sadece \u015eanl\u0131urfa ve Osmaniye&#8217;de birer k\u00f6y okulunun y\u0131k\u0131ld\u0131\u011f\u0131n\u0131 kaydeden \u00d6zer, Pozant\u0131&#8217;da da bir pansiyonun hasar ald\u0131\u011f\u0131 bilgisini verdi.<\/span><\/p>\n<p><span style=\"font-family: arial, helvetica, sans-serif; font-size: 14px;\"><strong>&#8220;Yerlerimiz 10 ilimizin tamam\u0131nda vatanda\u015flar\u0131m\u0131z\u0131n hizmetine a\u00e7\u0131ld\u0131&#8221;<\/strong><\/span><\/p>\n<p><span style=\"font-family: arial, helvetica, sans-serif; font-size: 14px;\">Kurtarma \u00e7al\u0131\u015fmalar\u0131na ek olarak s\u00fcreci sa\u011fl\u0131kl\u0131 bir \u015fekilde y\u00fcr\u00fctmek i\u00e7in vatanda\u015flar\u0131n acil ihtiya\u00e7lar\u0131n\u0131 kar\u015f\u0131laman\u0131n da \u00e7ok k\u0131ymetli oldu\u011funu belirten Bakan \u00d6zer, \u201cBu ba\u011flamda bizim t\u00fcm \u00f6\u011fretmenevlerimiz, uygulama otellerimiz, kapal\u0131 spor salonlar\u0131m\u0131z ve okullar\u0131m\u0131z 10 ilimizin tamam\u0131nda vatanda\u015flar\u0131m\u0131z\u0131n hizmetine a\u00e7\u0131ld\u0131. \u00d6zellikle uygulama otellerimizde ve \u00f6\u011fretmenevlerimizde vatanda\u015flar\u0131m\u0131za s\u0131cak yemek iletiliyor. Yine \u0130\u00e7i\u015fleri Bakanl\u0131\u011f\u0131m\u0131zla birlikte organize etmi\u015f oldu\u011fumuz 81 ilimizdeki Milli E\u011fitim Bakanl\u0131\u011f\u0131 Arama ve Kurtarma Birimleri de bu 10 ilimize hareket etti&#8221; ifadelerini kulland\u0131.<\/span><\/p>\n<p><span style=\"font-family: arial, helvetica, sans-serif; font-size: 14px;\"><strong>&#8220;T\u00fcm okullar\u0131m\u0131zda \u015fu an itibar\u0131yla herhangi bir problem yok&#8221;<\/strong><\/span><\/p>\n<p><span style=\"font-family: arial, helvetica, sans-serif; font-size: 14px;\">Bakanl\u0131\u011f\u0131n psikolojik destek sa\u011flayacak t\u00fcm ekiplerinin de vatanda\u015flar\u0131n yard\u0131m\u0131na ko\u015ftu\u011fu bilgisini de veren \u00d6zer, \u201cK\u0131saca t\u00fcm okullar\u0131m\u0131zda \u015fu an itibar\u0131yla herhangi bir problem yok. \u0130n\u015fallah, h\u0131zl\u0131 bir \u015fekilde yaralar\u0131m\u0131z\u0131 sararak \u00f6zellikle az hasarl\u0131 okullar\u0131m\u0131z\u0131 h\u0131zl\u0131 bir \u015fekilde onar\u0131p tekrar e\u011fitim ve \u00f6\u011fretim hizmetine devam ettirece\u011fiz. Yine bu illerdeki \u00f6\u011fretmenlerimiz, \u00f6\u011frencilerimiz ve idari personelle ilgili di\u011fer illerde merakta olan akrabalar\u0131 i\u00e7in MEB\u0130M acil \u00e7a\u011fr\u0131 merkezi yani 444 0 632 numaral\u0131 kriz masas\u0131 ileti\u015fim merkezi de t\u00fcm vatanda\u015flar\u0131m\u0131za hizmetine vermeye ba\u015flad\u0131&#8221; dedi.<\/span><\/p>\n<p><span style=\"font-family: arial, helvetica, sans-serif; font-size: 14px;\"><strong>E\u011fitim \u00f6\u011fretime Kahramanmara\u015f, Hatay, Ad\u0131yaman ve Malatya&#8217;da 2 hafta; Diyarbak\u0131r, \u015eanl\u0131urfa, Adana, Osmaniye, Gaziantep ve Kilis&#8217;te 1 hafta ara verildi<\/strong><\/span><\/p>\n<p><span style=\"font-family: arial, helvetica, sans-serif; font-size: 14px;\">10 ilde ikinci d\u00f6nemde e\u011fitim \u00f6\u011fretimin nas\u0131l devam edece\u011fine ili\u015fkin b\u00f6lgedeki t\u00fcm il m\u00fcd\u00fcrleri ve valilerle sabah itibar\u0131yla irtibat kurdu\u011funu aktaran Bakan \u00d6zer, \u015funlar\u0131 kaydetti:<\/span><\/p>\n<p><span style=\"font-family: arial, helvetica, sans-serif; font-size: 14px;\">\u201cBu ba\u011flamda Kahramanmara\u015f, Hatay, Ad\u0131yaman ve Malatya illerimizde bug\u00fcn itibar\u0131yla e\u011fitim \u00f6\u011fretime iki hafta ara veriyoruz. Yine geriye kalan Diyarbak\u0131r, \u015eanl\u0131urfa, Adana, Osmaniye, Gaziantep ve Kilis illerimizde de sadece e\u011fitim \u00f6\u011fretime bir hafta ara verece\u011fiz. Geli\u015fme durumuna g\u00f6re, s\u00fcre\u00e7 i\u00e7inde tekrar de\u011ferlendirerek uzat\u0131p uzatmayaca\u011f\u0131m\u0131za da karar verece\u011fiz. K\u0131saca Milli E\u011fitim Bakanl\u0131\u011f\u0131nda okullar\u0131m\u0131zla ilgili \u015fu an i\u00e7in anormal bir durum yok. Bakanl\u0131k olarak h\u0131zl\u0131 bir \u015fekilde okullar\u0131m\u0131z\u0131 tekrar e\u011fitim \u00f6\u011fretime haz\u0131rlamak i\u00e7in t\u00fcm ekibimiz sahada. Devletimiz t\u00fcm imkanlar\u0131yla sahada. Hem b\u00fct\u00e7e hem insan olarak da her t\u00fcrl\u00fc destek vermek i\u00e7in arkada\u015flar\u0131m\u0131z seferber oldular. Bu, b\u00fcy\u00fck bir ac\u0131; birlik, beraberlik zaman\u0131. \u0130n\u015fallah, h\u0131zl\u0131 bir \u015fekilde devletimizin ve h\u00fck\u00fcmetimizin t\u00fcm kaynaklar\u0131n\u0131 kullanarak bu yaralar\u0131 saraca\u011f\u0131z. Yaral\u0131lar\u0131m\u0131z\u0131 enkazdan kurtarma \u00e7al\u0131\u015fmalar\u0131 devam ediyor. Tekrar ge\u00e7mi\u015f olsun dileklerimi iletmek istiyorum ve hayat\u0131n\u0131 kaybeden t\u00fcm vatanda\u015flar\u0131m\u0131za Allah&#8217;tan rahmet diliyorum.\u201d<\/span><\/p>\n<\/div>\n<\/div>\n<div class=\"news-content readingTime\">\n<div class=\"content\">\n<p class=\"row\"><span style=\"font-family: arial, helvetica, sans-serif; font-size: 14px;\"><b>Okullar Depremzedeler \u0130\u00e7in A\u00e7\u0131k<\/b><\/span><\/p>\n<p class=\"row\"><span style=\"font-family: arial, helvetica, sans-serif; font-size: 14px;\">Depremin ard\u0131ndan okullar da depremzedelere bar\u0131nma i\u00e7in sosyal medya \u00fczerinden \u00e7a\u011fr\u0131 yapt\u0131. Elaz\u0131\u011f \u0130l Milli e\u011fitim M\u00fcd\u00fcrl\u00fc\u011f\u00fc deprem nedeniyle geceyi okul ve kurumlar\u0131m\u0131zda ge\u00e7irenlere rehber \u00f6\u011fretmenlerimiz taraf\u0131ndan psikososyal destek sa\u011fland\u0131\u011f\u0131n\u0131 duyurdu.<\/span><\/p>\n<\/div>\n<p><span style=\"font-family: arial, helvetica, sans-serif; font-size: 14px;\">Diyarbak\u0131r\u2019\u0131n \u00c7\u00fcng\u00fc\u015f il\u00e7esi Kaymakam\u0131 Tuncay Kald\u0131r\u0131m da \u201cDeprem ve kar sebebiyle, vatanda\u015flar\u0131m\u0131z\u0131n, \u00f6\u011frencilerimizin ve \u00f6\u011fretmenlerimizin can g\u00fcvenli\u011fini d\u00fc\u015f\u00fcnerek bu hafta okullar\u0131m\u0131z\u0131 tatil etme karar\u0131 ald\u0131k. Vatanda\u015flar\u0131m\u0131z\u0131n talep etmesi halinde okul yurtlar\u0131m\u0131z vatanda\u015flar\u0131m\u0131z\u0131n hizmetinde olacakt\u0131r\u201d payla\u015f\u0131m\u0131 yapt\u0131.<\/span><\/p>\n<p><span style=\"font-family: arial, helvetica, sans-serif; font-size: 14px;\">Gaziantep \u0130slam Bilim Ve Teknoloji \u00dcniversitesi Rekt\u00f6r\u00fc Prof. Dr. Nihat Hatipo\u011flu da sosyal medya hesab\u0131ndan \u00a0\u00fcniversitenin sosyal tesislerinin depremzedeler i\u00e7in a\u00e7\u0131k oldu\u011funu s\u00f6yleyerek \u201cKapal\u0131 Spor Salonu Gazianteplileri misafir etmeye haz\u0131r. Kamp\u00fcs\u00fcm\u00fcz de arabas\u0131yla geleceklere a\u00e7\u0131kt\u0131r\u201d dedi.<\/span><\/p>\n<\/div>\n<div class=\"news-more-tags\"><\/div>\n","protected":false},"excerpt":{"rendered":"<p>Milli E\u011fitim Bakan\u0131 Mahmut \u00d6zer, Kahramanmara\u015f merkezli 7,4 depreme ili\u015fkin olarak, \u201cKahramanmara\u015f, Hatay, Ad\u0131yaman ve Malatya illerimizde bug\u00fcn itibar\u0131yla e\u011fitim<\/p>\n","protected":false},"author":3,"featured_media":6719,"comment_status":"open","ping_status":"open","sticky":false,"template":"","format":"standard","meta":{"colormag_page_container_layout":"default_layout","colormag_page_sidebar_layout":"default_layout","footnotes":""},"categories":[1,5],"tags":[],"class_list":["post-6718","post","type-post","status-publish","format-standard","has-post-thumbnail","hentry","category-genel","category-gundem"],"_links":{"self":[{"href":"https:\/\/marmarayerelhizmet.com\/index.php\/wp-json\/wp\/v2\/posts\/6718","targetHints":{"allow":["GET"]}}],"collection":[{"href":"https:\/\/marmarayerelhizmet.com\/index.php\/wp-json\/wp\/v2\/posts"}],"about":[{"href":"https:\/\/marmarayerelhizmet.com\/index.php\/wp-json\/wp\/v2\/types\/post"}],"author":[{"embeddable":true,"href":"https:\/\/marmarayerelhizmet.com\/index.php\/wp-json\/wp\/v2\/users\/3"}],"replies":[{"embeddable":true,"href":"https:\/\/marmarayerelhizmet.com\/index.php\/wp-json\/wp\/v2\/comments?post=6718"}],"version-history":[{"count":0,"href":"https:\/\/marmarayerelhizmet.com\/index.php\/wp-json\/wp\/v2\/posts\/6718\/revisions"}],"wp:featuredmedia":[{"embeddable":true,"href":"https:\/\/marmarayerelhizmet.com\/index.php\/wp-json\/wp\/v2\/media\/6719"}],"wp:attachment":[{"href":"https:\/\/marmarayerelhizmet.com\/index.php\/wp-json\/wp\/v2\/media?parent=6718"}],"wp:term":[{"taxonomy":"category","embeddable":true,"href":"https:\/\/marmarayerelhizmet.com\/index.php\/wp-json\/wp\/v2\/categories?post=6718"},{"taxonomy":"post_tag","embeddable":true,"href":"https:\/\/marmarayerelhizmet.com\/index.php\/wp-json\/wp\/v2\/tags?post=6718"}],"curies":[{"name":"wp","href":"https:\/\/api.w.org\/{rel}","templated":true}]}}