{"id":6250,"date":"2023-01-16T20:05:31","date_gmt":"2023-01-16T17:05:31","guid":{"rendered":"https:\/\/marmarayerelhizmet.com\/?p=6250"},"modified":"2023-02-19T22:11:25","modified_gmt":"2023-02-19T19:11:25","slug":"miniklerde-kupa-heyecani","status":"publish","type":"post","link":"https:\/\/marmarayerelhizmet.com\/index.php\/2023\/01\/16\/miniklerde-kupa-heyecani\/","title":{"rendered":"Miniklerde Kupa Heyecan\u0131"},"content":{"rendered":"<p style=\"font-weight: 400;\"><img decoding=\"async\" class=\"wp-image-6255 aligncenter\" src=\"https:\/\/marmarayerelhizmet.com\/wp-content\/uploads\/2023\/01\/AVCI-300x200.jpg\" alt=\"\" width=\"692\" height=\"461\" srcset=\"https:\/\/marmarayerelhizmet.com\/wp-content\/uploads\/2023\/01\/AVCI-300x200.jpg 300w, https:\/\/marmarayerelhizmet.com\/wp-content\/uploads\/2023\/01\/AVCI-1024x683.jpg 1024w, https:\/\/marmarayerelhizmet.com\/wp-content\/uploads\/2023\/01\/AVCI-768x512.jpg 768w, https:\/\/marmarayerelhizmet.com\/wp-content\/uploads\/2023\/01\/AVCI-1536x1025.jpg 1536w, https:\/\/marmarayerelhizmet.com\/wp-content\/uploads\/2023\/01\/AVCI-2048x1366.jpg 2048w\" sizes=\"(max-width: 692px) 100vw, 692px\" \/><strong><span style=\"font-size: 14px; font-family: arial, helvetica, sans-serif;\">Bal\u0131kesir B\u00fcy\u00fck\u015fehir Belediyesi taraf\u0131ndan 20 il\u00e7e ve k\u0131rsal mahallelerdeki kat\u0131l\u0131mc\u0131lar ile kurulan Mahalle Ligi Turnuvas\u0131\u2019n\u0131n Alt\u0131eyl\u00fcl \u00f6d\u00fcl t\u00f6reni ger\u00e7ekle\u015fti. \u00d6d\u00fcl t\u00f6renine Alt\u0131eyl\u00fcl Kaymakam\u0131 Turgay Hakan Bilgin, Alt\u0131eyl\u00fcl Belediye Ba\u015fkan\u0131 Hasan Avc\u0131, B\u00fcy\u00fck\u015fehir Belediyesi Gen\u00e7lik ve Spor Hizmetleri Daire Ba\u015fkan\u0131 Yahya Akduman, Alt\u0131eyl\u00fcl Gen\u00e7lik ve Spor M\u00fcd\u00fcr\u00fc Ahmet Akan, protokol \u00fcyeleri ve tak\u0131m taraftarlar\u0131 kat\u0131ld\u0131.<\/span><\/strong><\/p>\n<p style=\"font-weight: 400;\"><span style=\"font-size: 14px; font-family: arial, helvetica, sans-serif;\">\u00d6d\u00fcl t\u00f6reninde konu\u015fan Alt\u0131eyl\u00fcl Belediye Ba\u015fkan\u0131 Hasan Avc\u0131, Alt\u0131eyl\u00fcl Belediyesi olarak gen\u00e7li\u011fe ve spora b\u00fcy\u00fck \u00f6nem verdiklerini s\u00f6yleyerek, Alt\u0131eyl\u00fcl finallerinden il finallerine y\u00fckselen tak\u0131mlar\u0131 il finallerinde ba\u015far\u0131l\u0131 olmalar\u0131 halinde Alt\u0131eyl\u00fcl Belediyesi olarak ayr\u0131ca \u00f6d\u00fcllendireceklerini belirtti. Ba\u015fkan Avc\u0131: Bizler gen\u00e7lerimizin spor yapmas\u0131n\u0131, k\u00f6t\u00fc al\u0131\u015fkanl\u0131klardan uzak durarak enerjilerini e\u011fitimlerine ve spora vermelerini istiyor, bu ama\u00e7la onlar i\u00e7in bir\u00e7ok proje ve \u00e7al\u0131\u015fmay\u0131 hayata ge\u00e7iriyoruz. Onlar bizim gelece\u011fimiz, zaman\u0131 geldi\u011finde g\u00fczel \u00fclkemizi onlara emanet edece\u011fiz. Bizler onlara g\u00fcveniyor ve her zaman gen\u00e7lerimizin yan\u0131nda olarak destek olmaya devam ediyoruz. Buradan Valili\u011fimiz, B\u00fcy\u00fck\u015fehir Belediyemiz, Gen\u00e7lik ve Spor M\u00fcd\u00fcrl\u00fc\u011f\u00fcm\u00fcze ve eme\u011fi ge\u00e7en herkese te\u015fekk\u00fcr ediyor, dereceye giren, m\u00fccadele eden t\u00fcm tak\u0131mlar\u0131 kutluyor, daha nice ba\u015far\u0131lar diliyorum. Dedi.<\/span><\/p>\n<p style=\"font-weight: 400;\"><span style=\"font-size: 14px; font-family: arial, helvetica, sans-serif;\">\u00d6d\u00fcl t\u00f6reninde konu\u015fan Alt\u0131eyl\u00fcl Kaymakam\u0131 Turgay Hakan Bilgin, \u201cBen buradan Valili\u011fimize, B\u00fcy\u00fck\u015fehir Belediyemize, Alt\u0131eyl\u00fcl Belediyemize, Gen\u00e7lik ve Spor M\u00fcd\u00fcrl\u00fc\u011f\u00fcm\u00fcze b\u00f6yle anlaml\u0131 ve de\u011ferli bir projeyi ba\u015flatt\u0131klar\u0131 i\u00e7in \u00e7ok te\u015fekk\u00fcr ediyorum. Gen\u00e7lerimizin sa\u011fl\u0131kl\u0131 bireyler olarak yeti\u015fmeleri ad\u0131na bu \u00f6rnek projede eme\u011fi ge\u00e7en herkese \u00e7ok te\u015fekk\u00fcr ediyor, kat\u0131lan, dereceye giren t\u00fcm tak\u0131mlar\u0131 tebrik ediyorum. Dedi.<\/span><\/p>\n<p style=\"font-weight: 400;\"><span style=\"font-size: 14px; font-family: arial, helvetica, sans-serif;\">Kupa t\u00f6reni dereceye giren ve \u015fampiyon olan tak\u0131mlar\u0131n kupalar\u0131n\u0131 almas\u0131yla\u00a0sona\u00a0erdi.<\/span><\/p>\n","protected":false},"excerpt":{"rendered":"<p>Bal\u0131kesir B\u00fcy\u00fck\u015fehir Belediyesi taraf\u0131ndan 20 il\u00e7e ve k\u0131rsal mahallelerdeki kat\u0131l\u0131mc\u0131lar ile kurulan Mahalle Ligi Turnuvas\u0131\u2019n\u0131n Alt\u0131eyl\u00fcl \u00f6d\u00fcl t\u00f6reni ger\u00e7ekle\u015fti. \u00d6d\u00fcl<\/p>\n","protected":false},"author":2,"featured_media":6253,"comment_status":"open","ping_status":"closed","sticky":false,"template":"","format":"standard","meta":{"colormag_page_container_layout":"default_layout","colormag_page_sidebar_layout":"default_layout","footnotes":""},"categories":[1,5,6,9],"tags":[],"class_list":["post-6250","post","type-post","status-publish","format-standard","has-post-thumbnail","hentry","category-genel","category-gundem","category-kultur-sanat","category-spor"],"_links":{"self":[{"href":"https:\/\/marmarayerelhizmet.com\/index.php\/wp-json\/wp\/v2\/posts\/6250","targetHints":{"allow":["GET"]}}],"collection":[{"href":"https:\/\/marmarayerelhizmet.com\/index.php\/wp-json\/wp\/v2\/posts"}],"about":[{"href":"https:\/\/marmarayerelhizmet.com\/index.php\/wp-json\/wp\/v2\/types\/post"}],"author":[{"embeddable":true,"href":"https:\/\/marmarayerelhizmet.com\/index.php\/wp-json\/wp\/v2\/users\/2"}],"replies":[{"embeddable":true,"href":"https:\/\/marmarayerelhizmet.com\/index.php\/wp-json\/wp\/v2\/comments?post=6250"}],"version-history":[{"count":0,"href":"https:\/\/marmarayerelhizmet.com\/index.php\/wp-json\/wp\/v2\/posts\/6250\/revisions"}],"wp:featuredmedia":[{"embeddable":true,"href":"https:\/\/marmarayerelhizmet.com\/index.php\/wp-json\/wp\/v2\/media\/6253"}],"wp:attachment":[{"href":"https:\/\/marmarayerelhizmet.com\/index.php\/wp-json\/wp\/v2\/media?parent=6250"}],"wp:term":[{"taxonomy":"category","embeddable":true,"href":"https:\/\/marmarayerelhizmet.com\/index.php\/wp-json\/wp\/v2\/categories?post=6250"},{"taxonomy":"post_tag","embeddable":true,"href":"https:\/\/marmarayerelhizmet.com\/index.php\/wp-json\/wp\/v2\/tags?post=6250"}],"curies":[{"name":"wp","href":"https:\/\/api.w.org\/{rel}","templated":true}]}}